{"id":15401,"date":"2025-07-13T12:00:16","date_gmt":"2025-07-13T10:00:16","guid":{"rendered":"https:\/\/cortomaltese.com\/fr\/?p=15401"},"modified":"2025-07-13T12:44:16","modified_gmt":"2025-07-13T10:44:16","slug":"corto-maltese-debarque-a-senigallia-avec-une-installation-urbaine","status":"publish","type":"post","link":"https:\/\/cortomaltese.com\/fr\/corto-maltese-debarque-a-senigallia-avec-une-installation-urbaine\/","title":{"rendered":"&#8220;Le port raconte Corto en 100 blocs&#8221;: \u00c0 partir du 9 juillet, Senigallia rend hommage \u00e0 Hugo Pratt et Corto Maltese avec une installation permanente"},"content":{"rendered":"<p><div class=\"fusion-fullwidth fullwidth-box fusion-builder-row-1 nonhundred-percent-fullwidth non-hundred-percent-height-scrolling\" style=\"--awb-border-radius-top-left:0px;--awb-border-radius-top-right:0px;--awb-border-radius-bottom-right:0px;--awb-border-radius-bottom-left:0px;--awb-flex-wrap:wrap;\" ><div class=\"fusion-builder-row fusion-row\"><div class=\"fusion-layout-column fusion_builder_column fusion-builder-column-0 fusion_builder_column_1_1 1_1 fusion-one-full fusion-column-first fusion-column-last\" style=\"--awb-bg-size:cover;\"><div class=\"fusion-column-wrapper fusion-column-has-shadow fusion-flex-column-wrapper-legacy\"><div class=\"fusion-text fusion-text-1\"><div class=\"elementor-element elementor-element-c6e091b elementor-widget elementor-widget-heading\" data-id=\"c6e091b\" data-element_type=\"widget\" data-widget_type=\"heading.default\">\n<div class=\"elementor-widget-container\">\n<h1 class=\"p1\"><b>\u00ab Le port raconte Corto en 100 <\/b><span class=\"s1\"><b>blocs \u00bb: <\/b><\/span>\u00c0 partir du 9 juillet, Senigallia rend hommage \u00e0 Hugo Pratt et Corto Maltese avec une installation permanente sur le Molo di Levante, 100 illustrations pour raconter l&#8217;aventure.<\/h1>\n<\/div>\n<\/div>\n<div class=\"fusion-sep-clear\"><\/div><div class=\"fusion-separator fusion-clearfix\" style=\"float:left;margin-top:20px;margin-bottom:0px;width:100%;max-width:40%;\"><div class=\"fusion-separator-border sep-single sep-solid\" style=\"--awb-height:20px;--awb-amount:20px;--awb-sep-color:#ffffff;border-color:#00000;border-top-width:4px;\"><\/div><\/div><div class=\"fusion-sep-clear\"><\/div>\n<\/div><div class=\"fusion-sep-clear\"><\/div><div class=\"fusion-separator fusion-full-width-sep\" style=\"margin-left: auto;margin-right: auto;width:100%;\"><\/div><div class=\"fusion-sep-clear\"><\/div><div class=\"fusion-clearfix\"><\/div><\/div><\/div><\/div><\/div><div class=\"fusion-fullwidth fullwidth-box fusion-builder-row-2 fusion-flex-container has-pattern-background has-mask-background nonhundred-percent-fullwidth non-hundred-percent-height-scrolling\" style=\"--awb-border-radius-top-left:0px;--awb-border-radius-top-right:0px;--awb-border-radius-bottom-right:0px;--awb-border-radius-bottom-left:0px;--awb-flex-wrap:wrap;\" ><div class=\"fusion-builder-row fusion-row fusion-flex-align-items-flex-start fusion-flex-content-wrap\" style=\"max-width:1144px;margin-left: calc(-4% \/ 2 );margin-right: calc(-4% \/ 2 );\"><div class=\"fusion-layout-column fusion_builder_column fusion-builder-column-1 fusion_builder_column_1_1 1_1 fusion-flex-column\" style=\"--awb-bg-size:cover;--awb-width-large:100%;--awb-margin-top-large:0px;--awb-spacing-right-large:1.92%;--awb-margin-bottom-large:20px;--awb-spacing-left-large:1.92%;--awb-width-medium:100%;--awb-order-medium:0;--awb-spacing-right-medium:1.92%;--awb-spacing-left-medium:1.92%;--awb-width-small:100%;--awb-order-small:0;--awb-spacing-right-small:1.92%;--awb-spacing-left-small:1.92%;\"><div class=\"fusion-column-wrapper fusion-column-has-shadow fusion-flex-justify-content-flex-start fusion-content-layout-column\"><div class=\"fusion-text fusion-text-2\"><div class=\"page\" title=\"Page 1\">\n<div class=\"section\">\n<div class=\"layoutArea\">\n<div class=\"column\">\n<div class=\"elementor-element elementor-element-18c2d1c elementor-widget elementor-widget-heading\" data-id=\"18c2d1c\" data-element_type=\"widget\" data-widget_type=\"heading.default\">\n<div class=\"elementor-widget-container\">\n<h3 class=\"p1\"><strong><span class=\"s1\">Corto Maltese d\u00e9barque \u00e0 Senigallia.<\/span><\/strong><\/h3>\n<h3 class=\"p1\"><span class=\"s1\">\u00c0 partir du 9 juillet, le Molo di Levante se transforme en un parcours \u00e0 ciel ouvert d\u00e9di\u00e9 au c\u00e9l\u00e8bre <\/span>marin cr\u00e9\u00e9 par Hugo Pratt. Le long <span class=\"s1\">des <\/span>brise-lames qui bordent l&#8217;embouchure du fleuve Misa, <b>une installation urbaine compos\u00e9e de 100 panneaux <\/b>prendra forme<b>, <\/b>chacun avec une vignette <span class=\"s2\">en <\/span>couleur tir\u00e9e de Corto Maltese en Sib\u00e9rie, l\u2019embl\u00e9matique aventure publi\u00e9e en 1974 et r\u00e9\u00e9dit\u00e9e cette ann\u00e9e dans sa version int\u00e9grale sur la revue italienne AlterLinus.<\/h3>\n<p class=\"p1\"><b>L&#8217;inauguration est pr\u00e9vue le mardi 9 juillet \u00e0 10h00, directement sur le Molo di <\/b><span class=\"s1\"><b>Levante.<\/b><\/span><\/p>\n<\/div>\n<\/div>\n<\/div>\n<\/div>\n<\/div>\n<\/div>\n<\/div><\/div><\/div><\/div><\/div><div class=\"fusion-fullwidth fullwidth-box fusion-builder-row-3 fusion-flex-container has-pattern-background has-mask-background nonhundred-percent-fullwidth non-hundred-percent-height-scrolling\" style=\"--awb-border-radius-top-left:0px;--awb-border-radius-top-right:0px;--awb-border-radius-bottom-right:0px;--awb-border-radius-bottom-left:0px;--awb-flex-wrap:wrap;\" ><div class=\"fusion-builder-row fusion-row fusion-flex-align-items-flex-start fusion-flex-content-wrap\" style=\"max-width:1144px;margin-left: calc(-4% \/ 2 );margin-right: calc(-4% \/ 2 );\"><div class=\"fusion-layout-column fusion_builder_column fusion-builder-column-2 fusion_builder_column_1_2 1_2 fusion-flex-column\" style=\"--awb-bg-size:cover;--awb-width-large:50%;--awb-margin-top-large:0px;--awb-spacing-right-large:3.84%;--awb-margin-bottom-large:20px;--awb-spacing-left-large:3.84%;--awb-width-medium:100%;--awb-order-medium:0;--awb-spacing-right-medium:1.92%;--awb-spacing-left-medium:1.92%;--awb-width-small:100%;--awb-order-small:0;--awb-spacing-right-small:1.92%;--awb-spacing-left-small:1.92%;\"><div class=\"fusion-column-wrapper fusion-column-has-shadow fusion-flex-justify-content-flex-start fusion-content-layout-column\"><div class=\"fusion-image-element \" style=\"text-align:center;--awb-caption-title-font-family:var(--h2_typography-font-family);--awb-caption-title-font-weight:var(--h2_typography-font-weight);--awb-caption-title-font-style:var(--h2_typography-font-style);--awb-caption-title-size:var(--h2_typography-font-size);--awb-caption-title-transform:var(--h2_typography-text-transform);--awb-caption-title-line-height:var(--h2_typography-line-height);--awb-caption-title-letter-spacing:var(--h2_typography-letter-spacing);\"><span class=\" fusion-imageframe imageframe-none imageframe-1 hover-type-none\"><img decoding=\"async\" width=\"300\" height=\"375\" alt=\"Corto Maltese Senigallia\" title=\"CortoMaltese_Senigallia_FR\" src=\"https:\/\/cortomaltese.com\/fr\/wp-content\/uploads\/sites\/3\/CortoMaltese_Senigallia_FR-300x375.jpg\" class=\"img-responsive wp-image-15413\" srcset=\"https:\/\/cortomaltese.com\/fr\/wp-content\/uploads\/sites\/3\/CortoMaltese_Senigallia_FR-200x250.jpg 200w, https:\/\/cortomaltese.com\/fr\/wp-content\/uploads\/sites\/3\/CortoMaltese_Senigallia_FR-400x500.jpg 400w, https:\/\/cortomaltese.com\/fr\/wp-content\/uploads\/sites\/3\/CortoMaltese_Senigallia_FR-600x750.jpg 600w, https:\/\/cortomaltese.com\/fr\/wp-content\/uploads\/sites\/3\/CortoMaltese_Senigallia_FR-800x1000.jpg 800w, https:\/\/cortomaltese.com\/fr\/wp-content\/uploads\/sites\/3\/CortoMaltese_Senigallia_FR.jpg 1080w\" sizes=\"(max-width: 1024px) 100vw, (max-width: 640px) 100vw, 600px\" \/><\/span><\/div><div class=\"fusion-separator fusion-full-width-sep\" style=\"align-self: center;margin-left: auto;margin-right: auto;margin-top:10px;margin-bottom:10px;width:100%;\"><\/div><div class=\"fusion-text fusion-text-3\"><h5 class=\"p1\">Le projet, qui associe l\u2019am\u00e9nagement urbain du port, l&#8217;exposition et le prix <b>Hugo Pratt Comics Awards<\/b>, est n\u00e9 d&#8217;une id\u00e9e de Giorgio Amadei, fondateur de l&#8217;association culturelle <i>I Gabbiani di Hugo<\/i>, et de Patrizia Zanotti, Managing Director de Cong SA, soci\u00e9t\u00e9 qui g\u00e8re les droits de l&#8217;\u0153uvre de Hugo Pratt.<\/h5>\n<h5 class=\"p2\"><span class=\"s1\">La municipalit\u00e9 de Senigallia, avec le maire Massimo Olivetti et la directrice Elisabetta D&#8217;Amico, a accueilli <\/span>et soutenu avec enthousiasme l&#8217;ensemble de l&#8217;initiative.<\/h5>\n<h5 class=\"p1\">L\u2019int\u00e9gralit\u00e9 de l&#8217;initiative consacr\u00e9e \u00e0 Hugo Pratt, qui b\u00e9n\u00e9ficie du parrainage de la r\u00e9gion des Marches et de <span class=\"s1\">la Capitaneria di Porto, est r\u00e9alis\u00e9e en collaboration avec Rizzoli Lizard, Favini et Piko Print.<\/span><\/h5>\n<\/div><div class=\"fusion-separator fusion-full-width-sep\" style=\"align-self: center;margin-left: auto;margin-right: auto;margin-top:20px;margin-bottom:20px;width:100%;\"><\/div><\/div><\/div><div class=\"fusion-layout-column fusion_builder_column fusion-builder-column-3 fusion_builder_column_1_2 1_2 fusion-flex-column\" style=\"--awb-bg-size:cover;--awb-width-large:50%;--awb-margin-top-large:0px;--awb-spacing-right-large:3.84%;--awb-margin-bottom-large:20px;--awb-spacing-left-large:3.84%;--awb-width-medium:100%;--awb-order-medium:0;--awb-spacing-right-medium:1.92%;--awb-spacing-left-medium:1.92%;--awb-width-small:100%;--awb-order-small:0;--awb-spacing-right-small:1.92%;--awb-spacing-left-small:1.92%;\"><div class=\"fusion-column-wrapper fusion-column-has-shadow fusion-flex-justify-content-flex-start fusion-content-layout-column\"><div class=\"fusion-text fusion-text-4\"><div class=\"elementor-element elementor-element-0284684 elementor-widget elementor-widget-text-editor\" data-id=\"0284684\" data-element_type=\"widget\" data-widget_type=\"text-editor.default\">\n<div class=\"elementor-widget-container\">\n<div class=\"page\" title=\"Page 7\">\n<div class=\"section\">\n<div class=\"layoutArea\">\n<div class=\"column\">\n<p class=\"p1\">Les blocs de b\u00e9ton ont \u00e9t\u00e9 restaur\u00e9s et repeints en blanc ; des panneaux <span class=\"s1\">en <\/span>aluminium composite longue dur\u00e9e y ont \u00e9t\u00e9 fix\u00e9s dessus, cr\u00e9ant ainsi une v\u00e9ritable <b>galerie \u00e0 ciel ouvert<\/b><span class=\"s2\">.<\/span>En se promenant le long du quai, il sera possible de revivre toute une partie de l&#8217;aventure qui s&#8217;est d\u00e9roul\u00e9e en 1920 entre Hong Kong, la Mandchourie et la Sib\u00e9rie, entre des trains charg\u00e9s de l&#8217;or des tsars, espions, r\u00e9volutionnaires et l&#8217;incontournable Raspoutine.<\/p>\n<p class=\"p1\">L&#8217;installation annonce deux rendez-vous importants qui, en octobre, transformeront Senigallia en un lieu incontournable de la bande dessin\u00e9e :<\/p>\n<ul>\n<li class=\"p3\">Du<b> 1er octobre au 30 novembre<\/b>, dans les souterrains suggestifs de <b>la Rocca Roveresca<\/b>, une exposition consacr\u00e9e \u00e0 Hugo Pratt : <b>\u00ab<\/b> <b>Dalla leggendaria libreria di Pratt alle fantastiche avventure di Corto\u00bb, <\/b>en parall\u00e8le avec l&#8217;exposition des \u0153uvres finalistes des \u00e9l\u00e8ves des \u00c9coles <span class=\"s2\">europ\u00e9ennes <\/span>de bande dessin\u00e9e<span class=\"s2\">.<\/span><\/li>\n<li>Le<b> 25 octobre<\/b>, remise des prix <b>Hugo Pratt Comics Awards<\/b>, dont plus de 40 \u00e9coles europ\u00e9ennes ont particip\u00e9.<\/li>\n<\/ul>\n<p class=\"p1\">\n<\/div>\n<\/div>\n<\/div>\n<\/div>\n<\/div>\n<\/div>\n<\/div><div class=\"fusion-separator fusion-full-width-sep\" style=\"align-self: center;margin-left: auto;margin-right: auto;margin-top:20px;margin-bottom:20px;width:100%;\"><\/div><div class=\"fusion-text fusion-text-5\"><h5>Si vous le souhaitez, vous pouvez suivre toutes les mises \u00e0 jour des prix sur notre nouveau compte instagram <a href=\"https:\/\/www.instagram.com\/hugoprattcomicsawards\/\">HugoPrattComicsAwards<\/a>.<\/h5>\n<\/div><\/div><\/div><\/div><\/div><div class=\"fusion-fullwidth fullwidth-box fusion-builder-row-4 fusion-flex-container has-pattern-background has-mask-background nonhundred-percent-fullwidth non-hundred-percent-height-scrolling\" style=\"--awb-border-radius-top-left:0px;--awb-border-radius-top-right:0px;--awb-border-radius-bottom-right:0px;--awb-border-radius-bottom-left:0px;--awb-flex-wrap:wrap;\" ><div class=\"fusion-builder-row fusion-row fusion-flex-align-items-flex-start fusion-flex-content-wrap\" style=\"max-width:1144px;margin-left: calc(-4% \/ 2 );margin-right: calc(-4% \/ 2 );\"><div class=\"fusion-layout-column fusion_builder_column fusion-builder-column-4 fusion_builder_column_1_1 1_1 fusion-flex-column\" style=\"--awb-bg-size:cover;--awb-width-large:100%;--awb-margin-top-large:0px;--awb-spacing-right-large:1.92%;--awb-margin-bottom-large:20px;--awb-spacing-left-large:1.92%;--awb-width-medium:100%;--awb-order-medium:0;--awb-spacing-right-medium:1.92%;--awb-spacing-left-medium:1.92%;--awb-width-small:100%;--awb-order-small:0;--awb-spacing-right-small:1.92%;--awb-spacing-left-small:1.92%;\"><div class=\"fusion-column-wrapper fusion-column-has-shadow fusion-flex-justify-content-flex-start fusion-content-layout-column\"><div class=\"fusion-separator fusion-full-width-sep\" style=\"align-self: center;margin-left: auto;margin-right: auto;width:100%;\"><div class=\"fusion-separator-border sep-single sep-solid\" style=\"--awb-height:20px;--awb-amount:20px;--awb-sep-color:#848383;border-color:#848383;border-top-width:1px;\"><\/div><\/div><div class=\"fusion-title title fusion-title-1 fusion-title-text fusion-title-size-one\"><div class=\"title-sep-container title-sep-container-left fusion-no-large-visibility fusion-no-medium-visibility fusion-no-small-visibility\"><div class=\"title-sep sep-double sep-solid\" style=\"border-color:#e0dede;\"><\/div><\/div><span class=\"awb-title-spacer fusion-no-large-visibility fusion-no-medium-visibility fusion-no-small-visibility\"><\/span><h1 class=\"fusion-title-heading title-heading-left fusion-responsive-typography-calculated\" style=\"margin:0;--fontSize:36;line-height:1.33;\"><h3>Revue de presse<\/h3><\/h1><span class=\"awb-title-spacer\"><\/span><div class=\"title-sep-container title-sep-container-right\"><div class=\"title-sep sep-double sep-solid\" style=\"border-color:#e0dede;\"><\/div><\/div><\/div><div class=\"fusion-separator fusion-full-width-sep\" style=\"align-self: center;margin-left: auto;margin-right: auto;width:100%;\"><\/div><div class=\"fusion-text fusion-text-6\"><p><strong>Corriere adriatico<\/strong>. <a href=\"https:\/\/www.corriereadriatico.it\/ancona\/senigallia_porto_galleria_cielo_aperto_106_vignette_la_storia_di_corto_maltese-8947056.html\">Il porto di Senigallia diventa una galleria a cielo aperto: in 106 vignette la storia di Corto Maltese<\/a><\/p>\n<p><strong>Collater.al<\/strong>. <a href=\"https:\/\/www.collater.al\/en\/hugo-pratt-corto-maltese-senigallia-public-installation-art\/\">Hugo Pratt\u2019s Comic Strips on the Seafront of Senigallia<\/a><\/p>\n<p><strong>Artribune<\/strong>. <a href=\"https:\/\/www.artribune.com\/arti-visive\/2025\/07\/fumetti-hugo-pratt-lungomare-senigallia\/\">I fumetti di Hugo Pratt trasformano il lungomare di Senigallia<\/a><\/p>\n<p><strong>Ansa<\/strong>. <a href=\"https:\/\/www.ansa.it\/sito\/notizie\/cultura\/arte\/2025\/07\/05\/corto-maltese-a-senigallia-il-porto-racconta-eroe-di-hugo-pratt_b636c6e8-1044-4b06-b52a-9292732bd3ca.html\">Corto Maltese a Senigallia, il porto racconta eroe di Hugo Pratt<\/a><\/p>\n<p><strong>Il resto del carlino<\/strong>.<a href=\"https:\/\/www.ilrestodelcarlino.it\/ancona\/cronaca\/corto-maltese-passeggiata-tra-i-265c2944\"> Corto Maltese, passeggiata tra i lavori di Pratt<\/a><\/p>\n<p><strong>TGCom24<\/strong>. <a href=\"https:\/\/www.tgcom24.mediaset.it\/cultura\/senigallia-rende-omaggio-a-hugo-pratt-e-a-corto-maltese_100478104-202502k.shtml\">Senigallia rende omaggio a Hugo Pratt e a Corto Maltese con un&#8217;installazione permanente<\/a><\/p>\n<p><strong>Dimensione fumetto<\/strong>. <a href=\"https:\/\/www.dimensionefumetto.it\/corto-maltese-approda-a-senigallia\/\">Corto Maltese approda a Senigallia<\/a><\/p>\n<p><strong>Lo spazio bianco.<\/strong> <a href=\"https:\/\/www.lospaziobianco.it\/il-porto-racconta-corto-in-100-blocchi-100-illustrazione-per-raccontare-corto-maltese\/\">\u201cIl porto racconta Corto in 100 blocchi\u201d: 100 illustrazioni per raccontare Corto Maltese<\/a><\/p>\n<\/div><\/div><\/div><\/div><\/div><div class=\"fusion-fullwidth fullwidth-box fusion-builder-row-5 fusion-flex-container has-pattern-background has-mask-background nonhundred-percent-fullwidth non-hundred-percent-height-scrolling\" style=\"--awb-border-radius-top-left:0px;--awb-border-radius-top-right:0px;--awb-border-radius-bottom-right:0px;--awb-border-radius-bottom-left:0px;--awb-flex-wrap:wrap;\" ><div class=\"fusion-builder-row fusion-row fusion-flex-align-items-flex-start fusion-flex-content-wrap\" style=\"max-width:1144px;margin-left: calc(-4% \/ 2 );margin-right: calc(-4% \/ 2 );\"><div class=\"fusion-layout-column fusion_builder_column fusion-builder-column-5 fusion_builder_column_1_1 1_1 fusion-flex-column\" style=\"--awb-bg-size:cover;--awb-width-large:100%;--awb-margin-top-large:0px;--awb-spacing-right-large:1.92%;--awb-margin-bottom-large:20px;--awb-spacing-left-large:1.92%;--awb-width-medium:100%;--awb-order-medium:0;--awb-spacing-right-medium:1.92%;--awb-spacing-left-medium:1.92%;--awb-width-small:100%;--awb-order-small:0;--awb-spacing-right-small:1.92%;--awb-spacing-left-small:1.92%;\"><div class=\"fusion-column-wrapper fusion-column-has-shadow fusion-flex-justify-content-flex-start fusion-content-layout-column\"><div class=\"fusion-separator fusion-full-width-sep\" style=\"align-self: center;margin-left: auto;margin-right: auto;width:100%;\"><div class=\"fusion-separator-border sep-single sep-solid\" style=\"--awb-height:20px;--awb-amount:20px;--awb-sep-color:#848383;border-color:#848383;border-top-width:1px;\"><\/div><\/div><\/div><\/div><\/div><\/div><div class=\"fusion-fullwidth fullwidth-box fusion-builder-row-6 nonhundred-percent-fullwidth non-hundred-percent-height-scrolling\" style=\"--awb-border-radius-top-left:0px;--awb-border-radius-top-right:0px;--awb-border-radius-bottom-right:0px;--awb-border-radius-bottom-left:0px;--awb-flex-wrap:wrap;\" ><div class=\"fusion-builder-row fusion-row\"><div class=\"fusion-layout-column fusion_builder_column fusion-builder-column-6 fusion_builder_column_1_1 1_1 fusion-one-full fusion-column-first fusion-column-last\" style=\"--awb-bg-size:cover;\"><div class=\"fusion-column-wrapper fusion-column-has-shadow fusion-flex-column-wrapper-legacy\"><div class=\"fusion-text fusion-text-7\"><div class=\"elementor-element elementor-element-47e727b elementor-widget elementor-widget-text-editor\" data-id=\"47e727b\" data-element_type=\"widget\" data-widget_type=\"text-editor.default\">\n<div class=\"elementor-widget-container\">\n<p><strong>quelques images de l&#8217;installation urbaine au port oriental de Senigallia<\/strong><\/p>\n<\/div>\n<\/div>\n<div class=\"elementor-element elementor-element-da311b9 elementor-widget elementor-widget-gallery\" data-id=\"da311b9\" data-element_type=\"widget\" data-settings=\"{\" data-widget_type=\"gallery.default\">\n<div class=\"elementor-widget-container\">\n<div class=\"elementor-gallery__container e-gallery-container e-gallery-masonry e-gallery--ltr e-gallery--lazyload\"><\/div>\n<\/div>\n<\/div>\n<\/div><div class=\"fusion-sep-clear\"><\/div><div class=\"fusion-separator fusion-full-width-sep\" style=\"margin-left: auto;margin-right: auto;margin-top:20px;margin-bottom:20px;width:100%;\"><\/div><div class=\"fusion-sep-clear\"><\/div><div class=\"awb-gallery-wrapper awb-gallery-wrapper-1 button-span-no\" style=\"--more-btn-alignment:center;\"><div style=\"margin:-5px;--awb-bordersize:0px;\" class=\"fusion-gallery fusion-gallery-container fusion-grid-3 fusion-columns-total-9 fusion-gallery-layout-masonry fusion-gallery-1\"><div class=\"fusion-grid-column fusion-gallery-column fusion-gallery-column-3 hover-type-none fusion-grid-sizer\"><\/div><div style=\"padding:5px;\" class=\"fusion-grid-column fusion-gallery-column fusion-gallery-column-3 hover-type-none fusion-element-grid\"><div class=\"fusion-gallery-image\"><a href=\"https:\/\/cortomaltese.com\/fr\/wp-content\/uploads\/sites\/3\/CortoMaltese_Senigallia1.jpeg\" rel=\"noreferrer\" data-rel=\"iLightbox[gallery_image_1]\" class=\"fusion-lightbox\" target=\"_self\"><div style=\"background-image:url(https:\/\/cortomaltese.com\/fr\/wp-content\/uploads\/sites\/3\/CortoMaltese_Senigallia1.jpeg);padding-top:calc((100% + 10px) * 0.8 - 5px);background-position:;\" class=\"fusion-masonry-element-container\"><img decoding=\"async\" src=\"https:\/\/cortomaltese.com\/fr\/wp-content\/uploads\/sites\/3\/CortoMaltese_Senigallia1.jpeg\" width=\"1280\" height=\"960\" alt=\"\" title=\"CortoMaltese_Senigallia1\" aria-label=\"CortoMaltese_Senigallia1\" class=\"img-responsive wp-image-15404\" srcset=\"https:\/\/cortomaltese.com\/fr\/wp-content\/uploads\/sites\/3\/CortoMaltese_Senigallia1-200x150.jpeg 200w, https:\/\/cortomaltese.com\/fr\/wp-content\/uploads\/sites\/3\/CortoMaltese_Senigallia1-400x300.jpeg 400w, https:\/\/cortomaltese.com\/fr\/wp-content\/uploads\/sites\/3\/CortoMaltese_Senigallia1-600x450.jpeg 600w, https:\/\/cortomaltese.com\/fr\/wp-content\/uploads\/sites\/3\/CortoMaltese_Senigallia1-800x600.jpeg 800w, https:\/\/cortomaltese.com\/fr\/wp-content\/uploads\/sites\/3\/CortoMaltese_Senigallia1-1200x900.jpeg 1200w, https:\/\/cortomaltese.com\/fr\/wp-content\/uploads\/sites\/3\/CortoMaltese_Senigallia1.jpeg 1280w\" sizes=\"(min-width: 2200px) 100vw, (min-width: 824px) 363px, (min-width: 732px) 545px, (min-width: 640px) 732px, \" \/><\/div><\/a><\/div><\/div><div style=\"padding:5px;\" class=\"fusion-grid-column fusion-gallery-column fusion-gallery-column-3 hover-type-none fusion-element-portrait\"><div class=\"fusion-gallery-image\"><a href=\"https:\/\/cortomaltese.com\/fr\/wp-content\/uploads\/sites\/3\/CortoMaltese_Senigallia2.jpeg\" rel=\"noreferrer\" data-rel=\"iLightbox[gallery_image_1]\" class=\"fusion-lightbox\" target=\"_self\"><div style=\"background-image:url(https:\/\/cortomaltese.com\/fr\/wp-content\/uploads\/sites\/3\/CortoMaltese_Senigallia2.jpeg);padding-top:calc((100% + 10px) * 1.6);background-position:;\" class=\"fusion-masonry-element-container\"><img decoding=\"async\" src=\"https:\/\/cortomaltese.com\/fr\/wp-content\/uploads\/sites\/3\/CortoMaltese_Senigallia2.jpeg\" width=\"960\" height=\"1280\" alt=\"\" title=\"CortoMaltese_Senigallia2\" aria-label=\"CortoMaltese_Senigallia2\" class=\"img-responsive wp-image-15405\" srcset=\"https:\/\/cortomaltese.com\/fr\/wp-content\/uploads\/sites\/3\/CortoMaltese_Senigallia2-200x267.jpeg 200w, https:\/\/cortomaltese.com\/fr\/wp-content\/uploads\/sites\/3\/CortoMaltese_Senigallia2-400x533.jpeg 400w, https:\/\/cortomaltese.com\/fr\/wp-content\/uploads\/sites\/3\/CortoMaltese_Senigallia2-600x800.jpeg 600w, https:\/\/cortomaltese.com\/fr\/wp-content\/uploads\/sites\/3\/CortoMaltese_Senigallia2-800x1067.jpeg 800w, https:\/\/cortomaltese.com\/fr\/wp-content\/uploads\/sites\/3\/CortoMaltese_Senigallia2.jpeg 960w\" sizes=\"(min-width: 2200px) 100vw, (min-width: 824px) 363px, (min-width: 732px) 545px, (min-width: 640px) 732px, \" \/><\/div><\/a><\/div><\/div><div style=\"padding:5px;\" class=\"fusion-grid-column fusion-gallery-column fusion-gallery-column-3 hover-type-none fusion-element-grid\"><div class=\"fusion-gallery-image\"><a href=\"https:\/\/cortomaltese.com\/fr\/wp-content\/uploads\/sites\/3\/CortoMaltese_Senigallia3.jpeg\" rel=\"noreferrer\" data-rel=\"iLightbox[gallery_image_1]\" class=\"fusion-lightbox\" target=\"_self\"><div style=\"background-image:url(https:\/\/cortomaltese.com\/fr\/wp-content\/uploads\/sites\/3\/CortoMaltese_Senigallia3.jpeg);padding-top:calc((100% + 10px) * 0.8 - 5px);background-position:;\" class=\"fusion-masonry-element-container\"><img decoding=\"async\" src=\"https:\/\/cortomaltese.com\/fr\/wp-content\/uploads\/sites\/3\/CortoMaltese_Senigallia3.jpeg\" width=\"1280\" height=\"960\" alt=\"\" title=\"CortoMaltese_Senigallia3\" aria-label=\"CortoMaltese_Senigallia3\" class=\"img-responsive wp-image-15406\" srcset=\"https:\/\/cortomaltese.com\/fr\/wp-content\/uploads\/sites\/3\/CortoMaltese_Senigallia3-200x150.jpeg 200w, https:\/\/cortomaltese.com\/fr\/wp-content\/uploads\/sites\/3\/CortoMaltese_Senigallia3-400x300.jpeg 400w, https:\/\/cortomaltese.com\/fr\/wp-content\/uploads\/sites\/3\/CortoMaltese_Senigallia3-600x450.jpeg 600w, https:\/\/cortomaltese.com\/fr\/wp-content\/uploads\/sites\/3\/CortoMaltese_Senigallia3-800x600.jpeg 800w, https:\/\/cortomaltese.com\/fr\/wp-content\/uploads\/sites\/3\/CortoMaltese_Senigallia3-1200x900.jpeg 1200w, https:\/\/cortomaltese.com\/fr\/wp-content\/uploads\/sites\/3\/CortoMaltese_Senigallia3.jpeg 1280w\" sizes=\"(min-width: 2200px) 100vw, (min-width: 824px) 363px, (min-width: 732px) 545px, (min-width: 640px) 732px, \" \/><\/div><\/a><\/div><\/div><div style=\"padding:5px;\" class=\"fusion-grid-column fusion-gallery-column fusion-gallery-column-3 hover-type-none fusion-element-grid\"><div class=\"fusion-gallery-image\"><a href=\"https:\/\/cortomaltese.com\/fr\/wp-content\/uploads\/sites\/3\/CortoMaltese_Senigallia4.jpeg\" rel=\"noreferrer\" data-rel=\"iLightbox[gallery_image_1]\" class=\"fusion-lightbox\" target=\"_self\"><div style=\"background-image:url(https:\/\/cortomaltese.com\/fr\/wp-content\/uploads\/sites\/3\/CortoMaltese_Senigallia4.jpeg);padding-top:calc((100% + 10px) * 0.8 - 5px);background-position:;\" class=\"fusion-masonry-element-container\"><img decoding=\"async\" src=\"https:\/\/cortomaltese.com\/fr\/wp-content\/uploads\/sites\/3\/CortoMaltese_Senigallia4.jpeg\" width=\"1280\" height=\"960\" alt=\"\" title=\"CortoMaltese_Senigallia4\" aria-label=\"CortoMaltese_Senigallia4\" class=\"img-responsive wp-image-15407\" srcset=\"https:\/\/cortomaltese.com\/fr\/wp-content\/uploads\/sites\/3\/CortoMaltese_Senigallia4-200x150.jpeg 200w, https:\/\/cortomaltese.com\/fr\/wp-content\/uploads\/sites\/3\/CortoMaltese_Senigallia4-400x300.jpeg 400w, https:\/\/cortomaltese.com\/fr\/wp-content\/uploads\/sites\/3\/CortoMaltese_Senigallia4-600x450.jpeg 600w, https:\/\/cortomaltese.com\/fr\/wp-content\/uploads\/sites\/3\/CortoMaltese_Senigallia4-800x600.jpeg 800w, https:\/\/cortomaltese.com\/fr\/wp-content\/uploads\/sites\/3\/CortoMaltese_Senigallia4-1200x900.jpeg 1200w, https:\/\/cortomaltese.com\/fr\/wp-content\/uploads\/sites\/3\/CortoMaltese_Senigallia4.jpeg 1280w\" sizes=\"(min-width: 2200px) 100vw, (min-width: 824px) 363px, (min-width: 732px) 545px, (min-width: 640px) 732px, \" \/><\/div><\/a><\/div><\/div><div style=\"padding:5px;\" class=\"fusion-grid-column fusion-gallery-column fusion-gallery-column-3 hover-type-none fusion-element-portrait\"><div class=\"fusion-gallery-image\"><a href=\"https:\/\/cortomaltese.com\/fr\/wp-content\/uploads\/sites\/3\/CortoMaltese_Senigallia5.jpeg\" rel=\"noreferrer\" data-rel=\"iLightbox[gallery_image_1]\" class=\"fusion-lightbox\" target=\"_self\"><div style=\"background-image:url(https:\/\/cortomaltese.com\/fr\/wp-content\/uploads\/sites\/3\/CortoMaltese_Senigallia5.jpeg);padding-top:calc((100% + 10px) * 1.6);background-position:;\" class=\"fusion-masonry-element-container\"><img decoding=\"async\" src=\"https:\/\/cortomaltese.com\/fr\/wp-content\/uploads\/sites\/3\/CortoMaltese_Senigallia5.jpeg\" width=\"960\" height=\"1280\" alt=\"\" title=\"CortoMaltese_Senigallia5\" aria-label=\"CortoMaltese_Senigallia5\" class=\"img-responsive wp-image-15408\" srcset=\"https:\/\/cortomaltese.com\/fr\/wp-content\/uploads\/sites\/3\/CortoMaltese_Senigallia5-200x267.jpeg 200w, https:\/\/cortomaltese.com\/fr\/wp-content\/uploads\/sites\/3\/CortoMaltese_Senigallia5-400x533.jpeg 400w, https:\/\/cortomaltese.com\/fr\/wp-content\/uploads\/sites\/3\/CortoMaltese_Senigallia5-600x800.jpeg 600w, https:\/\/cortomaltese.com\/fr\/wp-content\/uploads\/sites\/3\/CortoMaltese_Senigallia5-800x1067.jpeg 800w, https:\/\/cortomaltese.com\/fr\/wp-content\/uploads\/sites\/3\/CortoMaltese_Senigallia5.jpeg 960w\" sizes=\"(min-width: 2200px) 100vw, (min-width: 824px) 363px, (min-width: 732px) 545px, (min-width: 640px) 732px, \" \/><\/div><\/a><\/div><\/div><div style=\"padding:5px;\" class=\"fusion-grid-column fusion-gallery-column fusion-gallery-column-3 hover-type-none fusion-element-portrait\"><div class=\"fusion-gallery-image\"><a href=\"https:\/\/cortomaltese.com\/fr\/wp-content\/uploads\/sites\/3\/CortoMaltese_Senigallia6.jpeg\" rel=\"noreferrer\" data-rel=\"iLightbox[gallery_image_1]\" class=\"fusion-lightbox\" target=\"_self\"><div style=\"background-image:url(https:\/\/cortomaltese.com\/fr\/wp-content\/uploads\/sites\/3\/CortoMaltese_Senigallia6.jpeg);padding-top:calc((100% + 10px) * 1.6);background-position:;\" class=\"fusion-masonry-element-container\"><img decoding=\"async\" src=\"https:\/\/cortomaltese.com\/fr\/wp-content\/uploads\/sites\/3\/CortoMaltese_Senigallia6.jpeg\" width=\"960\" height=\"1280\" alt=\"\" title=\"CortoMaltese_Senigallia6\" aria-label=\"CortoMaltese_Senigallia6\" class=\"img-responsive wp-image-15409\" srcset=\"https:\/\/cortomaltese.com\/fr\/wp-content\/uploads\/sites\/3\/CortoMaltese_Senigallia6-200x267.jpeg 200w, https:\/\/cortomaltese.com\/fr\/wp-content\/uploads\/sites\/3\/CortoMaltese_Senigallia6-400x533.jpeg 400w, https:\/\/cortomaltese.com\/fr\/wp-content\/uploads\/sites\/3\/CortoMaltese_Senigallia6-600x800.jpeg 600w, https:\/\/cortomaltese.com\/fr\/wp-content\/uploads\/sites\/3\/CortoMaltese_Senigallia6-800x1067.jpeg 800w, https:\/\/cortomaltese.com\/fr\/wp-content\/uploads\/sites\/3\/CortoMaltese_Senigallia6.jpeg 960w\" sizes=\"(min-width: 2200px) 100vw, (min-width: 824px) 363px, (min-width: 732px) 545px, (min-width: 640px) 732px, \" \/><\/div><\/a><\/div><\/div><div style=\"padding:5px;\" class=\"fusion-grid-column fusion-gallery-column fusion-gallery-column-3 hover-type-none fusion-element-grid\"><div class=\"fusion-gallery-image\"><a href=\"https:\/\/cortomaltese.com\/fr\/wp-content\/uploads\/sites\/3\/CortoMaltese_Senigallia7.jpeg\" rel=\"noreferrer\" data-rel=\"iLightbox[gallery_image_1]\" class=\"fusion-lightbox\" target=\"_self\"><div style=\"background-image:url(https:\/\/cortomaltese.com\/fr\/wp-content\/uploads\/sites\/3\/CortoMaltese_Senigallia7.jpeg);padding-top:calc((100% + 10px) * 0.8 - 5px);background-position:;\" class=\"fusion-masonry-element-container\"><img decoding=\"async\" src=\"https:\/\/cortomaltese.com\/fr\/wp-content\/uploads\/sites\/3\/CortoMaltese_Senigallia7.jpeg\" width=\"1280\" height=\"960\" alt=\"\" title=\"CortoMaltese_Senigallia7\" aria-label=\"CortoMaltese_Senigallia7\" class=\"img-responsive wp-image-15410\" srcset=\"https:\/\/cortomaltese.com\/fr\/wp-content\/uploads\/sites\/3\/CortoMaltese_Senigallia7-200x150.jpeg 200w, https:\/\/cortomaltese.com\/fr\/wp-content\/uploads\/sites\/3\/CortoMaltese_Senigallia7-400x300.jpeg 400w, https:\/\/cortomaltese.com\/fr\/wp-content\/uploads\/sites\/3\/CortoMaltese_Senigallia7-600x450.jpeg 600w, https:\/\/cortomaltese.com\/fr\/wp-content\/uploads\/sites\/3\/CortoMaltese_Senigallia7-800x600.jpeg 800w, https:\/\/cortomaltese.com\/fr\/wp-content\/uploads\/sites\/3\/CortoMaltese_Senigallia7-1200x900.jpeg 1200w, https:\/\/cortomaltese.com\/fr\/wp-content\/uploads\/sites\/3\/CortoMaltese_Senigallia7.jpeg 1280w\" sizes=\"(min-width: 2200px) 100vw, (min-width: 824px) 363px, (min-width: 732px) 545px, (min-width: 640px) 732px, \" \/><\/div><\/a><\/div><\/div><div style=\"padding:5px;\" class=\"fusion-grid-column fusion-gallery-column fusion-gallery-column-3 hover-type-none fusion-element-portrait\"><div class=\"fusion-gallery-image\"><a href=\"https:\/\/cortomaltese.com\/fr\/wp-content\/uploads\/sites\/3\/CortoMaltese_Senigallia8.jpeg\" rel=\"noreferrer\" data-rel=\"iLightbox[gallery_image_1]\" class=\"fusion-lightbox\" target=\"_self\"><div style=\"background-image:url(https:\/\/cortomaltese.com\/fr\/wp-content\/uploads\/sites\/3\/CortoMaltese_Senigallia8.jpeg);padding-top:calc((100% + 10px) * 1.6);background-position:;\" class=\"fusion-masonry-element-container\"><img decoding=\"async\" src=\"https:\/\/cortomaltese.com\/fr\/wp-content\/uploads\/sites\/3\/CortoMaltese_Senigallia8.jpeg\" width=\"960\" height=\"1280\" alt=\"\" title=\"CortoMaltese_Senigallia8\" aria-label=\"CortoMaltese_Senigallia8\" class=\"img-responsive wp-image-15411\" srcset=\"https:\/\/cortomaltese.com\/fr\/wp-content\/uploads\/sites\/3\/CortoMaltese_Senigallia8-200x267.jpeg 200w, https:\/\/cortomaltese.com\/fr\/wp-content\/uploads\/sites\/3\/CortoMaltese_Senigallia8-400x533.jpeg 400w, https:\/\/cortomaltese.com\/fr\/wp-content\/uploads\/sites\/3\/CortoMaltese_Senigallia8-600x800.jpeg 600w, https:\/\/cortomaltese.com\/fr\/wp-content\/uploads\/sites\/3\/CortoMaltese_Senigallia8-800x1067.jpeg 800w, https:\/\/cortomaltese.com\/fr\/wp-content\/uploads\/sites\/3\/CortoMaltese_Senigallia8.jpeg 960w\" sizes=\"(min-width: 2200px) 100vw, (min-width: 824px) 363px, (min-width: 732px) 545px, (min-width: 640px) 732px, \" \/><\/div><\/a><\/div><\/div><div style=\"padding:5px;\" class=\"fusion-grid-column fusion-gallery-column fusion-gallery-column-3 hover-type-none fusion-element-portrait\"><div class=\"fusion-gallery-image\"><a href=\"https:\/\/cortomaltese.com\/fr\/wp-content\/uploads\/sites\/3\/CortoMaltese_Senigallia9.jpeg\" rel=\"noreferrer\" data-rel=\"iLightbox[gallery_image_1]\" class=\"fusion-lightbox\" target=\"_self\"><div style=\"background-image:url(https:\/\/cortomaltese.com\/fr\/wp-content\/uploads\/sites\/3\/CortoMaltese_Senigallia9.jpeg);padding-top:calc((100% + 10px) * 1.6);background-position:;\" class=\"fusion-masonry-element-container\"><img decoding=\"async\" src=\"https:\/\/cortomaltese.com\/fr\/wp-content\/uploads\/sites\/3\/CortoMaltese_Senigallia9.jpeg\" width=\"960\" height=\"1280\" alt=\"\" title=\"CortoMaltese_Senigallia9\" aria-label=\"CortoMaltese_Senigallia9\" class=\"img-responsive wp-image-15412\" srcset=\"https:\/\/cortomaltese.com\/fr\/wp-content\/uploads\/sites\/3\/CortoMaltese_Senigallia9-200x267.jpeg 200w, https:\/\/cortomaltese.com\/fr\/wp-content\/uploads\/sites\/3\/CortoMaltese_Senigallia9-400x533.jpeg 400w, https:\/\/cortomaltese.com\/fr\/wp-content\/uploads\/sites\/3\/CortoMaltese_Senigallia9-600x800.jpeg 600w, https:\/\/cortomaltese.com\/fr\/wp-content\/uploads\/sites\/3\/CortoMaltese_Senigallia9-800x1067.jpeg 800w, https:\/\/cortomaltese.com\/fr\/wp-content\/uploads\/sites\/3\/CortoMaltese_Senigallia9.jpeg 960w\" sizes=\"(min-width: 2200px) 100vw, (min-width: 824px) 363px, (min-width: 732px) 545px, (min-width: 640px) 732px, \" \/><\/div><\/a><\/div><\/div><\/div><\/div><div class=\"fusion-clearfix\"><\/div><\/div><\/div><\/div><\/div><\/p>\n","protected":false},"excerpt":{"rendered":"<p>Corto \u00e0 Senigallia: une installation urbaine compos\u00e9e de 100 panneaux avec une vignette en couleur tir\u00e9e de Corto Maltese en Sib\u00e9rie<\/p>\n","protected":false},"author":1,"featured_media":15413,"comment_status":"closed","ping_status":"open","sticky":false,"template":"","format":"standard","meta":{"footnotes":""},"categories":[18,28,7],"tags":[43,84,71],"class_list":["post-15401","post","type-post","status-publish","format-standard","has-post-thumbnail","hentry","category-evenements","category-evidence","category-nouveautes","tag-corto-maltese","tag-exposition","tag-hugo-pratt"],"yoast_head":"<!-- This site is optimized with the Yoast SEO plugin v26.5 - https:\/\/yoast.com\/wordpress\/plugins\/seo\/ -->\n<title>Corto Maltese d\u00e9barque \u00e0 Senigallia avec une installation urbaine<\/title>\n<meta name=\"description\" content=\"Corto \u00e0 Senigallia: une installation urbaine compos\u00e9e de 100 panneaux avec une vignette en couleur tir\u00e9e de Corto Maltese en Sib\u00e9rie\" \/>\n<meta name=\"robots\" content=\"index, follow, max-snippet:-1, max-image-preview:large, max-video-preview:-1\" \/>\n<link rel=\"canonical\" href=\"https:\/\/cortomaltese.com\/fr\/corto-maltese-debarque-a-senigallia-avec-une-installation-urbaine\/\" \/>\n<meta property=\"og:locale\" content=\"fr_FR\" \/>\n<meta property=\"og:type\" content=\"article\" \/>\n<meta property=\"og:title\" content=\"Corto Maltese d\u00e9barque \u00e0 Senigallia avec une installation urbaine\" \/>\n<meta property=\"og:description\" content=\"Corto \u00e0 Senigallia: une installation urbaine compos\u00e9e de 100 panneaux avec une vignette en couleur tir\u00e9e de Corto Maltese en Sib\u00e9rie\" \/>\n<meta property=\"og:url\" content=\"https:\/\/cortomaltese.com\/fr\/corto-maltese-debarque-a-senigallia-avec-une-installation-urbaine\/\" \/>\n<meta property=\"og:site_name\" content=\"cortomaltese fran\u00e7ais\" \/>\n<meta property=\"article:published_time\" content=\"2025-07-13T10:00:16+00:00\" \/>\n<meta property=\"article:modified_time\" content=\"2025-07-13T10:44:16+00:00\" \/>\n<meta property=\"og:image\" content=\"https:\/\/cortomaltese.com\/fr\/wp-content\/uploads\/sites\/3\/CortoMaltese_Senigallia_FR.jpg\" \/>\n\t<meta property=\"og:image:width\" content=\"1080\" \/>\n\t<meta property=\"og:image:height\" content=\"1350\" \/>\n\t<meta property=\"og:image:type\" content=\"image\/jpeg\" \/>\n<meta name=\"author\" content=\"Corto Maltese\" \/>\n<meta name=\"twitter:card\" content=\"summary_large_image\" \/>\n<meta name=\"twitter:label1\" content=\"\u00c9crit par\" \/>\n\t<meta name=\"twitter:data1\" content=\"Corto Maltese\" \/>\n\t<meta name=\"twitter:label2\" content=\"Dur\u00e9e de lecture estim\u00e9e\" \/>\n\t<meta name=\"twitter:data2\" content=\"14 minutes\" \/>\n<script type=\"application\/ld+json\" class=\"yoast-schema-graph\">{\"@context\":\"https:\/\/schema.org\",\"@graph\":[{\"@type\":\"WebPage\",\"@id\":\"https:\/\/cortomaltese.com\/fr\/corto-maltese-debarque-a-senigallia-avec-une-installation-urbaine\/\",\"url\":\"https:\/\/cortomaltese.com\/fr\/corto-maltese-debarque-a-senigallia-avec-une-installation-urbaine\/\",\"name\":\"Corto Maltese d\u00e9barque \u00e0 Senigallia avec une installation urbaine\",\"isPartOf\":{\"@id\":\"https:\/\/cortomaltese.com\/fr\/#website\"},\"primaryImageOfPage\":{\"@id\":\"https:\/\/cortomaltese.com\/fr\/corto-maltese-debarque-a-senigallia-avec-une-installation-urbaine\/#primaryimage\"},\"image\":{\"@id\":\"https:\/\/cortomaltese.com\/fr\/corto-maltese-debarque-a-senigallia-avec-une-installation-urbaine\/#primaryimage\"},\"thumbnailUrl\":\"https:\/\/cortomaltese.com\/fr\/wp-content\/uploads\/sites\/3\/CortoMaltese_Senigallia_FR.jpg\",\"datePublished\":\"2025-07-13T10:00:16+00:00\",\"dateModified\":\"2025-07-13T10:44:16+00:00\",\"author\":{\"@id\":\"https:\/\/cortomaltese.com\/fr\/#\/schema\/person\/5204dd292c3d1105df4b66cc0749217e\"},\"description\":\"Corto \u00e0 Senigallia: une installation urbaine compos\u00e9e de 100 panneaux avec une vignette en couleur tir\u00e9e de Corto Maltese en Sib\u00e9rie\",\"breadcrumb\":{\"@id\":\"https:\/\/cortomaltese.com\/fr\/corto-maltese-debarque-a-senigallia-avec-une-installation-urbaine\/#breadcrumb\"},\"inLanguage\":\"fr-FR\",\"potentialAction\":[{\"@type\":\"ReadAction\",\"target\":[\"https:\/\/cortomaltese.com\/fr\/corto-maltese-debarque-a-senigallia-avec-une-installation-urbaine\/\"]}]},{\"@type\":\"ImageObject\",\"inLanguage\":\"fr-FR\",\"@id\":\"https:\/\/cortomaltese.com\/fr\/corto-maltese-debarque-a-senigallia-avec-une-installation-urbaine\/#primaryimage\",\"url\":\"https:\/\/cortomaltese.com\/fr\/wp-content\/uploads\/sites\/3\/CortoMaltese_Senigallia_FR.jpg\",\"contentUrl\":\"https:\/\/cortomaltese.com\/fr\/wp-content\/uploads\/sites\/3\/CortoMaltese_Senigallia_FR.jpg\",\"width\":1080,\"height\":1350,\"caption\":\"Corto Maltese Senigallia\"},{\"@type\":\"BreadcrumbList\",\"@id\":\"https:\/\/cortomaltese.com\/fr\/corto-maltese-debarque-a-senigallia-avec-une-installation-urbaine\/#breadcrumb\",\"itemListElement\":[{\"@type\":\"ListItem\",\"position\":1,\"name\":\"Accueil\",\"item\":\"https:\/\/cortomaltese.com\/fr\/\"},{\"@type\":\"ListItem\",\"position\":2,\"name\":\"&#8220;Le port raconte Corto en 100 blocs&#8221;: \u00c0 partir du 9 juillet, Senigallia rend hommage \u00e0 Hugo Pratt et Corto Maltese avec une installation permanente\"}]},{\"@type\":\"WebSite\",\"@id\":\"https:\/\/cortomaltese.com\/fr\/#website\",\"url\":\"https:\/\/cortomaltese.com\/fr\/\",\"name\":\"cortomaltese fran\u00e7ais\",\"description\":\"Il sito ufficiale\",\"potentialAction\":[{\"@type\":\"SearchAction\",\"target\":{\"@type\":\"EntryPoint\",\"urlTemplate\":\"https:\/\/cortomaltese.com\/fr\/?s={search_term_string}\"},\"query-input\":{\"@type\":\"PropertyValueSpecification\",\"valueRequired\":true,\"valueName\":\"search_term_string\"}}],\"inLanguage\":\"fr-FR\"},{\"@type\":\"Person\",\"@id\":\"https:\/\/cortomaltese.com\/fr\/#\/schema\/person\/5204dd292c3d1105df4b66cc0749217e\",\"name\":\"Corto Maltese\",\"image\":{\"@type\":\"ImageObject\",\"inLanguage\":\"fr-FR\",\"@id\":\"https:\/\/cortomaltese.com\/fr\/#\/schema\/person\/image\/\",\"url\":\"https:\/\/secure.gravatar.com\/avatar\/2ad4be5824b38545bbca3ce52ffd9add?s=96&d=mm&r=g\",\"contentUrl\":\"https:\/\/secure.gravatar.com\/avatar\/2ad4be5824b38545bbca3ce52ffd9add?s=96&d=mm&r=g\",\"caption\":\"Corto Maltese\"},\"url\":\"https:\/\/cortomaltese.com\/fr\/author\/cortomaltese\/\"}]}<\/script>\n<!-- \/ Yoast SEO plugin. -->","yoast_head_json":{"title":"Corto Maltese d\u00e9barque \u00e0 Senigallia avec une installation urbaine","description":"Corto \u00e0 Senigallia: une installation urbaine compos\u00e9e de 100 panneaux avec une vignette en couleur tir\u00e9e de Corto Maltese en Sib\u00e9rie","robots":{"index":"index","follow":"follow","max-snippet":"max-snippet:-1","max-image-preview":"max-image-preview:large","max-video-preview":"max-video-preview:-1"},"canonical":"https:\/\/cortomaltese.com\/fr\/corto-maltese-debarque-a-senigallia-avec-une-installation-urbaine\/","og_locale":"fr_FR","og_type":"article","og_title":"Corto Maltese d\u00e9barque \u00e0 Senigallia avec une installation urbaine","og_description":"Corto \u00e0 Senigallia: une installation urbaine compos\u00e9e de 100 panneaux avec une vignette en couleur tir\u00e9e de Corto Maltese en Sib\u00e9rie","og_url":"https:\/\/cortomaltese.com\/fr\/corto-maltese-debarque-a-senigallia-avec-une-installation-urbaine\/","og_site_name":"cortomaltese fran\u00e7ais","article_published_time":"2025-07-13T10:00:16+00:00","article_modified_time":"2025-07-13T10:44:16+00:00","og_image":[{"width":1080,"height":1350,"url":"https:\/\/cortomaltese.com\/fr\/wp-content\/uploads\/sites\/3\/CortoMaltese_Senigallia_FR.jpg","type":"image\/jpeg"}],"author":"Corto Maltese","twitter_card":"summary_large_image","twitter_misc":{"\u00c9crit par":"Corto Maltese","Dur\u00e9e de lecture estim\u00e9e":"14 minutes"},"schema":{"@context":"https:\/\/schema.org","@graph":[{"@type":"WebPage","@id":"https:\/\/cortomaltese.com\/fr\/corto-maltese-debarque-a-senigallia-avec-une-installation-urbaine\/","url":"https:\/\/cortomaltese.com\/fr\/corto-maltese-debarque-a-senigallia-avec-une-installation-urbaine\/","name":"Corto Maltese d\u00e9barque \u00e0 Senigallia avec une installation urbaine","isPartOf":{"@id":"https:\/\/cortomaltese.com\/fr\/#website"},"primaryImageOfPage":{"@id":"https:\/\/cortomaltese.com\/fr\/corto-maltese-debarque-a-senigallia-avec-une-installation-urbaine\/#primaryimage"},"image":{"@id":"https:\/\/cortomaltese.com\/fr\/corto-maltese-debarque-a-senigallia-avec-une-installation-urbaine\/#primaryimage"},"thumbnailUrl":"https:\/\/cortomaltese.com\/fr\/wp-content\/uploads\/sites\/3\/CortoMaltese_Senigallia_FR.jpg","datePublished":"2025-07-13T10:00:16+00:00","dateModified":"2025-07-13T10:44:16+00:00","author":{"@id":"https:\/\/cortomaltese.com\/fr\/#\/schema\/person\/5204dd292c3d1105df4b66cc0749217e"},"description":"Corto \u00e0 Senigallia: une installation urbaine compos\u00e9e de 100 panneaux avec une vignette en couleur tir\u00e9e de Corto Maltese en Sib\u00e9rie","breadcrumb":{"@id":"https:\/\/cortomaltese.com\/fr\/corto-maltese-debarque-a-senigallia-avec-une-installation-urbaine\/#breadcrumb"},"inLanguage":"fr-FR","potentialAction":[{"@type":"ReadAction","target":["https:\/\/cortomaltese.com\/fr\/corto-maltese-debarque-a-senigallia-avec-une-installation-urbaine\/"]}]},{"@type":"ImageObject","inLanguage":"fr-FR","@id":"https:\/\/cortomaltese.com\/fr\/corto-maltese-debarque-a-senigallia-avec-une-installation-urbaine\/#primaryimage","url":"https:\/\/cortomaltese.com\/fr\/wp-content\/uploads\/sites\/3\/CortoMaltese_Senigallia_FR.jpg","contentUrl":"https:\/\/cortomaltese.com\/fr\/wp-content\/uploads\/sites\/3\/CortoMaltese_Senigallia_FR.jpg","width":1080,"height":1350,"caption":"Corto Maltese Senigallia"},{"@type":"BreadcrumbList","@id":"https:\/\/cortomaltese.com\/fr\/corto-maltese-debarque-a-senigallia-avec-une-installation-urbaine\/#breadcrumb","itemListElement":[{"@type":"ListItem","position":1,"name":"Accueil","item":"https:\/\/cortomaltese.com\/fr\/"},{"@type":"ListItem","position":2,"name":"&#8220;Le port raconte Corto en 100 blocs&#8221;: \u00c0 partir du 9 juillet, Senigallia rend hommage \u00e0 Hugo Pratt et Corto Maltese avec une installation permanente"}]},{"@type":"WebSite","@id":"https:\/\/cortomaltese.com\/fr\/#website","url":"https:\/\/cortomaltese.com\/fr\/","name":"cortomaltese fran\u00e7ais","description":"Il sito ufficiale","potentialAction":[{"@type":"SearchAction","target":{"@type":"EntryPoint","urlTemplate":"https:\/\/cortomaltese.com\/fr\/?s={search_term_string}"},"query-input":{"@type":"PropertyValueSpecification","valueRequired":true,"valueName":"search_term_string"}}],"inLanguage":"fr-FR"},{"@type":"Person","@id":"https:\/\/cortomaltese.com\/fr\/#\/schema\/person\/5204dd292c3d1105df4b66cc0749217e","name":"Corto Maltese","image":{"@type":"ImageObject","inLanguage":"fr-FR","@id":"https:\/\/cortomaltese.com\/fr\/#\/schema\/person\/image\/","url":"https:\/\/secure.gravatar.com\/avatar\/2ad4be5824b38545bbca3ce52ffd9add?s=96&d=mm&r=g","contentUrl":"https:\/\/secure.gravatar.com\/avatar\/2ad4be5824b38545bbca3ce52ffd9add?s=96&d=mm&r=g","caption":"Corto Maltese"},"url":"https:\/\/cortomaltese.com\/fr\/author\/cortomaltese\/"}]}},"_links":{"self":[{"href":"https:\/\/cortomaltese.com\/fr\/wp-json\/wp\/v2\/posts\/15401","targetHints":{"allow":["GET"]}}],"collection":[{"href":"https:\/\/cortomaltese.com\/fr\/wp-json\/wp\/v2\/posts"}],"about":[{"href":"https:\/\/cortomaltese.com\/fr\/wp-json\/wp\/v2\/types\/post"}],"author":[{"embeddable":true,"href":"https:\/\/cortomaltese.com\/fr\/wp-json\/wp\/v2\/users\/1"}],"replies":[{"embeddable":true,"href":"https:\/\/cortomaltese.com\/fr\/wp-json\/wp\/v2\/comments?post=15401"}],"version-history":[{"count":13,"href":"https:\/\/cortomaltese.com\/fr\/wp-json\/wp\/v2\/posts\/15401\/revisions"}],"predecessor-version":[{"id":15425,"href":"https:\/\/cortomaltese.com\/fr\/wp-json\/wp\/v2\/posts\/15401\/revisions\/15425"}],"wp:featuredmedia":[{"embeddable":true,"href":"https:\/\/cortomaltese.com\/fr\/wp-json\/wp\/v2\/media\/15413"}],"wp:attachment":[{"href":"https:\/\/cortomaltese.com\/fr\/wp-json\/wp\/v2\/media?parent=15401"}],"wp:term":[{"taxonomy":"category","embeddable":true,"href":"https:\/\/cortomaltese.com\/fr\/wp-json\/wp\/v2\/categories?post=15401"},{"taxonomy":"post_tag","embeddable":true,"href":"https:\/\/cortomaltese.com\/fr\/wp-json\/wp\/v2\/tags?post=15401"}],"curies":[{"name":"wp","href":"https:\/\/api.w.org\/{rel}","templated":true}]}}