{"id":15102,"date":"2021-08-31T17:21:38","date_gmt":"2021-08-31T15:21:38","guid":{"rendered":"https:\/\/cortomaltese.com\/fr\/?p=15102"},"modified":"2024-05-06T15:15:22","modified_gmt":"2024-05-06T13:15:22","slug":"corto-maltese-est-de-retour-avec-ocean-noir","status":"publish","type":"post","link":"https:\/\/cortomaltese.com\/fr\/corto-maltese-est-de-retour-avec-ocean-noir\/","title":{"rendered":"Corto Maltese est de retour avec &#8220;Oc\u00e9an Noir&#8221;: Bastien Viv\u00e8s et Martin Quenehen r\u00e9interpr\u00e8tent le mythe cr\u00e9\u00e9 par Hugo Pratt"},"content":{"rendered":"<p><div class=\"fusion-fullwidth fullwidth-box fusion-builder-row-1 nonhundred-percent-fullwidth non-hundred-percent-height-scrolling\" style=\"--awb-border-radius-top-left:0px;--awb-border-radius-top-right:0px;--awb-border-radius-bottom-right:0px;--awb-border-radius-bottom-left:0px;--awb-flex-wrap:wrap;\" ><div class=\"fusion-builder-row fusion-row\"><div class=\"fusion-layout-column fusion_builder_column fusion-builder-column-0 fusion_builder_column_1_1 1_1 fusion-one-full fusion-column-first fusion-column-last\" style=\"--awb-bg-size:cover;\"><div class=\"fusion-column-wrapper fusion-column-has-shadow fusion-flex-column-wrapper-legacy\"><div class=\"fusion-text fusion-text-1\"><h2>Oc\u00e9an Noir &#8211; Bastien Viv\u00e9s, Martin Quenehen<\/h2>\n<h1><span style=\"color: #268a93;\"><b>Corto Maltese est de retour avec &#8220;Oc\u00e9an Noir&#8221;: Bastien Viv\u00e8s et Martin Quenehen r\u00e9interpr\u00e8tent le mythe cr\u00e9\u00e9 par Hugo Pratt.<\/b><\/span><\/h1>\n<h2><em>L\u2019iconique aventurier invent\u00e9 par Hugo Pratt repart d\u00e8s le 1er septembre pour de nouvelles aventures, dessin\u00e9es par Bastien Viv\u00e8s. Avec une surprise \u00e0 la cl\u00e9 : pour ce \u00abVu par\u2026\u00bb, le beau marin, habitu\u00e9 \u00e0 naviguer au d\u00e9but du XXe, est propuls\u00e9 en XXIe si\u00e8cle. Sans rien perdre de son charme. <\/em>(Le Parisien)<\/h2>\n<div class=\"fusion-sep-clear\"><\/div><div class=\"fusion-separator fusion-clearfix\" style=\"float:left;margin-top:40px;margin-bottom:40px;width:100%;max-width:40%;\"><div class=\"fusion-separator-border sep-single sep-solid\" style=\"--awb-height:20px;--awb-amount:20px;--awb-sep-color:#268a93;border-color:#268A93;border-top-width:4px;\"><\/div><\/div><div class=\"fusion-sep-clear\"><\/div>\n<\/div><div class=\"fusion-clearfix\"><\/div><\/div><\/div><\/div><\/div><div class=\"fusion-fullwidth fullwidth-box fusion-builder-row-2 nonhundred-percent-fullwidth non-hundred-percent-height-scrolling\" style=\"--awb-border-radius-top-left:0px;--awb-border-radius-top-right:0px;--awb-border-radius-bottom-right:0px;--awb-border-radius-bottom-left:0px;--awb-flex-wrap:wrap;\" ><div class=\"fusion-builder-row fusion-row\"><div class=\"fusion-layout-column fusion_builder_column fusion-builder-column-1 fusion_builder_column_1_2 1_2 fusion-one-half fusion-column-first\" style=\"--awb-bg-size:cover;width:50%;width:calc(50% - ( ( 4% ) * 0.5 ) );margin-right: 4%;\"><div class=\"fusion-column-wrapper fusion-column-has-shadow fusion-flex-column-wrapper-legacy\"><div class=\"fusion-testimonials classic awb-speech-bubble-show fusion-testimonials-1\" style=\"--awb-textcolor:#747474;--awb-backgroundcolor:#f6f6f6;--awb-testimonial-border-style:solid;--awb-testimonial-border-color:var(--awb-color3);--awb-border-top-left-radius:0px;--awb-border-top-right-radius:0px;--awb-border-bottom-left-radius:0px;--awb-border-bottom-right-radius:0px;--testimonial-border-width-top:0px;--testimonial-border-width-right:0px;--testimonial-border-width-bottom:0px;--testimonial-border-width-left:0px;\" data-random=\"0\" data-speed=\"10250\"><div class=\"reviews\"><div class=\"review active-testimonial avatar-image\"><blockquote><div class=\"awb-quote\"><div class=\"awb-quote-content\">\n<div class=\"page\" title=\"Page 6\">\n<div class=\"layoutArea\">\n<div class=\"column\">\n<p>\u00abAlors, c&#8217;est peut-\u00eatre le moment de soulager votre conscience\u00bb<\/p>\n<\/div>\n<\/div>\n<\/div>\n<\/div><\/div><span class=\"awb-triangle\"><\/span><\/blockquote><div class=\"author\"><span class=\"testimonial-thumbnail\"><img decoding=\"async\" class=\"testimonial-image\" src=\"https:\/\/cortomaltese.com\/fr\/wp-content\/uploads\/sites\/3\/Corto-Maltese_Oceano-Nero.jpg\" width=\"1024\" height=\"512\" \/><\/span><span class=\"company-name\"><strong>Corto Maltese<\/strong><span>, <\/span><span>Oc\u00e9an Noir<\/span><\/span><\/div><\/div><\/div><\/div><div class=\"fusion-clearfix\"><\/div><\/div><\/div><div class=\"fusion-layout-column fusion_builder_column fusion-builder-column-2 fusion_builder_column_1_2 1_2 fusion-one-half fusion-column-last\" style=\"--awb-bg-size:cover;width:50%;width:calc(50% - ( ( 4% ) * 0.5 ) );\"><div class=\"fusion-column-wrapper fusion-column-has-shadow fusion-flex-column-wrapper-legacy\"><div class=\"fusion-clearfix\"><\/div><\/div><\/div><\/div><\/div><div class=\"fusion-fullwidth fullwidth-box fusion-builder-row-3 nonhundred-percent-fullwidth non-hundred-percent-height-scrolling\" style=\"--awb-border-radius-top-left:0px;--awb-border-radius-top-right:0px;--awb-border-radius-bottom-right:0px;--awb-border-radius-bottom-left:0px;--awb-flex-wrap:wrap;\" ><div class=\"fusion-builder-row fusion-row\"><div class=\"fusion-layout-column fusion_builder_column fusion-builder-column-3 fusion_builder_column_1_2 1_2 fusion-one-half fusion-column-first\" style=\"--awb-bg-size:cover;width:50%;width:calc(50% - ( ( 4% ) * 0.5 ) );margin-right: 4%;\"><div class=\"fusion-column-wrapper fusion-column-has-shadow fusion-flex-column-wrapper-legacy\"><div class=\"fusion-text fusion-text-2\"><p><strong><span class=\"fusion-dropcap dropcap\" style=\"--awb-color:#268a93;\">B<\/span>astien Viv\u00e8s et Martin Quenehen s\u2019emparent du mythique personnage d\u2019Hugo Pratt pour le plonger dans notre \u00e9poque contemporaine.<\/strong><\/p>\n<p><i>HISTOIRE<\/i><\/p>\n<p>Sur les eaux de la mer de Chine, le profil d\u2019un pirate bien connu se dessine dans l\u2019ombre d\u2019une cabine de pilotage\u2026 Corto Maltese est de retour, \u00e0 l\u2019abordage d\u2019un yacht de luxe. Des rues bond\u00e9es de Tokyo jusqu\u2019aux sommets des Andes, le gentilhomme de fortune poursuit un tr\u00e9sor mythique, disput\u00e9 par une soci\u00e9t\u00e9 secr\u00e8te nationaliste et des narcos sans scrupules&#8230; Mais plus que jamais, ce sont les sentiments qui vont mener le c\u00e9l\u00e8bre marin romantique.<\/p>\n<p>CASTERMAN \u00c9DITEUR<\/p>\n<\/div><div class=\"fusion-clearfix\"><\/div><\/div><\/div><div class=\"fusion-layout-column fusion_builder_column fusion-builder-column-4 fusion_builder_column_1_2 1_2 fusion-one-half fusion-column-last\" style=\"--awb-bg-size:cover;width:50%;width:calc(50% - ( ( 4% ) * 0.5 ) );\"><div class=\"fusion-column-wrapper fusion-column-has-shadow fusion-flex-column-wrapper-legacy\"><div class=\"fusion-image-element in-legacy-container\" style=\"--awb-caption-title-font-family:var(--h2_typography-font-family);--awb-caption-title-font-weight:var(--h2_typography-font-weight);--awb-caption-title-font-style:var(--h2_typography-font-style);--awb-caption-title-size:var(--h2_typography-font-size);--awb-caption-title-transform:var(--h2_typography-text-transform);--awb-caption-title-line-height:var(--h2_typography-line-height);--awb-caption-title-letter-spacing:var(--h2_typography-letter-spacing);\"><span class=\" fusion-imageframe imageframe-none imageframe-1 hover-type-zoomin\"><a class=\"fusion-no-lightbox\" href=\"https:\/\/www.casterman.com\/Bande-dessinee\/Catalogue\/albums\/aventureuses\" target=\"_blank\" aria-label=\"Oc\u00e9an Noir\" rel=\"noopener noreferrer\"><img decoding=\"async\" width=\"1200\" height=\"1747\" alt=\"Oc\u00e9an Noir\" src=\"https:\/\/cortomaltese.com\/fr\/wp-content\/uploads\/sites\/3\/Oc\u00e9an-Noir.png\" class=\"img-responsive wp-image-15103\" srcset=\"https:\/\/cortomaltese.com\/fr\/wp-content\/uploads\/sites\/3\/Oc\u00e9an-Noir-200x291.png 200w, https:\/\/cortomaltese.com\/fr\/wp-content\/uploads\/sites\/3\/Oc\u00e9an-Noir-400x582.png 400w, https:\/\/cortomaltese.com\/fr\/wp-content\/uploads\/sites\/3\/Oc\u00e9an-Noir-600x874.png 600w, https:\/\/cortomaltese.com\/fr\/wp-content\/uploads\/sites\/3\/Oc\u00e9an-Noir-800x1165.png 800w, https:\/\/cortomaltese.com\/fr\/wp-content\/uploads\/sites\/3\/Oc\u00e9an-Noir.png 1200w\" sizes=\"(max-width: 800px) 100vw, 600px\" \/><\/a><\/span><\/div><div class=\"fusion-sep-clear\"><\/div><div class=\"fusion-separator fusion-full-width-sep\" style=\"margin-left: auto;margin-right: auto;margin-top:30px;margin-bottom:30px;width:100%;\"><\/div><div class=\"fusion-sep-clear\"><\/div><div class=\"fusion-text fusion-text-3\"><p>Reli\u00e9 :168 pages<br \/>\nCartonn\u00e9 &#8211; Noir et blanc<br \/>\n<b><\/b>Langue\u00a0: Fran\u00e7ais<b><\/b><br \/>\n<b><\/b>ISBN : 9782203224735<br \/>\nPrix: \u20ac 22,00<\/p>\n<\/div><div class=\"fusion-sep-clear\"><\/div><div class=\"fusion-separator fusion-full-width-sep\" style=\"margin-left: auto;margin-right: auto;width:100%;\"><\/div><div class=\"fusion-sep-clear\"><\/div><div class=\"fusion-button-wrapper\"><a class=\"fusion-button button-flat button-small button-default fusion-button-default button-1 fusion-button-default-span fusion-button-default-type\" target=\"_blank\" rel=\"noopener noreferrer\" href=\"https:\/\/www.amazon.fr\/Oc\u00e9an-noir-Bastien-Viv\u00e8s\/dp\/2203224738\/ref=sr_1_1?camp=1642&amp;creative=6746&amp;dchild=1&amp;keywords=9782203224735&amp;linkCode=ur2&amp;qid=1630423138&amp;sr=8-1\"><span class=\"fusion-button-text awb-button__text awb-button__text--default\">Amazon<\/span><\/a><\/div><div class=\"fusion-sep-clear\"><\/div><div class=\"fusion-separator fusion-full-width-sep\" style=\"margin-left: auto;margin-right: auto;width:100%;\"><\/div><div class=\"fusion-sep-clear\"><\/div><div class=\"fusion-button-wrapper\"><a class=\"fusion-button button-flat button-small button-default fusion-button-default button-2 fusion-button-default-span fusion-button-default-type\" target=\"_blank\" rel=\"noopener noreferrer\" href=\"https:\/\/www.placedeslibraires.fr\/livre\/9782203224735-ocean-noir-vives-quenehen-pratt\/\"><span class=\"fusion-button-text awb-button__text awb-button__text--default\">Place des Libraires<\/span><\/a><\/div><div class=\"fusion-clearfix\"><\/div><\/div><\/div><\/div><\/div><div class=\"fusion-fullwidth fullwidth-box fusion-builder-row-4 nonhundred-percent-fullwidth non-hundred-percent-height-scrolling\" style=\"--awb-border-radius-top-left:0px;--awb-border-radius-top-right:0px;--awb-border-radius-bottom-right:0px;--awb-border-radius-bottom-left:0px;--awb-flex-wrap:wrap;\" ><div class=\"fusion-builder-row fusion-row\"><div class=\"fusion-layout-column fusion_builder_column fusion-builder-column-5 fusion_builder_column_1_1 1_1 fusion-one-full fusion-column-first fusion-column-last\" style=\"--awb-bg-size:cover;\"><div class=\"fusion-column-wrapper fusion-column-has-shadow fusion-flex-column-wrapper-legacy\"><div class=\"fusion-sep-clear\"><\/div><div class=\"fusion-separator fusion-full-width-sep\" style=\"margin-left: auto;margin-right: auto;width:100%;\"><\/div><div class=\"fusion-sep-clear\"><\/div><div class=\"fusion-title title fusion-title-1 fusion-title-text fusion-title-size-one\"><h1 class=\"fusion-title-heading title-heading-left fusion-responsive-typography-calculated\" style=\"margin:0;--fontSize:36;line-height:1.33;\"><h3>L&#8217;avant-premi\u00e8re du libre<\/h3>\n<h1><\/h1><\/h1><span class=\"awb-title-spacer\"><\/span><div class=\"title-sep-container\"><div class=\"title-sep sep-double sep-solid\" style=\"border-color:#e0dede;\"><\/div><\/div><\/div><div class=\"fusion-sep-clear\"><\/div><div class=\"fusion-separator fusion-full-width-sep\" style=\"margin-left: auto;margin-right: auto;width:100%;\"><\/div><div class=\"fusion-sep-clear\"><\/div><div class=\"awb-gallery-wrapper awb-gallery-wrapper-1 button-span-no\"><div style=\"margin:-5px;--awb-bordersize:0px;\" class=\"fusion-gallery fusion-gallery-container fusion-grid-3 fusion-columns-total-5 fusion-gallery-layout-grid fusion-gallery-1\"><div style=\"padding:5px;\" class=\"fusion-grid-column fusion-gallery-column fusion-gallery-column-3 hover-type-none\"><div class=\"fusion-gallery-image\"><a href=\"https:\/\/cortomaltese.com\/fr\/wp-content\/uploads\/sites\/3\/Oc\u00e9an-Noir-1.jpg\" rel=\"noreferrer\" data-rel=\"iLightbox[gallery_image_1]\" class=\"fusion-lightbox\" target=\"_self\"><img decoding=\"async\" src=\"https:\/\/cortomaltese.com\/fr\/wp-content\/uploads\/sites\/3\/Oc\u00e9an-Noir-1.jpg\" width=\"703\" height=\"1024\" alt=\"Oc\u00e9an Noir\" title=\"Oc\u00e9an Noir 1\" aria-label=\"Oc\u00e9an Noir 1\" class=\"img-responsive wp-image-15105\" srcset=\"https:\/\/cortomaltese.com\/fr\/wp-content\/uploads\/sites\/3\/Oc\u00e9an-Noir-1-200x291.jpg 200w, https:\/\/cortomaltese.com\/fr\/wp-content\/uploads\/sites\/3\/Oc\u00e9an-Noir-1-400x583.jpg 400w, https:\/\/cortomaltese.com\/fr\/wp-content\/uploads\/sites\/3\/Oc\u00e9an-Noir-1-600x874.jpg 600w, https:\/\/cortomaltese.com\/fr\/wp-content\/uploads\/sites\/3\/Oc\u00e9an-Noir-1.jpg 703w\" sizes=\"(min-width: 2200px) 100vw, (min-width: 824px) 363px, (min-width: 732px) 545px, (min-width: 640px) 732px, \" \/><\/a><\/div><\/div><div style=\"padding:5px;\" class=\"fusion-grid-column fusion-gallery-column fusion-gallery-column-3 hover-type-none\"><div class=\"fusion-gallery-image\"><a href=\"https:\/\/cortomaltese.com\/fr\/wp-content\/uploads\/sites\/3\/Oc\u00e9an-Noir-2.jpg\" rel=\"noreferrer\" data-rel=\"iLightbox[gallery_image_1]\" class=\"fusion-lightbox\" target=\"_self\"><img decoding=\"async\" src=\"https:\/\/cortomaltese.com\/fr\/wp-content\/uploads\/sites\/3\/Oc\u00e9an-Noir-2.jpg\" width=\"703\" height=\"1024\" alt=\"Oc\u00e9an Noir\" title=\"Oc\u00e9an Noir 2\" aria-label=\"Oc\u00e9an Noir 2\" class=\"img-responsive wp-image-15106\" srcset=\"https:\/\/cortomaltese.com\/fr\/wp-content\/uploads\/sites\/3\/Oc\u00e9an-Noir-2-200x291.jpg 200w, https:\/\/cortomaltese.com\/fr\/wp-content\/uploads\/sites\/3\/Oc\u00e9an-Noir-2-400x583.jpg 400w, https:\/\/cortomaltese.com\/fr\/wp-content\/uploads\/sites\/3\/Oc\u00e9an-Noir-2-600x874.jpg 600w, https:\/\/cortomaltese.com\/fr\/wp-content\/uploads\/sites\/3\/Oc\u00e9an-Noir-2.jpg 703w\" sizes=\"(min-width: 2200px) 100vw, (min-width: 824px) 363px, (min-width: 732px) 545px, (min-width: 640px) 732px, \" \/><\/a><\/div><\/div><div style=\"padding:5px;\" class=\"fusion-grid-column fusion-gallery-column fusion-gallery-column-3 hover-type-none\"><div class=\"fusion-gallery-image\"><a href=\"https:\/\/cortomaltese.com\/fr\/wp-content\/uploads\/sites\/3\/Oc\u00e9an-Noir-3.jpg\" rel=\"noreferrer\" data-rel=\"iLightbox[gallery_image_1]\" class=\"fusion-lightbox\" target=\"_self\"><img decoding=\"async\" src=\"https:\/\/cortomaltese.com\/fr\/wp-content\/uploads\/sites\/3\/Oc\u00e9an-Noir-3.jpg\" width=\"703\" height=\"1024\" alt=\"Oc\u00e9an Noir\" title=\"Oc\u00e9an Noir 3\" aria-label=\"Oc\u00e9an Noir 3\" class=\"img-responsive wp-image-15107\" srcset=\"https:\/\/cortomaltese.com\/fr\/wp-content\/uploads\/sites\/3\/Oc\u00e9an-Noir-3-200x291.jpg 200w, https:\/\/cortomaltese.com\/fr\/wp-content\/uploads\/sites\/3\/Oc\u00e9an-Noir-3-400x583.jpg 400w, https:\/\/cortomaltese.com\/fr\/wp-content\/uploads\/sites\/3\/Oc\u00e9an-Noir-3-600x874.jpg 600w, https:\/\/cortomaltese.com\/fr\/wp-content\/uploads\/sites\/3\/Oc\u00e9an-Noir-3.jpg 703w\" sizes=\"(min-width: 2200px) 100vw, (min-width: 824px) 363px, (min-width: 732px) 545px, (min-width: 640px) 732px, \" \/><\/a><\/div><\/div><div class=\"clearfix\"><\/div><div style=\"padding:5px;\" class=\"fusion-grid-column fusion-gallery-column fusion-gallery-column-3 hover-type-none\"><div class=\"fusion-gallery-image\"><a href=\"https:\/\/cortomaltese.com\/fr\/wp-content\/uploads\/sites\/3\/Oc\u00e9an-Noir-4.jpg\" rel=\"noreferrer\" data-rel=\"iLightbox[gallery_image_1]\" class=\"fusion-lightbox\" target=\"_self\"><img decoding=\"async\" src=\"https:\/\/cortomaltese.com\/fr\/wp-content\/uploads\/sites\/3\/Oc\u00e9an-Noir-4.jpg\" width=\"703\" height=\"1024\" alt=\"Oc\u00e9an Noir\" title=\"Oc\u00e9an Noir 4\" aria-label=\"Oc\u00e9an Noir 4\" class=\"img-responsive wp-image-15108\" srcset=\"https:\/\/cortomaltese.com\/fr\/wp-content\/uploads\/sites\/3\/Oc\u00e9an-Noir-4-200x291.jpg 200w, https:\/\/cortomaltese.com\/fr\/wp-content\/uploads\/sites\/3\/Oc\u00e9an-Noir-4-400x583.jpg 400w, https:\/\/cortomaltese.com\/fr\/wp-content\/uploads\/sites\/3\/Oc\u00e9an-Noir-4-600x874.jpg 600w, https:\/\/cortomaltese.com\/fr\/wp-content\/uploads\/sites\/3\/Oc\u00e9an-Noir-4.jpg 703w\" sizes=\"(min-width: 2200px) 100vw, (min-width: 824px) 363px, (min-width: 732px) 545px, (min-width: 640px) 732px, \" \/><\/a><\/div><\/div><div style=\"padding:5px;\" class=\"fusion-grid-column fusion-gallery-column fusion-gallery-column-3 hover-type-none\"><div class=\"fusion-gallery-image\"><a href=\"https:\/\/cortomaltese.com\/fr\/wp-content\/uploads\/sites\/3\/Oc\u00e9an-Noir-5.jpg\" rel=\"noreferrer\" data-rel=\"iLightbox[gallery_image_1]\" class=\"fusion-lightbox\" target=\"_self\"><img decoding=\"async\" src=\"https:\/\/cortomaltese.com\/fr\/wp-content\/uploads\/sites\/3\/Oc\u00e9an-Noir-5.jpg\" width=\"703\" height=\"1024\" alt=\"Oc\u00e9an Noir\" title=\"Oc\u00e9an Noir 5\" aria-label=\"Oc\u00e9an Noir 5\" class=\"img-responsive wp-image-15109\" srcset=\"https:\/\/cortomaltese.com\/fr\/wp-content\/uploads\/sites\/3\/Oc\u00e9an-Noir-5-200x291.jpg 200w, https:\/\/cortomaltese.com\/fr\/wp-content\/uploads\/sites\/3\/Oc\u00e9an-Noir-5-400x583.jpg 400w, https:\/\/cortomaltese.com\/fr\/wp-content\/uploads\/sites\/3\/Oc\u00e9an-Noir-5-600x874.jpg 600w, https:\/\/cortomaltese.com\/fr\/wp-content\/uploads\/sites\/3\/Oc\u00e9an-Noir-5.jpg 703w\" sizes=\"(min-width: 2200px) 100vw, (min-width: 824px) 363px, (min-width: 732px) 545px, (min-width: 640px) 732px, \" \/><\/a><\/div><\/div><\/div><\/div><div class=\"fusion-clearfix\"><\/div><\/div><\/div><\/div><\/div><div class=\"fusion-fullwidth fullwidth-box fusion-builder-row-5 fusion-flex-container has-pattern-background has-mask-background nonhundred-percent-fullwidth non-hundred-percent-height-scrolling\" style=\"--awb-border-radius-top-left:0px;--awb-border-radius-top-right:0px;--awb-border-radius-bottom-right:0px;--awb-border-radius-bottom-left:0px;--awb-flex-wrap:wrap;\" ><div class=\"fusion-builder-row fusion-row fusion-flex-align-items-flex-start fusion-flex-content-wrap\" style=\"max-width:1144px;margin-left: calc(-4% \/ 2 );margin-right: calc(-4% \/ 2 );\"><div class=\"fusion-layout-column fusion_builder_column fusion-builder-column-6 fusion_builder_column_1_1 1_1 fusion-flex-column\" style=\"--awb-bg-size:cover;--awb-width-large:100%;--awb-margin-top-large:0px;--awb-spacing-right-large:1.92%;--awb-margin-bottom-large:20px;--awb-spacing-left-large:1.92%;--awb-width-medium:100%;--awb-order-medium:0;--awb-spacing-right-medium:1.92%;--awb-spacing-left-medium:1.92%;--awb-width-small:100%;--awb-order-small:0;--awb-spacing-right-small:1.92%;--awb-spacing-left-small:1.92%;\"><div class=\"fusion-column-wrapper fusion-column-has-shadow fusion-flex-justify-content-flex-start fusion-content-layout-column\"><div class=\"fusion-title title fusion-title-2 fusion-title-text fusion-title-size-one\"><div class=\"title-sep-container title-sep-container-left fusion-no-large-visibility fusion-no-medium-visibility fusion-no-small-visibility\"><div class=\"title-sep sep-double sep-solid\" style=\"border-color:#e0dede;\"><\/div><\/div><span class=\"awb-title-spacer fusion-no-large-visibility fusion-no-medium-visibility fusion-no-small-visibility\"><\/span><h1 class=\"fusion-title-heading title-heading-left fusion-responsive-typography-calculated\" style=\"margin:0;--fontSize:36;line-height:1.33;\"><h3 id=\"tw-target-text\" class=\"tw-data-text tw-text-large tw-ta\" data-placeholder=\"Traduzione\" aria-label=\"Testo tradotto\" data-ved=\"2ahUKEwj80-rvi_mFAxXH0wIHHWIwBwoQ3ewLegQIBRAU\"><span class=\"Y2IQFc\" lang=\"fr\">Revue de presse &#8220;Corto Maltese, Oc\u00e9an Noir&#8221;<\/span><\/h3><\/h1><span class=\"awb-title-spacer\"><\/span><div class=\"title-sep-container title-sep-container-right\"><div class=\"title-sep sep-double sep-solid\" style=\"border-color:#e0dede;\"><\/div><\/div><\/div><div class=\"fusion-separator fusion-full-width-sep\" style=\"align-self: center;margin-left: auto;margin-right: auto;width:100%;\"><\/div><div class=\"fusion-text fusion-text-4\"><p><b>La Nouvelle R\u00e9publique. <\/b><a href=\"https:\/\/www.lanouvellerepublique.fr\/a-la-une\/bande-dessinee-corto-maltese-un-pirate-du-xxieme-siecle\" target=\"_blank\" rel=\"noopener\">Bande dessin\u00e9e : Corto Maltese, un pirate du XXI\u00e8me si\u00e8cle<\/a><\/p>\n<p><strong>France Inter.<\/strong> <a href=\"https:\/\/www.radiofrance.fr\/franceinter\/bd-ocean-noir-de-bastien-vives-et-martin-quenehen-quand-corto-maltese-prend-un-coup-de-jeune-6596124\" target=\"_blank\" rel=\"noopener\">\u201cOc\u00e9an Noir\u201d de Bastien Viv\u00e8s et Martin Quenehen, quand Corto Maltese prend un coup de jeune<\/a><\/p>\n<p><strong>Huffington Post. <\/strong><a href=\"https:\/\/www.huffingtonpost.fr\/culture\/article\/ocean-noir-corto-maltese-un-heros-du-xxie-siecle_186383.html\" target=\"_blank\" rel=\"noopener\">\u201cOc\u00e9an Noir\u201d: Corto Maltese, un h\u00e9ros du XXIe si\u00e8cle<\/a><\/p>\n<\/div><\/div><\/div><\/div><\/div><\/p>\n","protected":false},"excerpt":{"rendered":"<p>Bastien Viv\u00e8s et Martin Quenehen r\u00e9interpr\u00e8tent le mythe cr\u00e9\u00e9 par Hugo Pratt dans \u00ab Oc\u00e9an noir \u00bb, \u00e0 para\u00eetre chez Casterman le 1er septembre 2021.<\/p>\n","protected":false},"author":1,"featured_media":15103,"comment_status":"closed","ping_status":"open","sticky":false,"template":"","format":"standard","meta":{"footnotes":""},"categories":[28,19,7],"tags":[89,90,88],"class_list":["post-15102","post","type-post","status-publish","format-standard","has-post-thumbnail","hentry","category-evidence","category-featured","category-nouveautes","tag-bastien-vives","tag-martin-quenehen","tag-ocean-noir"],"yoast_head":"<!-- This site is optimized with the Yoast SEO plugin v26.5 - https:\/\/yoast.com\/wordpress\/plugins\/seo\/ -->\n<title>Corto Maltese est de retour avec &quot;Oc\u00e9an Noir&quot;: L\u2019aventure a un visage!<\/title>\n<meta name=\"description\" content=\"&quot;Oc\u00e9an Noir&quot;: Bastien Viv\u00e8s et Martin Quenehen r\u00e9interpr\u00e8tent le mythe cr\u00e9\u00e9 par Hugo Pratt, \u00e0 para\u00eetre chez Casterman le 1er septembre 2021.\" \/>\n<meta name=\"robots\" content=\"index, follow, max-snippet:-1, max-image-preview:large, max-video-preview:-1\" \/>\n<link rel=\"canonical\" href=\"https:\/\/cortomaltese.com\/fr\/corto-maltese-est-de-retour-avec-ocean-noir\/\" \/>\n<meta property=\"og:locale\" content=\"fr_FR\" \/>\n<meta property=\"og:type\" content=\"article\" \/>\n<meta property=\"og:title\" content=\"Corto Maltese est de retour avec &quot;Oc\u00e9an Noir&quot;: L\u2019aventure a un visage!\" \/>\n<meta property=\"og:description\" content=\"&quot;Oc\u00e9an Noir&quot;: Bastien Viv\u00e8s et Martin Quenehen r\u00e9interpr\u00e8tent le mythe cr\u00e9\u00e9 par Hugo Pratt, \u00e0 para\u00eetre chez Casterman le 1er septembre 2021.\" \/>\n<meta property=\"og:url\" content=\"https:\/\/cortomaltese.com\/fr\/corto-maltese-est-de-retour-avec-ocean-noir\/\" \/>\n<meta property=\"og:site_name\" content=\"cortomaltese fran\u00e7ais\" \/>\n<meta property=\"article:published_time\" content=\"2021-08-31T15:21:38+00:00\" \/>\n<meta property=\"article:modified_time\" content=\"2024-05-06T13:15:22+00:00\" \/>\n<meta property=\"og:image\" content=\"https:\/\/cortomaltese.com\/fr\/wp-content\/uploads\/sites\/3\/Oc\u00e9an-Noir.png\" \/>\n\t<meta property=\"og:image:width\" content=\"1200\" \/>\n\t<meta property=\"og:image:height\" content=\"1747\" \/>\n\t<meta property=\"og:image:type\" content=\"image\/png\" \/>\n<meta name=\"author\" content=\"Corto Maltese\" \/>\n<meta name=\"twitter:card\" content=\"summary_large_image\" \/>\n<meta name=\"twitter:label1\" content=\"\u00c9crit par\" \/>\n\t<meta name=\"twitter:data1\" content=\"Corto Maltese\" \/>\n\t<meta name=\"twitter:label2\" content=\"Dur\u00e9e de lecture estim\u00e9e\" \/>\n\t<meta name=\"twitter:data2\" content=\"7 minutes\" \/>\n<script type=\"application\/ld+json\" class=\"yoast-schema-graph\">{\"@context\":\"https:\/\/schema.org\",\"@graph\":[{\"@type\":\"WebPage\",\"@id\":\"https:\/\/cortomaltese.com\/fr\/corto-maltese-est-de-retour-avec-ocean-noir\/\",\"url\":\"https:\/\/cortomaltese.com\/fr\/corto-maltese-est-de-retour-avec-ocean-noir\/\",\"name\":\"Corto Maltese est de retour avec \\\"Oc\u00e9an Noir\\\": L\u2019aventure a un visage!\",\"isPartOf\":{\"@id\":\"https:\/\/cortomaltese.com\/fr\/#website\"},\"primaryImageOfPage\":{\"@id\":\"https:\/\/cortomaltese.com\/fr\/corto-maltese-est-de-retour-avec-ocean-noir\/#primaryimage\"},\"image\":{\"@id\":\"https:\/\/cortomaltese.com\/fr\/corto-maltese-est-de-retour-avec-ocean-noir\/#primaryimage\"},\"thumbnailUrl\":\"https:\/\/cortomaltese.com\/fr\/wp-content\/uploads\/sites\/3\/Oc\u00e9an-Noir.png\",\"datePublished\":\"2021-08-31T15:21:38+00:00\",\"dateModified\":\"2024-05-06T13:15:22+00:00\",\"author\":{\"@id\":\"https:\/\/cortomaltese.com\/fr\/#\/schema\/person\/5204dd292c3d1105df4b66cc0749217e\"},\"description\":\"\\\"Oc\u00e9an Noir\\\": Bastien Viv\u00e8s et Martin Quenehen r\u00e9interpr\u00e8tent le mythe cr\u00e9\u00e9 par Hugo Pratt, \u00e0 para\u00eetre chez Casterman le 1er septembre 2021.\",\"breadcrumb\":{\"@id\":\"https:\/\/cortomaltese.com\/fr\/corto-maltese-est-de-retour-avec-ocean-noir\/#breadcrumb\"},\"inLanguage\":\"fr-FR\",\"potentialAction\":[{\"@type\":\"ReadAction\",\"target\":[\"https:\/\/cortomaltese.com\/fr\/corto-maltese-est-de-retour-avec-ocean-noir\/\"]}]},{\"@type\":\"ImageObject\",\"inLanguage\":\"fr-FR\",\"@id\":\"https:\/\/cortomaltese.com\/fr\/corto-maltese-est-de-retour-avec-ocean-noir\/#primaryimage\",\"url\":\"https:\/\/cortomaltese.com\/fr\/wp-content\/uploads\/sites\/3\/Oc\u00e9an-Noir.png\",\"contentUrl\":\"https:\/\/cortomaltese.com\/fr\/wp-content\/uploads\/sites\/3\/Oc\u00e9an-Noir.png\",\"width\":1200,\"height\":1747,\"caption\":\"Oc\u00e9an Noir\"},{\"@type\":\"BreadcrumbList\",\"@id\":\"https:\/\/cortomaltese.com\/fr\/corto-maltese-est-de-retour-avec-ocean-noir\/#breadcrumb\",\"itemListElement\":[{\"@type\":\"ListItem\",\"position\":1,\"name\":\"Accueil\",\"item\":\"https:\/\/cortomaltese.com\/fr\/\"},{\"@type\":\"ListItem\",\"position\":2,\"name\":\"Corto Maltese est de retour avec &#8220;Oc\u00e9an Noir&#8221;: Bastien Viv\u00e8s et Martin Quenehen r\u00e9interpr\u00e8tent le mythe cr\u00e9\u00e9 par Hugo Pratt\"}]},{\"@type\":\"WebSite\",\"@id\":\"https:\/\/cortomaltese.com\/fr\/#website\",\"url\":\"https:\/\/cortomaltese.com\/fr\/\",\"name\":\"cortomaltese fran\u00e7ais\",\"description\":\"Il sito ufficiale\",\"potentialAction\":[{\"@type\":\"SearchAction\",\"target\":{\"@type\":\"EntryPoint\",\"urlTemplate\":\"https:\/\/cortomaltese.com\/fr\/?s={search_term_string}\"},\"query-input\":{\"@type\":\"PropertyValueSpecification\",\"valueRequired\":true,\"valueName\":\"search_term_string\"}}],\"inLanguage\":\"fr-FR\"},{\"@type\":\"Person\",\"@id\":\"https:\/\/cortomaltese.com\/fr\/#\/schema\/person\/5204dd292c3d1105df4b66cc0749217e\",\"name\":\"Corto Maltese\",\"image\":{\"@type\":\"ImageObject\",\"inLanguage\":\"fr-FR\",\"@id\":\"https:\/\/cortomaltese.com\/fr\/#\/schema\/person\/image\/\",\"url\":\"https:\/\/secure.gravatar.com\/avatar\/2ad4be5824b38545bbca3ce52ffd9add?s=96&d=mm&r=g\",\"contentUrl\":\"https:\/\/secure.gravatar.com\/avatar\/2ad4be5824b38545bbca3ce52ffd9add?s=96&d=mm&r=g\",\"caption\":\"Corto Maltese\"},\"url\":\"https:\/\/cortomaltese.com\/fr\/author\/cortomaltese\/\"}]}<\/script>\n<!-- \/ Yoast SEO plugin. -->","yoast_head_json":{"title":"Corto Maltese est de retour avec \"Oc\u00e9an Noir\": L\u2019aventure a un visage!","description":"\"Oc\u00e9an Noir\": Bastien Viv\u00e8s et Martin Quenehen r\u00e9interpr\u00e8tent le mythe cr\u00e9\u00e9 par Hugo Pratt, \u00e0 para\u00eetre chez Casterman le 1er septembre 2021.","robots":{"index":"index","follow":"follow","max-snippet":"max-snippet:-1","max-image-preview":"max-image-preview:large","max-video-preview":"max-video-preview:-1"},"canonical":"https:\/\/cortomaltese.com\/fr\/corto-maltese-est-de-retour-avec-ocean-noir\/","og_locale":"fr_FR","og_type":"article","og_title":"Corto Maltese est de retour avec \"Oc\u00e9an Noir\": L\u2019aventure a un visage!","og_description":"\"Oc\u00e9an Noir\": Bastien Viv\u00e8s et Martin Quenehen r\u00e9interpr\u00e8tent le mythe cr\u00e9\u00e9 par Hugo Pratt, \u00e0 para\u00eetre chez Casterman le 1er septembre 2021.","og_url":"https:\/\/cortomaltese.com\/fr\/corto-maltese-est-de-retour-avec-ocean-noir\/","og_site_name":"cortomaltese fran\u00e7ais","article_published_time":"2021-08-31T15:21:38+00:00","article_modified_time":"2024-05-06T13:15:22+00:00","og_image":[{"width":1200,"height":1747,"url":"https:\/\/cortomaltese.com\/fr\/wp-content\/uploads\/sites\/3\/Oc\u00e9an-Noir.png","type":"image\/png"}],"author":"Corto Maltese","twitter_card":"summary_large_image","twitter_misc":{"\u00c9crit par":"Corto Maltese","Dur\u00e9e de lecture estim\u00e9e":"7 minutes"},"schema":{"@context":"https:\/\/schema.org","@graph":[{"@type":"WebPage","@id":"https:\/\/cortomaltese.com\/fr\/corto-maltese-est-de-retour-avec-ocean-noir\/","url":"https:\/\/cortomaltese.com\/fr\/corto-maltese-est-de-retour-avec-ocean-noir\/","name":"Corto Maltese est de retour avec \"Oc\u00e9an Noir\": L\u2019aventure a un visage!","isPartOf":{"@id":"https:\/\/cortomaltese.com\/fr\/#website"},"primaryImageOfPage":{"@id":"https:\/\/cortomaltese.com\/fr\/corto-maltese-est-de-retour-avec-ocean-noir\/#primaryimage"},"image":{"@id":"https:\/\/cortomaltese.com\/fr\/corto-maltese-est-de-retour-avec-ocean-noir\/#primaryimage"},"thumbnailUrl":"https:\/\/cortomaltese.com\/fr\/wp-content\/uploads\/sites\/3\/Oc\u00e9an-Noir.png","datePublished":"2021-08-31T15:21:38+00:00","dateModified":"2024-05-06T13:15:22+00:00","author":{"@id":"https:\/\/cortomaltese.com\/fr\/#\/schema\/person\/5204dd292c3d1105df4b66cc0749217e"},"description":"\"Oc\u00e9an Noir\": Bastien Viv\u00e8s et Martin Quenehen r\u00e9interpr\u00e8tent le mythe cr\u00e9\u00e9 par Hugo Pratt, \u00e0 para\u00eetre chez Casterman le 1er septembre 2021.","breadcrumb":{"@id":"https:\/\/cortomaltese.com\/fr\/corto-maltese-est-de-retour-avec-ocean-noir\/#breadcrumb"},"inLanguage":"fr-FR","potentialAction":[{"@type":"ReadAction","target":["https:\/\/cortomaltese.com\/fr\/corto-maltese-est-de-retour-avec-ocean-noir\/"]}]},{"@type":"ImageObject","inLanguage":"fr-FR","@id":"https:\/\/cortomaltese.com\/fr\/corto-maltese-est-de-retour-avec-ocean-noir\/#primaryimage","url":"https:\/\/cortomaltese.com\/fr\/wp-content\/uploads\/sites\/3\/Oc\u00e9an-Noir.png","contentUrl":"https:\/\/cortomaltese.com\/fr\/wp-content\/uploads\/sites\/3\/Oc\u00e9an-Noir.png","width":1200,"height":1747,"caption":"Oc\u00e9an Noir"},{"@type":"BreadcrumbList","@id":"https:\/\/cortomaltese.com\/fr\/corto-maltese-est-de-retour-avec-ocean-noir\/#breadcrumb","itemListElement":[{"@type":"ListItem","position":1,"name":"Accueil","item":"https:\/\/cortomaltese.com\/fr\/"},{"@type":"ListItem","position":2,"name":"Corto Maltese est de retour avec &#8220;Oc\u00e9an Noir&#8221;: Bastien Viv\u00e8s et Martin Quenehen r\u00e9interpr\u00e8tent le mythe cr\u00e9\u00e9 par Hugo Pratt"}]},{"@type":"WebSite","@id":"https:\/\/cortomaltese.com\/fr\/#website","url":"https:\/\/cortomaltese.com\/fr\/","name":"cortomaltese fran\u00e7ais","description":"Il sito ufficiale","potentialAction":[{"@type":"SearchAction","target":{"@type":"EntryPoint","urlTemplate":"https:\/\/cortomaltese.com\/fr\/?s={search_term_string}"},"query-input":{"@type":"PropertyValueSpecification","valueRequired":true,"valueName":"search_term_string"}}],"inLanguage":"fr-FR"},{"@type":"Person","@id":"https:\/\/cortomaltese.com\/fr\/#\/schema\/person\/5204dd292c3d1105df4b66cc0749217e","name":"Corto Maltese","image":{"@type":"ImageObject","inLanguage":"fr-FR","@id":"https:\/\/cortomaltese.com\/fr\/#\/schema\/person\/image\/","url":"https:\/\/secure.gravatar.com\/avatar\/2ad4be5824b38545bbca3ce52ffd9add?s=96&d=mm&r=g","contentUrl":"https:\/\/secure.gravatar.com\/avatar\/2ad4be5824b38545bbca3ce52ffd9add?s=96&d=mm&r=g","caption":"Corto Maltese"},"url":"https:\/\/cortomaltese.com\/fr\/author\/cortomaltese\/"}]}},"_links":{"self":[{"href":"https:\/\/cortomaltese.com\/fr\/wp-json\/wp\/v2\/posts\/15102","targetHints":{"allow":["GET"]}}],"collection":[{"href":"https:\/\/cortomaltese.com\/fr\/wp-json\/wp\/v2\/posts"}],"about":[{"href":"https:\/\/cortomaltese.com\/fr\/wp-json\/wp\/v2\/types\/post"}],"author":[{"embeddable":true,"href":"https:\/\/cortomaltese.com\/fr\/wp-json\/wp\/v2\/users\/1"}],"replies":[{"embeddable":true,"href":"https:\/\/cortomaltese.com\/fr\/wp-json\/wp\/v2\/comments?post=15102"}],"version-history":[{"count":0,"href":"https:\/\/cortomaltese.com\/fr\/wp-json\/wp\/v2\/posts\/15102\/revisions"}],"wp:featuredmedia":[{"embeddable":true,"href":"https:\/\/cortomaltese.com\/fr\/wp-json\/wp\/v2\/media\/15103"}],"wp:attachment":[{"href":"https:\/\/cortomaltese.com\/fr\/wp-json\/wp\/v2\/media?parent=15102"}],"wp:term":[{"taxonomy":"category","embeddable":true,"href":"https:\/\/cortomaltese.com\/fr\/wp-json\/wp\/v2\/categories?post=15102"},{"taxonomy":"post_tag","embeddable":true,"href":"https:\/\/cortomaltese.com\/fr\/wp-json\/wp\/v2\/tags?post=15102"}],"curies":[{"name":"wp","href":"https:\/\/api.w.org\/{rel}","templated":true}]}}