{"id":15091,"date":"2021-07-07T16:04:09","date_gmt":"2021-07-07T14:04:09","guid":{"rendered":"https:\/\/cortomaltese.com\/fr\/?p=15091"},"modified":"2021-07-07T16:24:57","modified_gmt":"2021-07-07T14:24:57","slug":"bayonne-hugo-pratt","status":"publish","type":"post","link":"https:\/\/cortomaltese.com\/fr\/bayonne-hugo-pratt\/","title":{"rendered":"Hugo Pratt, dessin au long cours au DIDAM"},"content":{"rendered":"<p><div class=\"fusion-fullwidth fullwidth-box fusion-builder-row-1 nonhundred-percent-fullwidth non-hundred-percent-height-scrolling\" style=\"--awb-border-radius-top-left:0px;--awb-border-radius-top-right:0px;--awb-border-radius-bottom-right:0px;--awb-border-radius-bottom-left:0px;--awb-flex-wrap:wrap;\" ><div class=\"fusion-builder-row fusion-row\"><div class=\"fusion-layout-column fusion_builder_column fusion-builder-column-0 fusion_builder_column_1_1 1_1 fusion-one-full fusion-column-first fusion-column-last\" style=\"--awb-bg-size:cover;\"><div class=\"fusion-column-wrapper fusion-column-has-shadow fusion-flex-column-wrapper-legacy\"><div class=\"fusion-text fusion-text-1\"><h1 class=\"heading__title\">Exposition : Hugo Pratt, dessin au long cours au DIDAM de Bayonne<\/h1>\n<h2>Initialement programm\u00e9e au DIDAM cours de l\u2019\u00e9t\u00e9 2020, l\u2019exposition &#8220;Hugo Pratt, dessin au long cours&#8221; aura finalement lieu <strong>du 15 juin au 19 septembre 2021<\/strong>.<\/h2>\n<div class=\"fusion-sep-clear\"><\/div><div class=\"fusion-separator fusion-clearfix\" style=\"float:left;margin-top:20px;margin-bottom:0px;width:100%;max-width:40%;\"><div class=\"fusion-separator-border sep-single sep-solid\" style=\"--awb-height:20px;--awb-amount:20px;--awb-sep-color:#ffffff;border-color:#00000;border-top-width:4px;\"><\/div><\/div><div class=\"fusion-sep-clear\"><\/div>\n<\/div><div class=\"fusion-sep-clear\"><\/div><div class=\"fusion-separator fusion-full-width-sep\" style=\"margin-left: auto;margin-right: auto;width:100%;\"><\/div><div class=\"fusion-sep-clear\"><\/div><div class=\"fusion-clearfix\"><\/div><\/div><\/div><\/div><\/div><div class=\"fusion-fullwidth fullwidth-box fusion-builder-row-2 nonhundred-percent-fullwidth non-hundred-percent-height-scrolling\" style=\"--awb-border-radius-top-left:0px;--awb-border-radius-top-right:0px;--awb-border-radius-bottom-right:0px;--awb-border-radius-bottom-left:0px;--awb-flex-wrap:wrap;\" ><div class=\"fusion-builder-row fusion-row\"><div class=\"fusion-layout-column fusion_builder_column fusion-builder-column-1 fusion_builder_column_2_3 2_3 fusion-two-third fusion-column-first\" style=\"--awb-bg-size:cover;width:66.666666666667%;width:calc(66.666666666667% - ( ( 4% ) * 0.66666666666667 ) );margin-right: 4%;\"><div class=\"fusion-column-wrapper fusion-column-has-shadow fusion-flex-column-wrapper-legacy\"><div class=\"fusion-text fusion-text-2\"><h3><span style=\"color: #993300;\"><strong>Exposition &#8220;Hugo Pratt\u00a0<\/strong>dessin au long cours<strong>&#8220;<\/strong><\/span><\/h3>\n<p><span style=\"color: #993300;\"><strong>Du\u00a0<\/strong><strong>15 juin\u00a0<\/strong><strong style=\"font-size: 16px;\">2021 au 6 f\u00e9vrier 2022<\/strong><\/span><\/p>\n<h3 class=\"title\">Pr\u00e9sentation de l&#8217;expo<\/h3>\n<p>Pour sa r\u00e9ouverture, le DIDAM consacre\u00a0pour la premi\u00e8re fois un projet \u00e0 la bande dessin\u00e9e en mettant \u00e0 l\u2019honneur le parcours d\u2019Hugo Pratt (1927-1995), cr\u00e9ateur du c\u00e9l\u00e8bre personnage Corto Maltese. \u00c0 travers la confrontation de documents d\u2019archives, reproductions de planches, de travaux pr\u00e9paratoires et d\u2019aquarelles, l&#8217;exposition d\u00e9taille la naissance de son inspiration et les voyages au long cours incarn\u00e9s par le personnage phare qu\u2019est Corto Maltese.<\/p>\n<h3>Concept<\/h3>\n<p><strong>L\u2019exposition Hugo Pratt pr\u00e9sent\u00e9e cet \u00e9t\u00e9 \u00e0 Bayonne rassemble 121 reproductions d\u2019\u0153uvres originales accompagn\u00e9es de textes et de photographies documentant la vie et le parcours du c\u00e9l\u00e8bre dessinateur italien.<\/strong><\/p>\n<p>Invitation au voyage, le parcours de l&#8217;exposition propose de d\u00e9couvrir l\u2019enfance d\u2019Hugo Pratt en Italie puis en Afrique o\u00f9 se croisent exp\u00e9riences de jeunesse, influences multiculturelles et premi\u00e8res inspirations litt\u00e9raires. Il nous entra\u00eene ensuite vers l&#8217;histoire des Indiens d&#8217;Am\u00e9rique du Nord puis vers l&#8217;Argentine, lieu de vie et terreau de cr\u00e9ation pour le dessinateur devenu jeune adulte.<\/p>\n<p>Dans les oeuvres pr\u00e9sent\u00e9es, le trait et l&#8217;encre noire, marques de fabrique de l&#8217;auteur, sont contrebalanc\u00e9s par une ma\u00eetrise remarquable de l&#8217;aquarelle qui donne de la lumi\u00e8re et de la douceur aux paysages comme aux personnages. Le p\u00e9riple du visiteur se termine sur une salle enti\u00e8rement consacr\u00e9e \u00e0 Corto Maltese, marin s\u00e9ducteur et aventurier, figure embl\u00e9matique d&#8217;Hugo Pratt, et arme puissante de ce dernier pour transmettre, via le dessin, son sens aigu des comportements humains et de la soci\u00e9t\u00e9.<\/p>\n<p>Projet \u00e9labor\u00e9 par la Ville de Bayonne en partenariat avec la soci\u00e9t\u00e9 <a href=\"https:\/\/www.cong-pratt.com\" target=\"_blank\" rel=\"noopener noreferrer\">Cong<\/a>, cr\u00e9\u00e9e par l&#8217;auteur pour g\u00e9rer et d\u00e9velopper son \u0153uvre, et titulaire exclusif de tous les droits de reproduction.<\/p>\n<h3><b>Hugo Pratt en voyage\u00a0<\/b><\/h3>\n<h4>Grand lecteur de romans d&#8217;aventure, Hugo Pratt aimait mettre en sc\u00e8ne des r\u00e9cits situ\u00e9s aux confins du r\u00eave. C\u2019est \u00e0 ce voyage onirique qu\u2019est convi\u00e9 le public comme \u00e0 la d\u00e9couverte de ce trait sp\u00e9cifique qui en fait l\u2019un des plus grands dessinateurs contemporains.<\/h4>\n<h4>D\u00e9c\u00e9d\u00e9 en 1995, Hugo Pratt disait que son style \u00e9tait\u00a0le r\u00e9sultat de toute une vie de recherche : &#8220;J&#8217;ai travaill\u00e9 pendant 50 ans pour en arriver \u00e0 dessiner comme maintenant (&#8230;). Je voudrais arriver un jour \u00e0 tout faire comprendre avec une simple ligne.&#8221; Pointu\u00a0et ambitieux, il avait une m\u00e9thode : &#8220;Je crayonne tr\u00e8s peu. Je dessine quasi toujours directement et je proc\u00e8de dessin par dessin, vignette par vignette. Pourquoi ? Tout simplement pour m&#8217;\u00e9viter de revenir en arri\u00e8re, sans quoi je n&#8217;arr\u00eaterais pas d&#8217;\u00e9baucher et d&#8217;esquisser des \u00e9bauches d&#8217;\u00e9bauches qui me donneraient toujours un peu plus le sentiment d&#8217;insatisfaction.&#8221; Ce qui \u00e9videmment requi\u00e9rait une v\u00e9ritable technicit\u00e9. Grand amateur d&#8217;encre noire, il appr\u00e9ciait \u00e9galement l&#8217;aquarelle qui, justement, ne pardonne pas les erreurs.<\/h4>\n<h3 data-fontsize=\"16\" data-lineheight=\"24\"><\/h3>\n<\/div><div class=\"fusion-clearfix\"><\/div><\/div><\/div><div class=\"fusion-layout-column fusion_builder_column fusion-builder-column-2 fusion_builder_column_1_3 1_3 fusion-one-third fusion-column-last\" style=\"--awb-bg-size:cover;width:33.333333333333%;width:calc(33.333333333333% - ( ( 4% ) * 0.33333333333333 ) );\"><div class=\"fusion-column-wrapper fusion-column-has-shadow fusion-flex-column-wrapper-legacy\"><div class=\"fusion-image-element in-legacy-container\" style=\"--awb-caption-title-font-family:var(--h2_typography-font-family);--awb-caption-title-font-weight:var(--h2_typography-font-weight);--awb-caption-title-font-style:var(--h2_typography-font-style);--awb-caption-title-size:var(--h2_typography-font-size);--awb-caption-title-transform:var(--h2_typography-text-transform);--awb-caption-title-line-height:var(--h2_typography-line-height);--awb-caption-title-letter-spacing:var(--h2_typography-letter-spacing);\"><span class=\" fusion-imageframe imageframe-none imageframe-1 hover-type-zoomin\"><img decoding=\"async\" width=\"1000\" height=\"1466\" alt=\"Bayonne Hugo Pratt\" title=\"Bayonne Hugo Pratt\" src=\"https:\/\/cortomaltese.com\/fr\/wp-content\/uploads\/sites\/3\/affiche-hugo-Pratt-light-min.jpg\" class=\"img-responsive wp-image-15097\" srcset=\"https:\/\/cortomaltese.com\/fr\/wp-content\/uploads\/sites\/3\/affiche-hugo-Pratt-light-min-200x293.jpg 200w, https:\/\/cortomaltese.com\/fr\/wp-content\/uploads\/sites\/3\/affiche-hugo-Pratt-light-min-400x586.jpg 400w, https:\/\/cortomaltese.com\/fr\/wp-content\/uploads\/sites\/3\/affiche-hugo-Pratt-light-min-600x880.jpg 600w, https:\/\/cortomaltese.com\/fr\/wp-content\/uploads\/sites\/3\/affiche-hugo-Pratt-light-min-800x1173.jpg 800w, https:\/\/cortomaltese.com\/fr\/wp-content\/uploads\/sites\/3\/affiche-hugo-Pratt-light-min.jpg 1000w\" sizes=\"(max-width: 800px) 100vw, 400px\" \/><\/span><\/div><div class=\"fusion-sep-clear\"><\/div><div class=\"fusion-separator fusion-full-width-sep\" style=\"margin-left: auto;margin-right: auto;width:100%;\"><div class=\"fusion-separator-border sep-single sep-solid\" style=\"--awb-height:20px;--awb-amount:20px;border-color:#e0dede;border-top-width:1px;\"><\/div><\/div><div class=\"fusion-sep-clear\"><\/div><div class=\"fusion-text fusion-text-3\"><h5 class=\"infos__item -public \"><strong>Public<\/strong>\u00a0: Tout public<\/h5>\n<h5 class=\"infos__item -tariff \"><strong>Tarif<\/strong>\u00a0: Gratuit, entr\u00e9e libre sans r\u00e9servation. Protocole sanitaire en vigueur.<\/h5>\n<h5 class=\"infos__item -recurring \"><strong>Informations compl\u00e9mentaires\u00a0<\/strong>\u00a0Le <a href=\"https:\/\/didam.bayonne.fr\/informations-transversales\/toute-la-programmation\/hugo-pratt-dessin-au-long-cours-7248\" target=\"_blank\" rel=\"noopener noreferrer\">DIDAM<\/a> est ouvert du lundi au dimanche, de 14h \u00e0 19h30 (jours f\u00e9ri\u00e9s inclus).<\/h5>\n<div class=\"content\">\n<h5><\/h5>\n<\/div>\n<\/div><div class=\"fusion-clearfix\"><\/div><\/div><\/div><\/div><\/div><\/p>\n","protected":false},"excerpt":{"rendered":"<p>Consacrant pour la premi\u00e8re fois un projet \u00e0 la bande-dessin\u00e9e, le DIDAM met \u00e0 l&#8217;honneur le parcours du Hugo Pratt<\/p>\n","protected":false},"author":1,"featured_media":15097,"comment_status":"closed","ping_status":"open","sticky":false,"template":"","format":"standard","meta":{"footnotes":""},"categories":[18,19],"tags":[85,87,86,71],"class_list":["post-15091","post","type-post","status-publish","format-standard","has-post-thumbnail","hentry","category-evenements","category-featured","tag-bayonne","tag-dessin","tag-didam","tag-hugo-pratt"],"yoast_head":"<!-- This site is optimized with the Yoast SEO plugin v26.5 - https:\/\/yoast.com\/wordpress\/plugins\/seo\/ -->\n<title>Hugo Pratt, dessin au long cours au DIDAM de Bayonne<\/title>\n<meta name=\"description\" content=\"Hugo Pratt en Bayonne: exposition &quot;Dessin au long cours&quot; au DIDAM rassemble 121 reproductions d\u2019\u0153uvres originales accompagn\u00e9es de textes et de photographies\" \/>\n<meta name=\"robots\" content=\"index, follow, max-snippet:-1, max-image-preview:large, max-video-preview:-1\" \/>\n<link rel=\"canonical\" href=\"https:\/\/cortomaltese.com\/fr\/bayonne-hugo-pratt\/\" \/>\n<meta property=\"og:locale\" content=\"fr_FR\" \/>\n<meta property=\"og:type\" content=\"article\" \/>\n<meta property=\"og:title\" content=\"Hugo Pratt, dessin au long cours au DIDAM de Bayonne\" \/>\n<meta property=\"og:description\" content=\"Hugo Pratt en Bayonne: exposition &quot;Dessin au long cours&quot; au DIDAM rassemble 121 reproductions d\u2019\u0153uvres originales accompagn\u00e9es de textes et de photographies\" \/>\n<meta property=\"og:url\" content=\"https:\/\/cortomaltese.com\/fr\/bayonne-hugo-pratt\/\" \/>\n<meta property=\"og:site_name\" content=\"cortomaltese fran\u00e7ais\" \/>\n<meta property=\"article:published_time\" content=\"2021-07-07T14:04:09+00:00\" \/>\n<meta property=\"article:modified_time\" content=\"2021-07-07T14:24:57+00:00\" \/>\n<meta property=\"og:image\" content=\"https:\/\/cortomaltese.com\/fr\/wp-content\/uploads\/sites\/3\/affiche-hugo-Pratt-light-min.jpg\" \/>\n\t<meta property=\"og:image:width\" content=\"1000\" \/>\n\t<meta property=\"og:image:height\" content=\"1466\" \/>\n\t<meta property=\"og:image:type\" content=\"image\/jpeg\" \/>\n<meta name=\"author\" content=\"Corto Maltese\" \/>\n<meta name=\"twitter:card\" content=\"summary_large_image\" \/>\n<meta name=\"twitter:label1\" content=\"\u00c9crit par\" \/>\n\t<meta name=\"twitter:data1\" content=\"Corto Maltese\" \/>\n\t<meta name=\"twitter:label2\" content=\"Dur\u00e9e de lecture estim\u00e9e\" \/>\n\t<meta name=\"twitter:data2\" content=\"7 minutes\" \/>\n<script type=\"application\/ld+json\" class=\"yoast-schema-graph\">{\"@context\":\"https:\/\/schema.org\",\"@graph\":[{\"@type\":\"WebPage\",\"@id\":\"https:\/\/cortomaltese.com\/fr\/bayonne-hugo-pratt\/\",\"url\":\"https:\/\/cortomaltese.com\/fr\/bayonne-hugo-pratt\/\",\"name\":\"Hugo Pratt, dessin au long cours au DIDAM de Bayonne\",\"isPartOf\":{\"@id\":\"https:\/\/cortomaltese.com\/fr\/#website\"},\"primaryImageOfPage\":{\"@id\":\"https:\/\/cortomaltese.com\/fr\/bayonne-hugo-pratt\/#primaryimage\"},\"image\":{\"@id\":\"https:\/\/cortomaltese.com\/fr\/bayonne-hugo-pratt\/#primaryimage\"},\"thumbnailUrl\":\"https:\/\/cortomaltese.com\/fr\/wp-content\/uploads\/sites\/3\/affiche-hugo-Pratt-light-min.jpg\",\"datePublished\":\"2021-07-07T14:04:09+00:00\",\"dateModified\":\"2021-07-07T14:24:57+00:00\",\"author\":{\"@id\":\"https:\/\/cortomaltese.com\/fr\/#\/schema\/person\/5204dd292c3d1105df4b66cc0749217e\"},\"description\":\"Hugo Pratt en Bayonne: exposition \\\"Dessin au long cours\\\" au DIDAM rassemble 121 reproductions d\u2019\u0153uvres originales accompagn\u00e9es de textes et de photographies\",\"breadcrumb\":{\"@id\":\"https:\/\/cortomaltese.com\/fr\/bayonne-hugo-pratt\/#breadcrumb\"},\"inLanguage\":\"fr-FR\",\"potentialAction\":[{\"@type\":\"ReadAction\",\"target\":[\"https:\/\/cortomaltese.com\/fr\/bayonne-hugo-pratt\/\"]}]},{\"@type\":\"ImageObject\",\"inLanguage\":\"fr-FR\",\"@id\":\"https:\/\/cortomaltese.com\/fr\/bayonne-hugo-pratt\/#primaryimage\",\"url\":\"https:\/\/cortomaltese.com\/fr\/wp-content\/uploads\/sites\/3\/affiche-hugo-Pratt-light-min.jpg\",\"contentUrl\":\"https:\/\/cortomaltese.com\/fr\/wp-content\/uploads\/sites\/3\/affiche-hugo-Pratt-light-min.jpg\",\"width\":1000,\"height\":1466,\"caption\":\"Bayonne Hugo Pratt\"},{\"@type\":\"BreadcrumbList\",\"@id\":\"https:\/\/cortomaltese.com\/fr\/bayonne-hugo-pratt\/#breadcrumb\",\"itemListElement\":[{\"@type\":\"ListItem\",\"position\":1,\"name\":\"Accueil\",\"item\":\"https:\/\/cortomaltese.com\/fr\/\"},{\"@type\":\"ListItem\",\"position\":2,\"name\":\"Hugo Pratt, dessin au long cours au DIDAM\"}]},{\"@type\":\"WebSite\",\"@id\":\"https:\/\/cortomaltese.com\/fr\/#website\",\"url\":\"https:\/\/cortomaltese.com\/fr\/\",\"name\":\"cortomaltese fran\u00e7ais\",\"description\":\"Il sito ufficiale\",\"potentialAction\":[{\"@type\":\"SearchAction\",\"target\":{\"@type\":\"EntryPoint\",\"urlTemplate\":\"https:\/\/cortomaltese.com\/fr\/?s={search_term_string}\"},\"query-input\":{\"@type\":\"PropertyValueSpecification\",\"valueRequired\":true,\"valueName\":\"search_term_string\"}}],\"inLanguage\":\"fr-FR\"},{\"@type\":\"Person\",\"@id\":\"https:\/\/cortomaltese.com\/fr\/#\/schema\/person\/5204dd292c3d1105df4b66cc0749217e\",\"name\":\"Corto Maltese\",\"image\":{\"@type\":\"ImageObject\",\"inLanguage\":\"fr-FR\",\"@id\":\"https:\/\/cortomaltese.com\/fr\/#\/schema\/person\/image\/\",\"url\":\"https:\/\/secure.gravatar.com\/avatar\/2ad4be5824b38545bbca3ce52ffd9add?s=96&d=mm&r=g\",\"contentUrl\":\"https:\/\/secure.gravatar.com\/avatar\/2ad4be5824b38545bbca3ce52ffd9add?s=96&d=mm&r=g\",\"caption\":\"Corto Maltese\"},\"url\":\"https:\/\/cortomaltese.com\/fr\/author\/cortomaltese\/\"}]}<\/script>\n<!-- \/ Yoast SEO plugin. -->","yoast_head_json":{"title":"Hugo Pratt, dessin au long cours au DIDAM de Bayonne","description":"Hugo Pratt en Bayonne: exposition \"Dessin au long cours\" au DIDAM rassemble 121 reproductions d\u2019\u0153uvres originales accompagn\u00e9es de textes et de photographies","robots":{"index":"index","follow":"follow","max-snippet":"max-snippet:-1","max-image-preview":"max-image-preview:large","max-video-preview":"max-video-preview:-1"},"canonical":"https:\/\/cortomaltese.com\/fr\/bayonne-hugo-pratt\/","og_locale":"fr_FR","og_type":"article","og_title":"Hugo Pratt, dessin au long cours au DIDAM de Bayonne","og_description":"Hugo Pratt en Bayonne: exposition \"Dessin au long cours\" au DIDAM rassemble 121 reproductions d\u2019\u0153uvres originales accompagn\u00e9es de textes et de photographies","og_url":"https:\/\/cortomaltese.com\/fr\/bayonne-hugo-pratt\/","og_site_name":"cortomaltese fran\u00e7ais","article_published_time":"2021-07-07T14:04:09+00:00","article_modified_time":"2021-07-07T14:24:57+00:00","og_image":[{"width":1000,"height":1466,"url":"https:\/\/cortomaltese.com\/fr\/wp-content\/uploads\/sites\/3\/affiche-hugo-Pratt-light-min.jpg","type":"image\/jpeg"}],"author":"Corto Maltese","twitter_card":"summary_large_image","twitter_misc":{"\u00c9crit par":"Corto Maltese","Dur\u00e9e de lecture estim\u00e9e":"7 minutes"},"schema":{"@context":"https:\/\/schema.org","@graph":[{"@type":"WebPage","@id":"https:\/\/cortomaltese.com\/fr\/bayonne-hugo-pratt\/","url":"https:\/\/cortomaltese.com\/fr\/bayonne-hugo-pratt\/","name":"Hugo Pratt, dessin au long cours au DIDAM de Bayonne","isPartOf":{"@id":"https:\/\/cortomaltese.com\/fr\/#website"},"primaryImageOfPage":{"@id":"https:\/\/cortomaltese.com\/fr\/bayonne-hugo-pratt\/#primaryimage"},"image":{"@id":"https:\/\/cortomaltese.com\/fr\/bayonne-hugo-pratt\/#primaryimage"},"thumbnailUrl":"https:\/\/cortomaltese.com\/fr\/wp-content\/uploads\/sites\/3\/affiche-hugo-Pratt-light-min.jpg","datePublished":"2021-07-07T14:04:09+00:00","dateModified":"2021-07-07T14:24:57+00:00","author":{"@id":"https:\/\/cortomaltese.com\/fr\/#\/schema\/person\/5204dd292c3d1105df4b66cc0749217e"},"description":"Hugo Pratt en Bayonne: exposition \"Dessin au long cours\" au DIDAM rassemble 121 reproductions d\u2019\u0153uvres originales accompagn\u00e9es de textes et de photographies","breadcrumb":{"@id":"https:\/\/cortomaltese.com\/fr\/bayonne-hugo-pratt\/#breadcrumb"},"inLanguage":"fr-FR","potentialAction":[{"@type":"ReadAction","target":["https:\/\/cortomaltese.com\/fr\/bayonne-hugo-pratt\/"]}]},{"@type":"ImageObject","inLanguage":"fr-FR","@id":"https:\/\/cortomaltese.com\/fr\/bayonne-hugo-pratt\/#primaryimage","url":"https:\/\/cortomaltese.com\/fr\/wp-content\/uploads\/sites\/3\/affiche-hugo-Pratt-light-min.jpg","contentUrl":"https:\/\/cortomaltese.com\/fr\/wp-content\/uploads\/sites\/3\/affiche-hugo-Pratt-light-min.jpg","width":1000,"height":1466,"caption":"Bayonne Hugo Pratt"},{"@type":"BreadcrumbList","@id":"https:\/\/cortomaltese.com\/fr\/bayonne-hugo-pratt\/#breadcrumb","itemListElement":[{"@type":"ListItem","position":1,"name":"Accueil","item":"https:\/\/cortomaltese.com\/fr\/"},{"@type":"ListItem","position":2,"name":"Hugo Pratt, dessin au long cours au DIDAM"}]},{"@type":"WebSite","@id":"https:\/\/cortomaltese.com\/fr\/#website","url":"https:\/\/cortomaltese.com\/fr\/","name":"cortomaltese fran\u00e7ais","description":"Il sito ufficiale","potentialAction":[{"@type":"SearchAction","target":{"@type":"EntryPoint","urlTemplate":"https:\/\/cortomaltese.com\/fr\/?s={search_term_string}"},"query-input":{"@type":"PropertyValueSpecification","valueRequired":true,"valueName":"search_term_string"}}],"inLanguage":"fr-FR"},{"@type":"Person","@id":"https:\/\/cortomaltese.com\/fr\/#\/schema\/person\/5204dd292c3d1105df4b66cc0749217e","name":"Corto Maltese","image":{"@type":"ImageObject","inLanguage":"fr-FR","@id":"https:\/\/cortomaltese.com\/fr\/#\/schema\/person\/image\/","url":"https:\/\/secure.gravatar.com\/avatar\/2ad4be5824b38545bbca3ce52ffd9add?s=96&d=mm&r=g","contentUrl":"https:\/\/secure.gravatar.com\/avatar\/2ad4be5824b38545bbca3ce52ffd9add?s=96&d=mm&r=g","caption":"Corto Maltese"},"url":"https:\/\/cortomaltese.com\/fr\/author\/cortomaltese\/"}]}},"_links":{"self":[{"href":"https:\/\/cortomaltese.com\/fr\/wp-json\/wp\/v2\/posts\/15091","targetHints":{"allow":["GET"]}}],"collection":[{"href":"https:\/\/cortomaltese.com\/fr\/wp-json\/wp\/v2\/posts"}],"about":[{"href":"https:\/\/cortomaltese.com\/fr\/wp-json\/wp\/v2\/types\/post"}],"author":[{"embeddable":true,"href":"https:\/\/cortomaltese.com\/fr\/wp-json\/wp\/v2\/users\/1"}],"replies":[{"embeddable":true,"href":"https:\/\/cortomaltese.com\/fr\/wp-json\/wp\/v2\/comments?post=15091"}],"version-history":[{"count":0,"href":"https:\/\/cortomaltese.com\/fr\/wp-json\/wp\/v2\/posts\/15091\/revisions"}],"wp:featuredmedia":[{"embeddable":true,"href":"https:\/\/cortomaltese.com\/fr\/wp-json\/wp\/v2\/media\/15097"}],"wp:attachment":[{"href":"https:\/\/cortomaltese.com\/fr\/wp-json\/wp\/v2\/media?parent=15091"}],"wp:term":[{"taxonomy":"category","embeddable":true,"href":"https:\/\/cortomaltese.com\/fr\/wp-json\/wp\/v2\/categories?post=15091"},{"taxonomy":"post_tag","embeddable":true,"href":"https:\/\/cortomaltese.com\/fr\/wp-json\/wp\/v2\/tags?post=15091"}],"curies":[{"name":"wp","href":"https:\/\/api.w.org\/{rel}","templated":true}]}}