{"id":14884,"date":"2020-02-25T14:42:26","date_gmt":"2020-02-25T13:42:26","guid":{"rendered":"https:\/\/cortomaltese.com\/fr\/?p=14884"},"modified":"2020-07-02T08:47:27","modified_gmt":"2020-07-02T06:47:27","slug":"hugo-pratt-beyond-corto-maltese","status":"publish","type":"post","link":"https:\/\/cortomaltese.com\/fr\/hugo-pratt-beyond-corto-maltese\/","title":{"rendered":"Hugo Pratt beyond Corto Maltese, depuis le 27 septembre l&#8217;exposition en Danemark"},"content":{"rendered":"<p><div class=\"fusion-fullwidth fullwidth-box fusion-builder-row-1 nonhundred-percent-fullwidth non-hundred-percent-height-scrolling\" style=\"--awb-border-radius-top-left:0px;--awb-border-radius-top-right:0px;--awb-border-radius-bottom-right:0px;--awb-border-radius-bottom-left:0px;--awb-flex-wrap:wrap;\" ><div class=\"fusion-builder-row fusion-row\"><div class=\"fusion-layout-column fusion_builder_column fusion-builder-column-0 fusion_builder_column_1_1 1_1 fusion-one-full fusion-column-first fusion-column-last\" style=\"--awb-bg-size:cover;\"><div class=\"fusion-column-wrapper fusion-column-has-shadow fusion-flex-column-wrapper-legacy\"><div class=\"fusion-text fusion-text-1\"><h1><b>Hugo Pratt beyond Corto Maltese<\/b><\/h1>\n<p><b><i>(Hugo Pratt p\u00e5 sporet af Corto Maltese)<\/i><\/b><\/p>\n<h2><span style=\"color: #268a93;\">27 septembre 2019\u00a0<strong> &#8211;<\/strong><del>2 ao\u00fbt 2020 <\/del>\u00a0<\/span><strong><span style=\"font-size: 16px;\">exposition prolong\u00e9e jusqu&#8217;au 11 novembre 2020!<\/span><\/strong><span style=\"color: #268a93;\"><del><br \/>\n<\/del><\/span><br \/>\n<span style=\"color: #268a93;\"><strong>Brandts Museum<br \/>\nOdense (Danemark)<\/strong><\/span><\/h2>\n<div class=\"fusion-sep-clear\"><\/div><div class=\"fusion-separator fusion-clearfix\" style=\"float:left;margin-top:20px;margin-bottom:0px;width:100%;max-width:40%;\"><div class=\"fusion-separator-border sep-single sep-solid\" style=\"--awb-height:20px;--awb-amount:20px;--awb-sep-color:#268a93;border-color:#268A93;border-top-width:4px;\"><\/div><\/div><div class=\"fusion-sep-clear\"><\/div>\n<\/div><div class=\"fusion-sep-clear\"><\/div><div class=\"fusion-separator fusion-full-width-sep\" style=\"margin-left: auto;margin-right: auto;width:100%;\"><\/div><div class=\"fusion-sep-clear\"><\/div><div class=\"fusion-clearfix\"><\/div><\/div><\/div><\/div><\/div><div class=\"fusion-fullwidth fullwidth-box fusion-builder-row-2 nonhundred-percent-fullwidth non-hundred-percent-height-scrolling\" style=\"--awb-border-radius-top-left:0px;--awb-border-radius-top-right:0px;--awb-border-radius-bottom-right:0px;--awb-border-radius-bottom-left:0px;--awb-flex-wrap:wrap;\" ><div class=\"fusion-builder-row fusion-row\"><div class=\"fusion-layout-column fusion_builder_column fusion-builder-column-1 fusion_builder_column_1_2 1_2 fusion-one-half fusion-column-first\" style=\"--awb-bg-size:cover;width:50%;width:calc(50% - ( ( 4% ) * 0.5 ) );margin-right: 4%;\"><div class=\"fusion-column-wrapper fusion-column-has-shadow fusion-flex-column-wrapper-legacy\"><div class=\"fusion-text fusion-text-2\"><p><span class=\"fusion-dropcap dropcap\" style=\"--awb-color:#268a93;\">L<\/span>\u2019exposition, articul\u00e9e en une douzaine de salles, retrace les principaux chapitres de la vie, des exp\u00e9riences et de la production artistique de Hugo Pratt. Il y a la Venise de sa naissance mais aussi le lieu de quelques aventures importantes de Corto Maltese, il y a l\u2019Afrique de l\u2019enfance et de l\u2019adolescence, mais aussi le cadre d\u2019histoires de guerre comme les scorpions du d\u00e9sert, c\u2019est l\u2019Argentine des ann\u00e9es 50 o\u00f9 le talent s\u2019est d\u00e9velopp\u00e9 et o\u00f9 le plus grand dessinateur de bande dessin\u00e9e italien a m\u00fbri. Il y a l\u2019Am\u00e9rique du Nord avec ses Indiens, l\u2019Irlande des Celtes, les \u00eeles du Pacifique.<\/p>\n<\/div><div class=\"fusion-text fusion-text-3\"><p>Les visiteurs pourront suivre parall\u00e8lement la vie extraordinaire de Pratt et les nombreuses vies de ses personnages. Ce sera un voyage magnifique \u00e0 travers le monde r\u00e9el et le monde imaginaire. Et ce n\u2019est pas comme si les deux choses \u00e9taient trop \u00e9loign\u00e9es.<\/p>\n<\/div><div class=\"fusion-clearfix\"><\/div><\/div><\/div><div class=\"fusion-layout-column fusion_builder_column fusion-builder-column-2 fusion_builder_column_1_2 1_2 fusion-one-half fusion-column-last\" style=\"--awb-bg-size:cover;width:50%;width:calc(50% - ( ( 4% ) * 0.5 ) );\"><div class=\"fusion-column-wrapper fusion-column-has-shadow fusion-flex-column-wrapper-legacy\"><div class=\"fusion-image-element in-legacy-container\" style=\"--awb-caption-title-font-family:var(--h2_typography-font-family);--awb-caption-title-font-weight:var(--h2_typography-font-weight);--awb-caption-title-font-style:var(--h2_typography-font-style);--awb-caption-title-size:var(--h2_typography-font-size);--awb-caption-title-transform:var(--h2_typography-text-transform);--awb-caption-title-line-height:var(--h2_typography-line-height);--awb-caption-title-letter-spacing:var(--h2_typography-letter-spacing);\"><span class=\" fusion-imageframe imageframe-none imageframe-1 hover-type-zoomin\"><img decoding=\"async\" width=\"1920\" height=\"1080\" title=\"HUGO PRATT\" src=\"https:\/\/cortomaltese.com\/fr\/wp-content\/uploads\/sites\/3\/HUGO-PRATT-1.jpg\" alt class=\"img-responsive wp-image-14886\" srcset=\"https:\/\/cortomaltese.com\/fr\/wp-content\/uploads\/sites\/3\/HUGO-PRATT-1-200x113.jpg 200w, https:\/\/cortomaltese.com\/fr\/wp-content\/uploads\/sites\/3\/HUGO-PRATT-1-400x225.jpg 400w, https:\/\/cortomaltese.com\/fr\/wp-content\/uploads\/sites\/3\/HUGO-PRATT-1-600x338.jpg 600w, https:\/\/cortomaltese.com\/fr\/wp-content\/uploads\/sites\/3\/HUGO-PRATT-1-800x450.jpg 800w, https:\/\/cortomaltese.com\/fr\/wp-content\/uploads\/sites\/3\/HUGO-PRATT-1-1200x675.jpg 1200w, https:\/\/cortomaltese.com\/fr\/wp-content\/uploads\/sites\/3\/HUGO-PRATT-1.jpg 1920w\" sizes=\"(max-width: 800px) 100vw, 600px\" \/><\/span><\/div><div class=\"fusion-sep-clear\"><\/div><div class=\"fusion-separator fusion-full-width-sep\" style=\"margin-left: auto;margin-right: auto;width:100%;\"><\/div><div class=\"fusion-sep-clear\"><\/div><div class=\"fusion-text fusion-text-4\"><p>Brandts Museum<br \/>\nBRANDTS TORV 1<br \/>\n5000 ODENSE C<br \/>\nInfo@brandts.dk<\/p>\n<\/div><div class=\"fusion-clearfix\"><\/div><\/div><\/div><\/div><\/div><div class=\"fusion-fullwidth fullwidth-box fusion-builder-row-3 nonhundred-percent-fullwidth non-hundred-percent-height-scrolling\" style=\"--awb-border-radius-top-left:0px;--awb-border-radius-top-right:0px;--awb-border-radius-bottom-right:0px;--awb-border-radius-bottom-left:0px;--awb-flex-wrap:wrap;\" ><div class=\"fusion-builder-row fusion-row\"><div class=\"fusion-layout-column fusion_builder_column fusion-builder-column-3 fusion_builder_column_1_2 1_2 fusion-one-half fusion-column-first\" style=\"--awb-bg-size:cover;width:50%;width:calc(50% - ( ( 4% ) * 0.5 ) );margin-right: 4%;\"><div class=\"fusion-column-wrapper fusion-column-has-shadow fusion-flex-column-wrapper-legacy\"><div class=\"fusion-image-element in-legacy-container\" style=\"--awb-caption-title-font-family:var(--h2_typography-font-family);--awb-caption-title-font-weight:var(--h2_typography-font-weight);--awb-caption-title-font-style:var(--h2_typography-font-style);--awb-caption-title-size:var(--h2_typography-font-size);--awb-caption-title-transform:var(--h2_typography-text-transform);--awb-caption-title-line-height:var(--h2_typography-line-height);--awb-caption-title-letter-spacing:var(--h2_typography-letter-spacing);\"><span class=\" fusion-imageframe imageframe-none imageframe-2 hover-type-zoomin\"><img decoding=\"async\" width=\"500\" height=\"500\" title=\"coverCat_odense\" src=\"https:\/\/cortomaltese.com\/fr\/wp-content\/uploads\/sites\/3\/coverCat_odense.jpg\" alt class=\"img-responsive wp-image-14517\" srcset=\"https:\/\/cortomaltese.com\/fr\/wp-content\/uploads\/sites\/3\/coverCat_odense-200x200.jpg 200w, https:\/\/cortomaltese.com\/fr\/wp-content\/uploads\/sites\/3\/coverCat_odense-400x400.jpg 400w, https:\/\/cortomaltese.com\/fr\/wp-content\/uploads\/sites\/3\/coverCat_odense.jpg 500w\" sizes=\"(max-width: 800px) 100vw, 500px\" \/><\/span><\/div><div class=\"fusion-clearfix\"><\/div><\/div><\/div><div class=\"fusion-layout-column fusion_builder_column fusion-builder-column-4 fusion_builder_column_1_2 1_2 fusion-one-half fusion-column-last\" style=\"--awb-bg-size:cover;width:50%;width:calc(50% - ( ( 4% ) * 0.5 ) );\"><div class=\"fusion-column-wrapper fusion-column-has-shadow fusion-flex-column-wrapper-legacy\"><div class=\"fusion-text fusion-text-5\"><h2><strong>Hugo Pratt beyond Corto Maltese<\/strong><\/h2>\n<p>(<b><i><a href=\"https:\/\/www.faraos.dk\/comics\/dkcomics\/g-h-i\/hugopratt\/hugoprattandre\/hugo-pratt-paa-sporet-af-corto-maltese-katalog-for-kunstmuseet-brandts\" target=\"_blank\" rel=\"noopener noreferrer\">Hugo Pratt p\u00e5 sporet af Corto Maltese<\/a>)<\/i><\/b><\/p>\n<p>Le catalogue,\u00a0en librairie depuis le 26 septembre 2019<span class=\"Apple-converted-space\">\u00a0<\/span><\/p>\n<p>Editeur: <b>Faraos<\/b><br \/>\nFormato: brossura<br \/>\nPages: 176 ill. couleur<br \/>\nLangue: Danois<br \/>\nISBN-\u00a09788793766167<br \/>\nPrezzo: 32,20 Euro (248,00 DKK)<\/p>\n<div class=\"fusion-button-wrapper\"><a class=\"fusion-button button-flat fusion-button-default-size button-custom fusion-button-default button-1 fusion-button-default-span fusion-button-default-type\" style=\"--button_accent_color:#ffffff;--button_accent_hover_color:#ffffff;--button_border_hover_color:#ffffff;--button_gradient_top_color:#268a93;--button_gradient_bottom_color:#268a93;--button_gradient_top_color_hover:#268a93;--button_gradient_bottom_color_hover:#268a93;\" target=\"_self\" href=\"https:\/\/www.faraos.dk\/comics\/dkcomics\/g-h-i\/hugopratt\/hugoprattandre\/hugo-pratt-paa-sporet-af-corto-maltese-katalog-for-kunstmuseet-brandts\"><span class=\"fusion-button-text awb-button__text awb-button__text--default\">En savoir plus<\/span><\/a><\/div>\n<\/div><div class=\"fusion-clearfix\"><\/div><\/div><\/div><\/div><\/div><div class=\"fusion-fullwidth fullwidth-box fusion-builder-row-4 nonhundred-percent-fullwidth non-hundred-percent-height-scrolling\" style=\"--awb-border-radius-top-left:0px;--awb-border-radius-top-right:0px;--awb-border-radius-bottom-right:0px;--awb-border-radius-bottom-left:0px;--awb-flex-wrap:wrap;\" ><div class=\"fusion-builder-row fusion-row\"><div class=\"fusion-layout-column fusion_builder_column fusion-builder-column-5 fusion_builder_column_1_1 1_1 fusion-one-full fusion-column-first fusion-column-last\" style=\"--awb-bg-size:cover;\"><div class=\"fusion-column-wrapper fusion-column-has-shadow fusion-flex-column-wrapper-legacy\"><div class=\"fusion-video fusion-youtube\" style=\"--awb-max-width:600px;--awb-max-height:360px;\"><div class=\"video-shortcode\"><div class=\"fluid-width-video-wrapper\" style=\"padding-top:60%;\" ><iframe title=\"YouTube video player 1\" src=\"https:\/\/www.youtube.com\/embed\/jbb3oab7gXU?wmode=transparent&autoplay=0\" width=\"600\" height=\"360\" allowfullscreen allow=\"autoplay; clipboard-write; encrypted-media; gyroscope; picture-in-picture;\"><\/iframe><\/div><\/div><\/div><div class=\"fusion-clearfix\"><\/div><\/div><\/div><\/div><\/div><\/p>\n","protected":false},"excerpt":{"rendered":"<p>L\u2019exposition, articul\u00e9e en une douzaine de salles, retrace les principaux chapitres de la vie, des exp\u00e9riences et de la production artistique de Hugo Pratt. <\/p>\n","protected":false},"author":1,"featured_media":14886,"comment_status":"closed","ping_status":"open","sticky":false,"template":"","format":"standard","meta":{"footnotes":""},"categories":[18],"tags":[59,60],"class_list":["post-14884","post","type-post","status-publish","format-standard","has-post-thumbnail","hentry","category-evenements","tag-brandts-museum","tag-hugo-pratt-beyond-corto-maltese"],"yoast_head":"<!-- This site is optimized with the Yoast SEO plugin v26.5 - https:\/\/yoast.com\/wordpress\/plugins\/seo\/ -->\n<title>Hugo Pratt beyond Corto Maltese, l&#039;exposition en Danemark<\/title>\n<meta name=\"description\" content=\"L\u2019exposition, articul\u00e9e en une douzaine de salles, retrace les principaux chapitres de la vie, des exp\u00e9riences et de la production artistique de Hugo Pratt.\" \/>\n<meta name=\"robots\" content=\"index, follow, max-snippet:-1, max-image-preview:large, max-video-preview:-1\" \/>\n<link rel=\"canonical\" href=\"https:\/\/cortomaltese.com\/fr\/hugo-pratt-beyond-corto-maltese\/\" \/>\n<meta property=\"og:locale\" content=\"fr_FR\" \/>\n<meta property=\"og:type\" content=\"article\" \/>\n<meta property=\"og:title\" content=\"Hugo Pratt beyond Corto Maltese, l&#039;exposition en Danemark\" \/>\n<meta property=\"og:description\" content=\"L\u2019exposition, articul\u00e9e en une douzaine de salles, retrace les principaux chapitres de la vie, des exp\u00e9riences et de la production artistique de Hugo Pratt.\" \/>\n<meta property=\"og:url\" content=\"https:\/\/cortomaltese.com\/fr\/hugo-pratt-beyond-corto-maltese\/\" \/>\n<meta property=\"og:site_name\" content=\"cortomaltese fran\u00e7ais\" \/>\n<meta property=\"article:published_time\" content=\"2020-02-25T13:42:26+00:00\" \/>\n<meta property=\"article:modified_time\" content=\"2020-07-02T06:47:27+00:00\" \/>\n<meta property=\"og:image\" content=\"https:\/\/cortomaltese.com\/fr\/wp-content\/uploads\/sites\/3\/HUGO-PRATT-1.jpg\" \/>\n\t<meta property=\"og:image:width\" content=\"1920\" \/>\n\t<meta property=\"og:image:height\" content=\"1080\" \/>\n\t<meta property=\"og:image:type\" content=\"image\/jpeg\" \/>\n<meta name=\"author\" content=\"Corto Maltese\" \/>\n<meta name=\"twitter:card\" content=\"summary_large_image\" \/>\n<meta name=\"twitter:label1\" content=\"\u00c9crit par\" \/>\n\t<meta name=\"twitter:data1\" content=\"Corto Maltese\" \/>\n\t<meta name=\"twitter:label2\" content=\"Dur\u00e9e de lecture estim\u00e9e\" \/>\n\t<meta name=\"twitter:data2\" content=\"9 minutes\" \/>\n<script type=\"application\/ld+json\" class=\"yoast-schema-graph\">{\"@context\":\"https:\/\/schema.org\",\"@graph\":[{\"@type\":\"WebPage\",\"@id\":\"https:\/\/cortomaltese.com\/fr\/hugo-pratt-beyond-corto-maltese\/\",\"url\":\"https:\/\/cortomaltese.com\/fr\/hugo-pratt-beyond-corto-maltese\/\",\"name\":\"Hugo Pratt beyond Corto Maltese, l'exposition en Danemark\",\"isPartOf\":{\"@id\":\"https:\/\/cortomaltese.com\/fr\/#website\"},\"primaryImageOfPage\":{\"@id\":\"https:\/\/cortomaltese.com\/fr\/hugo-pratt-beyond-corto-maltese\/#primaryimage\"},\"image\":{\"@id\":\"https:\/\/cortomaltese.com\/fr\/hugo-pratt-beyond-corto-maltese\/#primaryimage\"},\"thumbnailUrl\":\"https:\/\/cortomaltese.com\/fr\/wp-content\/uploads\/sites\/3\/HUGO-PRATT-1.jpg\",\"datePublished\":\"2020-02-25T13:42:26+00:00\",\"dateModified\":\"2020-07-02T06:47:27+00:00\",\"author\":{\"@id\":\"https:\/\/cortomaltese.com\/fr\/#\/schema\/person\/5204dd292c3d1105df4b66cc0749217e\"},\"description\":\"L\u2019exposition, articul\u00e9e en une douzaine de salles, retrace les principaux chapitres de la vie, des exp\u00e9riences et de la production artistique de Hugo Pratt.\",\"breadcrumb\":{\"@id\":\"https:\/\/cortomaltese.com\/fr\/hugo-pratt-beyond-corto-maltese\/#breadcrumb\"},\"inLanguage\":\"fr-FR\",\"potentialAction\":[{\"@type\":\"ReadAction\",\"target\":[\"https:\/\/cortomaltese.com\/fr\/hugo-pratt-beyond-corto-maltese\/\"]}]},{\"@type\":\"ImageObject\",\"inLanguage\":\"fr-FR\",\"@id\":\"https:\/\/cortomaltese.com\/fr\/hugo-pratt-beyond-corto-maltese\/#primaryimage\",\"url\":\"https:\/\/cortomaltese.com\/fr\/wp-content\/uploads\/sites\/3\/HUGO-PRATT-1.jpg\",\"contentUrl\":\"https:\/\/cortomaltese.com\/fr\/wp-content\/uploads\/sites\/3\/HUGO-PRATT-1.jpg\",\"width\":1920,\"height\":1080},{\"@type\":\"BreadcrumbList\",\"@id\":\"https:\/\/cortomaltese.com\/fr\/hugo-pratt-beyond-corto-maltese\/#breadcrumb\",\"itemListElement\":[{\"@type\":\"ListItem\",\"position\":1,\"name\":\"Accueil\",\"item\":\"https:\/\/cortomaltese.com\/fr\/\"},{\"@type\":\"ListItem\",\"position\":2,\"name\":\"Hugo Pratt beyond Corto Maltese, depuis le 27 septembre l&#8217;exposition en Danemark\"}]},{\"@type\":\"WebSite\",\"@id\":\"https:\/\/cortomaltese.com\/fr\/#website\",\"url\":\"https:\/\/cortomaltese.com\/fr\/\",\"name\":\"cortomaltese fran\u00e7ais\",\"description\":\"Il sito ufficiale\",\"potentialAction\":[{\"@type\":\"SearchAction\",\"target\":{\"@type\":\"EntryPoint\",\"urlTemplate\":\"https:\/\/cortomaltese.com\/fr\/?s={search_term_string}\"},\"query-input\":{\"@type\":\"PropertyValueSpecification\",\"valueRequired\":true,\"valueName\":\"search_term_string\"}}],\"inLanguage\":\"fr-FR\"},{\"@type\":\"Person\",\"@id\":\"https:\/\/cortomaltese.com\/fr\/#\/schema\/person\/5204dd292c3d1105df4b66cc0749217e\",\"name\":\"Corto Maltese\",\"image\":{\"@type\":\"ImageObject\",\"inLanguage\":\"fr-FR\",\"@id\":\"https:\/\/cortomaltese.com\/fr\/#\/schema\/person\/image\/\",\"url\":\"https:\/\/secure.gravatar.com\/avatar\/2ad4be5824b38545bbca3ce52ffd9add?s=96&d=mm&r=g\",\"contentUrl\":\"https:\/\/secure.gravatar.com\/avatar\/2ad4be5824b38545bbca3ce52ffd9add?s=96&d=mm&r=g\",\"caption\":\"Corto Maltese\"},\"url\":\"https:\/\/cortomaltese.com\/fr\/author\/cortomaltese\/\"}]}<\/script>\n<!-- \/ Yoast SEO plugin. -->","yoast_head_json":{"title":"Hugo Pratt beyond Corto Maltese, l'exposition en Danemark","description":"L\u2019exposition, articul\u00e9e en une douzaine de salles, retrace les principaux chapitres de la vie, des exp\u00e9riences et de la production artistique de Hugo Pratt.","robots":{"index":"index","follow":"follow","max-snippet":"max-snippet:-1","max-image-preview":"max-image-preview:large","max-video-preview":"max-video-preview:-1"},"canonical":"https:\/\/cortomaltese.com\/fr\/hugo-pratt-beyond-corto-maltese\/","og_locale":"fr_FR","og_type":"article","og_title":"Hugo Pratt beyond Corto Maltese, l'exposition en Danemark","og_description":"L\u2019exposition, articul\u00e9e en une douzaine de salles, retrace les principaux chapitres de la vie, des exp\u00e9riences et de la production artistique de Hugo Pratt.","og_url":"https:\/\/cortomaltese.com\/fr\/hugo-pratt-beyond-corto-maltese\/","og_site_name":"cortomaltese fran\u00e7ais","article_published_time":"2020-02-25T13:42:26+00:00","article_modified_time":"2020-07-02T06:47:27+00:00","og_image":[{"width":1920,"height":1080,"url":"https:\/\/cortomaltese.com\/fr\/wp-content\/uploads\/sites\/3\/HUGO-PRATT-1.jpg","type":"image\/jpeg"}],"author":"Corto Maltese","twitter_card":"summary_large_image","twitter_misc":{"\u00c9crit par":"Corto Maltese","Dur\u00e9e de lecture estim\u00e9e":"9 minutes"},"schema":{"@context":"https:\/\/schema.org","@graph":[{"@type":"WebPage","@id":"https:\/\/cortomaltese.com\/fr\/hugo-pratt-beyond-corto-maltese\/","url":"https:\/\/cortomaltese.com\/fr\/hugo-pratt-beyond-corto-maltese\/","name":"Hugo Pratt beyond Corto Maltese, l'exposition en Danemark","isPartOf":{"@id":"https:\/\/cortomaltese.com\/fr\/#website"},"primaryImageOfPage":{"@id":"https:\/\/cortomaltese.com\/fr\/hugo-pratt-beyond-corto-maltese\/#primaryimage"},"image":{"@id":"https:\/\/cortomaltese.com\/fr\/hugo-pratt-beyond-corto-maltese\/#primaryimage"},"thumbnailUrl":"https:\/\/cortomaltese.com\/fr\/wp-content\/uploads\/sites\/3\/HUGO-PRATT-1.jpg","datePublished":"2020-02-25T13:42:26+00:00","dateModified":"2020-07-02T06:47:27+00:00","author":{"@id":"https:\/\/cortomaltese.com\/fr\/#\/schema\/person\/5204dd292c3d1105df4b66cc0749217e"},"description":"L\u2019exposition, articul\u00e9e en une douzaine de salles, retrace les principaux chapitres de la vie, des exp\u00e9riences et de la production artistique de Hugo Pratt.","breadcrumb":{"@id":"https:\/\/cortomaltese.com\/fr\/hugo-pratt-beyond-corto-maltese\/#breadcrumb"},"inLanguage":"fr-FR","potentialAction":[{"@type":"ReadAction","target":["https:\/\/cortomaltese.com\/fr\/hugo-pratt-beyond-corto-maltese\/"]}]},{"@type":"ImageObject","inLanguage":"fr-FR","@id":"https:\/\/cortomaltese.com\/fr\/hugo-pratt-beyond-corto-maltese\/#primaryimage","url":"https:\/\/cortomaltese.com\/fr\/wp-content\/uploads\/sites\/3\/HUGO-PRATT-1.jpg","contentUrl":"https:\/\/cortomaltese.com\/fr\/wp-content\/uploads\/sites\/3\/HUGO-PRATT-1.jpg","width":1920,"height":1080},{"@type":"BreadcrumbList","@id":"https:\/\/cortomaltese.com\/fr\/hugo-pratt-beyond-corto-maltese\/#breadcrumb","itemListElement":[{"@type":"ListItem","position":1,"name":"Accueil","item":"https:\/\/cortomaltese.com\/fr\/"},{"@type":"ListItem","position":2,"name":"Hugo Pratt beyond Corto Maltese, depuis le 27 septembre l&#8217;exposition en Danemark"}]},{"@type":"WebSite","@id":"https:\/\/cortomaltese.com\/fr\/#website","url":"https:\/\/cortomaltese.com\/fr\/","name":"cortomaltese fran\u00e7ais","description":"Il sito ufficiale","potentialAction":[{"@type":"SearchAction","target":{"@type":"EntryPoint","urlTemplate":"https:\/\/cortomaltese.com\/fr\/?s={search_term_string}"},"query-input":{"@type":"PropertyValueSpecification","valueRequired":true,"valueName":"search_term_string"}}],"inLanguage":"fr-FR"},{"@type":"Person","@id":"https:\/\/cortomaltese.com\/fr\/#\/schema\/person\/5204dd292c3d1105df4b66cc0749217e","name":"Corto Maltese","image":{"@type":"ImageObject","inLanguage":"fr-FR","@id":"https:\/\/cortomaltese.com\/fr\/#\/schema\/person\/image\/","url":"https:\/\/secure.gravatar.com\/avatar\/2ad4be5824b38545bbca3ce52ffd9add?s=96&d=mm&r=g","contentUrl":"https:\/\/secure.gravatar.com\/avatar\/2ad4be5824b38545bbca3ce52ffd9add?s=96&d=mm&r=g","caption":"Corto Maltese"},"url":"https:\/\/cortomaltese.com\/fr\/author\/cortomaltese\/"}]}},"_links":{"self":[{"href":"https:\/\/cortomaltese.com\/fr\/wp-json\/wp\/v2\/posts\/14884","targetHints":{"allow":["GET"]}}],"collection":[{"href":"https:\/\/cortomaltese.com\/fr\/wp-json\/wp\/v2\/posts"}],"about":[{"href":"https:\/\/cortomaltese.com\/fr\/wp-json\/wp\/v2\/types\/post"}],"author":[{"embeddable":true,"href":"https:\/\/cortomaltese.com\/fr\/wp-json\/wp\/v2\/users\/1"}],"replies":[{"embeddable":true,"href":"https:\/\/cortomaltese.com\/fr\/wp-json\/wp\/v2\/comments?post=14884"}],"version-history":[{"count":0,"href":"https:\/\/cortomaltese.com\/fr\/wp-json\/wp\/v2\/posts\/14884\/revisions"}],"wp:featuredmedia":[{"embeddable":true,"href":"https:\/\/cortomaltese.com\/fr\/wp-json\/wp\/v2\/media\/14886"}],"wp:attachment":[{"href":"https:\/\/cortomaltese.com\/fr\/wp-json\/wp\/v2\/media?parent=14884"}],"wp:term":[{"taxonomy":"category","embeddable":true,"href":"https:\/\/cortomaltese.com\/fr\/wp-json\/wp\/v2\/categories?post=14884"},{"taxonomy":"post_tag","embeddable":true,"href":"https:\/\/cortomaltese.com\/fr\/wp-json\/wp\/v2\/tags?post=14884"}],"curies":[{"name":"wp","href":"https:\/\/api.w.org\/{rel}","templated":true}]}}