{"id":14706,"date":"2019-02-19T13:48:44","date_gmt":"2019-02-19T12:48:44","guid":{"rendered":"https:\/\/cortomaltese.com\/fr\/?p=14706"},"modified":"2020-12-04T18:23:29","modified_gmt":"2020-12-04T17:23:29","slug":"corto-maltese-toujours-un-peu-plus-loin","status":"publish","type":"post","link":"https:\/\/cortomaltese.com\/fr\/corto-maltese-toujours-un-peu-plus-loin\/","title":{"rendered":"Corto Maltese. Toujours un peu plus loin."},"content":{"rendered":"<p><div class=\"fusion-fullwidth fullwidth-box fusion-builder-row-1 nonhundred-percent-fullwidth non-hundred-percent-height-scrolling\" style=\"--awb-border-radius-top-left:0px;--awb-border-radius-top-right:0px;--awb-border-radius-bottom-right:0px;--awb-border-radius-bottom-left:0px;--awb-flex-wrap:wrap;\" ><div class=\"fusion-builder-row fusion-row\"><div class=\"fusion-layout-column fusion_builder_column fusion-builder-column-0 fusion_builder_column_1_1 1_1 fusion-one-full fusion-column-first fusion-column-last\" style=\"--awb-bg-size:cover;\"><div class=\"fusion-column-wrapper fusion-column-has-shadow fusion-flex-column-wrapper-legacy\"><div class=\"fusion-text fusion-text-1\"><h2>HUGO PRATT<\/h2>\n<h1>Corto Maltese.<br \/>\n<span style=\"color: #268a93;\">Toujours un peu plus loin.\u00a0<\/span><\/h1>\n<h2><b><\/b><strong>L&#8217;Am\u00e9rique latine est le cadre de ces cinq aventures de Corto, des histoires qui parlent d&#8217;id\u00e9alistes et de cr\u00e9dules, de tra\u00eetres et de fid\u00e8les compagnons. Je vais rendre hommage \u00e0 Jack London et une citation \u00e0 Art Buckwald.<\/strong><\/h2>\n<div class=\"fusion-sep-clear\"><\/div><div class=\"fusion-separator fusion-clearfix\" style=\"float:left;margin-top:40px;margin-bottom:40px;width:100%;max-width:40%;\"><div class=\"fusion-separator-border sep-single sep-solid\" style=\"--awb-height:20px;--awb-amount:20px;--awb-sep-color:#268a93;border-color:#268A93;border-top-width:4px;\"><\/div><\/div><div class=\"fusion-sep-clear\"><\/div>\n<\/div><div class=\"fusion-clearfix\"><\/div><\/div><\/div><\/div><\/div><div class=\"fusion-fullwidth fullwidth-box fusion-builder-row-2 nonhundred-percent-fullwidth non-hundred-percent-height-scrolling\" style=\"--awb-border-radius-top-left:0px;--awb-border-radius-top-right:0px;--awb-border-radius-bottom-right:0px;--awb-border-radius-bottom-left:0px;--awb-flex-wrap:wrap;\" ><div class=\"fusion-builder-row fusion-row\"><div class=\"fusion-layout-column fusion_builder_column fusion-builder-column-1 fusion_builder_column_2_3 2_3 fusion-two-third fusion-column-first\" style=\"--awb-bg-size:cover;width:66.666666666667%;width:calc(66.666666666667% - ( ( 4% ) * 0.66666666666667 ) );margin-right: 4%;\"><div class=\"fusion-column-wrapper fusion-column-has-shadow fusion-flex-column-wrapper-legacy\"><div class=\"fusion-text fusion-text-2\"><div class=\"fusion-text\">\n<p><strong><span class=\"fusion-dropcap dropcap\" style=\"--awb-color:#268a93;\">D<\/span>es champignons hallucinog\u00e8nes, une valise qui continue de changer de ma\u00eetre, une chasse aux sorci\u00e8res au beau milieu des Cara\u00efbes, un gar\u00e7on qui tente d\u2019\u00e9chapper \u00e0 son destin et un tr\u00e9sor qui ne veut pas \u00eatre trouv\u00e9.<\/strong><\/p>\n<p>L\u2019Am\u00e9rique latine est le cadre de ces cinq aventures de Corto, des histoires qui parlent d\u2019id\u00e9alisme et de cr\u00e9dulit\u00e9s, de tra\u00eetres et de fid\u00e8les compagnons. Cinq histoires qui constituent un voyage unique, \u00e0 la recherche de lieux envelopp\u00e9s de mythes en tant qu\u2019Eldorado l\u00e9gendaire et la poursuite d\u2019un objectif impossible: celui qui s\u2019adresse \u00e0 quiconque fuit de lui-m\u00eame.<\/p>\n<\/div>\n<div class=\"fusion-text\"><\/div>\n<\/div><div class=\"fusion-clearfix\"><\/div><\/div><\/div><div class=\"fusion-layout-column fusion_builder_column fusion-builder-column-2 fusion_builder_column_1_3 1_3 fusion-one-third fusion-column-last\" style=\"--awb-bg-size:cover;width:33.333333333333%;width:calc(33.333333333333% - ( ( 4% ) * 0.33333333333333 ) );\"><div class=\"fusion-column-wrapper fusion-column-has-shadow fusion-flex-column-wrapper-legacy\"><div class=\"fusion-testimonials classic awb-speech-bubble-show fusion-testimonials-1\" style=\"--awb-textcolor:#747474;--awb-backgroundcolor:#f6f6f6;--awb-testimonial-border-style:solid;--awb-testimonial-border-color:var(--awb-color3);--awb-border-top-left-radius:0px;--awb-border-top-right-radius:0px;--awb-border-bottom-left-radius:0px;--awb-border-bottom-right-radius:0px;--testimonial-border-width-top:0px;--testimonial-border-width-right:0px;--testimonial-border-width-bottom:0px;--testimonial-border-width-left:0px;\" data-random=\"0\" data-speed=\"10250\"><div class=\"reviews\"><div class=\"review active-testimonial avatar-image\"><blockquote><div class=\"awb-quote\"><div class=\"awb-quote-content\">\n<p><i>&#8220;Si je j\u2019avais \u00e0 choisir entre un crime non puni et une justice comme la v\u00f4tre, je choisirais le premier!&#8221;<\/i><\/p>\n<\/div><\/div><span class=\"awb-triangle\"><\/span><\/blockquote><div class=\"author\"><span class=\"testimonial-thumbnail\"><img decoding=\"async\" class=\"testimonial-image\" src=\"https:\/\/cortomaltese.com\/fr\/wp-content\/uploads\/sites\/3\/Las_nuevas_aventuras_de_Corto_Maltes_Pellejero_Canales.jpg\" width=\"960\" height=\"779\" alt=\"Las nuevas aventuras de Corto Malt\u00e9s\u00a0de Pellejero y Canales\" \/><\/span><span class=\"company-name\"><strong>Corto Maltese<\/strong><\/span><\/div><\/div><\/div><\/div><div class=\"fusion-clearfix\"><\/div><\/div><\/div><\/div><\/div><div class=\"fusion-fullwidth fullwidth-box fusion-builder-row-3 nonhundred-percent-fullwidth non-hundred-percent-height-scrolling\" style=\"--awb-border-radius-top-left:0px;--awb-border-radius-top-right:0px;--awb-border-radius-bottom-right:0px;--awb-border-radius-bottom-left:0px;--awb-flex-wrap:wrap;\" ><div class=\"fusion-builder-row fusion-row\"><div class=\"fusion-layout-column fusion_builder_column fusion-builder-column-3 fusion_builder_column_1_1 1_1 fusion-one-full fusion-column-first fusion-column-last\" style=\"--awb-bg-size:cover;\"><div class=\"fusion-column-wrapper fusion-column-has-shadow fusion-flex-column-wrapper-legacy\"><div class=\"fusion-sep-clear\"><\/div><div class=\"fusion-separator fusion-full-width-sep\" style=\"margin-left: auto;margin-right: auto;width:100%;\"><\/div><div class=\"fusion-sep-clear\"><\/div><div class=\"fusion-title title fusion-title-1 fusion-title-text fusion-title-size-one\"><h1 class=\"fusion-title-heading title-heading-left fusion-responsive-typography-calculated\" style=\"margin:0;--fontSize:36;line-height:1.33;\"><h2>D\u00e9couvrez toutes les publications chez Casterman \/ <b><\/b><a href=\"https:\/\/www.casterman.com\/Bande-dessinee\/Catalogue\/(recherche)\/Toujours%20un%20peu%20plus%20loin\" target=\"_blank\" rel=\"noopener noreferrer\"><b>Toujours un peu plus loin<\/b><\/a><\/h2><\/h1><span class=\"awb-title-spacer\"><\/span><div class=\"title-sep-container\"><div class=\"title-sep sep-double sep-solid\" style=\"border-color:#e0dede;\"><\/div><\/div><\/div><div class=\"fusion-sep-clear\"><\/div><div class=\"fusion-separator fusion-full-width-sep\" style=\"margin-left: auto;margin-right: auto;width:100%;\"><\/div><div class=\"fusion-sep-clear\"><\/div><div class=\"fusion-clearfix\"><\/div><\/div><\/div><\/div><\/div><div class=\"fusion-fullwidth fullwidth-box fusion-builder-row-4 nonhundred-percent-fullwidth non-hundred-percent-height-scrolling\" style=\"--awb-border-radius-top-left:0px;--awb-border-radius-top-right:0px;--awb-border-radius-bottom-right:0px;--awb-border-radius-bottom-left:0px;--awb-flex-wrap:wrap;\" ><div class=\"fusion-builder-row fusion-row\"><div class=\"fusion-layout-column fusion_builder_column fusion-builder-column-4 fusion_builder_column_1_4 1_4 fusion-one-fourth fusion-column-first\" style=\"--awb-bg-size:cover;width:25%;width:calc(25% - ( ( 4% + 4% + 4% ) * 0.25 ) );margin-right: 4%;\"><div class=\"fusion-column-wrapper fusion-column-has-shadow fusion-flex-column-wrapper-legacy\"><div class=\"fusion-image-element in-legacy-container\" style=\"--awb-caption-title-font-family:var(--h2_typography-font-family);--awb-caption-title-font-weight:var(--h2_typography-font-weight);--awb-caption-title-font-style:var(--h2_typography-font-style);--awb-caption-title-size:var(--h2_typography-font-size);--awb-caption-title-transform:var(--h2_typography-text-transform);--awb-caption-title-line-height:var(--h2_typography-line-height);--awb-caption-title-letter-spacing:var(--h2_typography-letter-spacing);\"><span class=\" fusion-imageframe imageframe-none imageframe-1 hover-type-zoomin\"><a href=\"https:\/\/cortomaltese.com\/fr\/wp-content\/uploads\/sites\/3\/3.-Toujours-un-peu-plus-loin-bn.jpg\" class=\"fusion-lightbox\" data-rel=\"iLightbox[406fbec7317bc5e6727]\" data-title=\"3. Toujours un peu plus loin b:n\" title=\"3. Toujours un peu plus loin b:n\"><img decoding=\"async\" width=\"374\" height=\"499\" src=\"https:\/\/cortomaltese.com\/fr\/wp-content\/uploads\/sites\/3\/3.-Toujours-un-peu-plus-loin-bn.jpg\" alt class=\"img-responsive wp-image-14708\" srcset=\"https:\/\/cortomaltese.com\/fr\/wp-content\/uploads\/sites\/3\/3.-Toujours-un-peu-plus-loin-bn-200x267.jpg 200w, https:\/\/cortomaltese.com\/fr\/wp-content\/uploads\/sites\/3\/3.-Toujours-un-peu-plus-loin-bn.jpg 374w\" sizes=\"(max-width: 800px) 100vw, 374px\" \/><\/a><\/span><\/div><div class=\"fusion-clearfix\"><\/div><\/div><\/div><div class=\"fusion-layout-column fusion_builder_column fusion-builder-column-5 fusion_builder_column_1_4 1_4 fusion-one-fourth\" style=\"--awb-bg-size:cover;width:25%;width:calc(25% - ( ( 4% + 4% + 4% ) * 0.25 ) );margin-right: 4%;\"><div class=\"fusion-column-wrapper fusion-column-has-shadow fusion-flex-column-wrapper-legacy\"><div class=\"fusion-text fusion-text-3\"><p><strong>\u00c9dition noir et blanc<\/strong><\/p>\n<p><b><\/b>Reli\u00e9 : 130 pages<br \/>\n<b><\/b>Langue\u00a0: Fran\u00e7ais<b><\/b><br \/>\n<b><\/b>ISBN-13 :\u00a0<b><\/b>978-2203122857<br \/>\nPrix: \u20ac 25,00<\/p>\n<div class=\"fusion-button-wrapper\"><a class=\"fusion-button button-flat fusion-button-default-size button-custom fusion-button-default button-1 fusion-button-default-span fusion-button-default-type\" style=\"--button_accent_color:#ffffff;--button_accent_hover_color:#ffffff;--button_border_hover_color:#ffffff;--button_gradient_top_color:#268a93;--button_gradient_bottom_color:#268a93;--button_gradient_top_color_hover:#268a93;--button_gradient_bottom_color_hover:#268a93;\" target=\"_blank\" rel=\"noopener noreferrer\" href=\"https:\/\/www.amazon.fr\/Corto-Maltese-noir-blanc-Toujours\/dp\/2203122854\/ref=sr_1_4?__mk_fr_FR=\u00c5M\u00c5\u017d\u00d5\u00d1&amp;keywords=Toujours+un+peu+plus+loin&amp;qid=1582115295&amp;s=books&amp;sr=1-4\"><span class=\"fusion-button-text awb-button__text awb-button__text--default\">amazon<\/span><\/a><\/div>\n<\/div><div class=\"fusion-clearfix\"><\/div><\/div><\/div><div class=\"fusion-layout-column fusion_builder_column fusion-builder-column-6 fusion_builder_column_1_4 1_4 fusion-one-fourth\" style=\"--awb-bg-size:cover;width:25%;width:calc(25% - ( ( 4% + 4% + 4% ) * 0.25 ) );margin-right: 4%;\"><div class=\"fusion-column-wrapper fusion-column-has-shadow fusion-flex-column-wrapper-legacy\"><div class=\"fusion-image-element in-legacy-container\" style=\"--awb-caption-title-font-family:var(--h2_typography-font-family);--awb-caption-title-font-weight:var(--h2_typography-font-weight);--awb-caption-title-font-style:var(--h2_typography-font-style);--awb-caption-title-size:var(--h2_typography-font-size);--awb-caption-title-transform:var(--h2_typography-text-transform);--awb-caption-title-line-height:var(--h2_typography-line-height);--awb-caption-title-letter-spacing:var(--h2_typography-letter-spacing);\"><span class=\" fusion-imageframe imageframe-none imageframe-2 hover-type-zoomin\"><a href=\"https:\/\/cortomaltese.com\/fr\/wp-content\/uploads\/sites\/3\/3.-Toujours-un-peu-plus-loin-c.jpg\" class=\"fusion-lightbox\" data-rel=\"iLightbox[977afbb05075ea24def]\" data-title=\"3. Toujours un peu plus loin c\" title=\"3. Toujours un peu plus loin c\"><img decoding=\"async\" width=\"382\" height=\"499\" src=\"https:\/\/cortomaltese.com\/fr\/wp-content\/uploads\/sites\/3\/3.-Toujours-un-peu-plus-loin-c.jpg\" alt class=\"img-responsive wp-image-14707\" srcset=\"https:\/\/cortomaltese.com\/fr\/wp-content\/uploads\/sites\/3\/3.-Toujours-un-peu-plus-loin-c-200x261.jpg 200w, https:\/\/cortomaltese.com\/fr\/wp-content\/uploads\/sites\/3\/3.-Toujours-un-peu-plus-loin-c.jpg 382w\" sizes=\"(max-width: 800px) 100vw, 382px\" \/><\/a><\/span><\/div><div class=\"fusion-clearfix\"><\/div><\/div><\/div><div class=\"fusion-layout-column fusion_builder_column fusion-builder-column-7 fusion_builder_column_1_4 1_4 fusion-one-fourth fusion-column-last\" style=\"--awb-bg-size:cover;width:25%;width:calc(25% - ( ( 4% + 4% + 4% ) * 0.25 ) );\"><div class=\"fusion-column-wrapper fusion-column-has-shadow fusion-flex-column-wrapper-legacy\"><div class=\"fusion-text fusion-text-4\"><p><strong>\u00c9dition couleurs<\/strong><\/p>\n<p><b><\/b>Reli\u00e9 : 112 pages<br \/>\n<b><\/b>Langue\u00a0: Fran\u00e7ais<b><\/b><br \/>\n<b><\/b>ISBN-13 :\u00a0<b><\/b>978-2203097629<br \/>\nPrix: \u20ac 18,00<\/p>\n<div class=\"fusion-button-wrapper\"><a class=\"fusion-button button-flat fusion-button-default-size button-custom fusion-button-default button-2 fusion-button-default-span fusion-button-default-type\" style=\"--button_accent_color:#ffffff;--button_accent_hover_color:#ffffff;--button_border_hover_color:#ffffff;--button_gradient_top_color:#268a93;--button_gradient_bottom_color:#268a93;--button_gradient_top_color_hover:#268a93;--button_gradient_bottom_color_hover:#268a93;\" target=\"_blank\" rel=\"noopener noreferrer\" href=\"https:\/\/www.amazon.fr\/Corto-Maltese-Couleur-Toujours-Nouvelle\/dp\/2203097620\/ref=sr_1_1?__mk_fr_FR=\u00c5M\u00c5\u017d\u00d5\u00d1&amp;keywords=Toujours+un+peu+plus+loin&amp;qid=1582115295&amp;s=books&amp;sr=1-1\"><span class=\"fusion-button-text awb-button__text awb-button__text--default\">amazon<\/span><\/a><\/div>\n<\/div><div class=\"fusion-sep-clear\"><\/div><div class=\"fusion-separator fusion-full-width-sep\" style=\"margin-left: auto;margin-right: auto;width:100%;\"><\/div><div class=\"fusion-sep-clear\"><\/div><div class=\"fusion-button-wrapper\"><a class=\"fusion-button button-flat fusion-button-default-size button-default fusion-button-default button-3 fusion-button-default-span fusion-button-default-type\" target=\"_blank\" rel=\"noopener noreferrer\" href=\"https:\/\/www.placedeslibraires.fr\/livre\/9782203097629-corto-maltese-t-3-toujours-un-peu-plus-loin-hugo-pratt\/\"><span class=\"fusion-button-text awb-button__text awb-button__text--default\">Place des Libraires<\/span><\/a><\/div><div class=\"fusion-clearfix\"><\/div><\/div><\/div><\/div><\/div><div class=\"fusion-fullwidth fullwidth-box fusion-builder-row-5 nonhundred-percent-fullwidth non-hundred-percent-height-scrolling\" style=\"--awb-border-radius-top-left:0px;--awb-border-radius-top-right:0px;--awb-border-radius-bottom-right:0px;--awb-border-radius-bottom-left:0px;--awb-flex-wrap:wrap;\" ><div class=\"fusion-builder-row fusion-row\"><div class=\"fusion-layout-column fusion_builder_column fusion-builder-column-8 fusion_builder_column_1_1 1_1 fusion-one-full fusion-column-first fusion-column-last\" style=\"--awb-bg-size:cover;\"><div class=\"fusion-column-wrapper fusion-column-has-shadow fusion-flex-column-wrapper-legacy\"><div class=\"fusion-sep-clear\"><\/div><div class=\"fusion-separator fusion-full-width-sep\" style=\"margin-left: auto;margin-right: auto;margin-top:30px;margin-bottom:30px;width:100%;\"><\/div><div class=\"fusion-sep-clear\"><\/div><div class=\"fusion-title title fusion-title-2 fusion-title-text fusion-title-size-one\"><h1 class=\"fusion-title-heading title-heading-left fusion-responsive-typography-calculated\" style=\"margin:0;--fontSize:36;line-height:1.33;\"><h2>d\u00e9couvrez les histoires dans &#8220;<b><\/b><b>Toujours un peu plus loin&#8221;<\/b><\/h2>\n<h2>&#8220;<\/h2><\/h1><span class=\"awb-title-spacer\"><\/span><div class=\"title-sep-container\"><div class=\"title-sep sep-double sep-solid\" style=\"border-color:#e0dede;\"><\/div><\/div><\/div><div class=\"fusion-sep-clear\"><\/div><div class=\"fusion-separator fusion-full-width-sep\" style=\"margin-left: auto;margin-right: auto;margin-top:30px;margin-bottom:30px;width:100%;\"><\/div><div class=\"fusion-sep-clear\"><\/div><div class=\"fusion-tabs fusion-tabs-1 clean vertical-tabs icon-position-left mobile-mode-accordion\" style=\"--awb-title-border-radius-top-left:0px;--awb-title-border-radius-top-right:0px;--awb-title-border-radius-bottom-right:0px;--awb-title-border-radius-bottom-left:0px;--awb-inactive-color:#ebeaea;--awb-background-color:#ffffff;--awb-border-color:#ebeaea;--awb-active-border-color:#268a93;\"><div class=\"nav\"><ul class=\"nav-tabs\" role=\"tablist\"><li class=\"active\" role=\"presentation\"><a class=\"tab-link\" data-toggle=\"tab\" role=\"tab\" aria-controls=\"tab-5153d3f62d0a2131253\" aria-selected=\"true\" id=\"fusion-tab-t\u00eatesetchampignons\" href=\"#tab-5153d3f62d0a2131253\"><h4 class=\"fusion-tab-heading\">T\u00eates et champignons<\/h4><\/a><\/li><li role=\"presentation\"><a class=\"tab-link\" data-toggle=\"tab\" role=\"tab\" aria-controls=\"tab-3768d144d75fb23bff8\" aria-selected=\"false\" tabindex=\"-1\" id=\"fusion-tab-lacongadesbananes\" href=\"#tab-3768d144d75fb23bff8\"><h4 class=\"fusion-tab-heading\">La conga des bananes<\/h4><\/a><\/li><li role=\"presentation\"><a class=\"tab-link\" data-toggle=\"tab\" role=\"tab\" aria-controls=\"tab-0d0a752af2bb74427dd\" aria-selected=\"false\" tabindex=\"-1\" id=\"fusion-tab-vaudoupourmonsieurlepr\u00e9sident\" href=\"#tab-0d0a752af2bb74427dd\"><h4 class=\"fusion-tab-heading\">Vaudou pour Monsieur le Pr\u00e9sident<\/h4><\/a><\/li><li role=\"presentation\"><a class=\"tab-link\" data-toggle=\"tab\" role=\"tab\" aria-controls=\"tab-a36a07abd9cee9d402b\" aria-selected=\"false\" tabindex=\"-1\" id=\"fusion-tab-lalagunedesbeauxsonges\" href=\"#tab-a36a07abd9cee9d402b\"><h4 class=\"fusion-tab-heading\">La lagune des Beaux Songes<\/h4><\/a><\/li><li role=\"presentation\"><a class=\"tab-link\" data-toggle=\"tab\" role=\"tab\" aria-controls=\"tab-0c87191f29e9788f83e\" aria-selected=\"false\" tabindex=\"-1\" id=\"fusion-tab-fablesetgrands-p\u00e8res\" href=\"#tab-0c87191f29e9788f83e\"><h4 class=\"fusion-tab-heading\">Fables et grands-p\u00e8res<\/h4><\/a><\/li><\/ul><\/div><div class=\"tab-content\"><div class=\"nav fusion-mobile-tab-nav\"><ul class=\"nav-tabs\" role=\"tablist\"><li class=\"active\" role=\"presentation\"><a class=\"tab-link\" data-toggle=\"tab\" role=\"tab\" aria-controls=\"tab-5153d3f62d0a2131253\" aria-selected=\"true\" id=\"mobile-fusion-tab-t\u00eatesetchampignons\" href=\"#tab-5153d3f62d0a2131253\"><h4 class=\"fusion-tab-heading\">T\u00eates et champignons<\/h4><\/a><\/li><\/ul><\/div><div class=\"tab-pane fade fusion-clearfix in active\" role=\"tabpanel\" tabindex=\"0\" aria-labelledby=\"fusion-tab-t\u00eatesetchampignons\" id=\"tab-5153d3f62d0a2131253\">\n<p>A Maracaibo, un antiquaire,<strong> Levi Colombia<\/strong>, retrouve les carnets d&#8217;un explorateur anglais disparu, qui recherchait dans la jungle amazonienne les traces du mythique \u00ab <strong>El Dorado<\/strong> \u00bb. Ses \u00e9crits \u00e9voquent une myst\u00e9rieuse tour de pierre, \u00e9difi\u00e9e en plein c\u0153ur de la for\u00eat&#8230; Colombia et Steiner cherchent \u00e0 convaincre Corto Maltese de suivre \u00e0 son tour la piste d&#8217;El Dorado. Mais pour cela, il faut d&#8217;abord que Corto gu\u00e9risse de l&#8217;amn\u00e9sie qui le frappe depuis sa pr\u00e9c\u00e9dente aventure. Les \u00ab champignons magiques \u00bb que l&#8217;antiquaire tient d&#8217;un indien Jivaro -cens\u00e9s eux aussi \u00eatre issus de l&#8217;exp\u00e9dition fatale dans la jungle- vont peut-\u00eatre se r\u00e9v\u00e9ler utiles\u2026<\/p>\n<\/div><div class=\"nav fusion-mobile-tab-nav\"><ul class=\"nav-tabs\" role=\"tablist\"><li role=\"presentation\"><a class=\"tab-link\" data-toggle=\"tab\" role=\"tab\" aria-controls=\"tab-3768d144d75fb23bff8\" aria-selected=\"false\" tabindex=\"-1\" id=\"mobile-fusion-tab-lacongadesbananes\" href=\"#tab-3768d144d75fb23bff8\"><h4 class=\"fusion-tab-heading\">La conga des bananes<\/h4><\/a><\/li><\/ul><\/div><div class=\"tab-pane fade fusion-clearfix\" role=\"tabpanel\" tabindex=\"0\" aria-labelledby=\"fusion-tab-lacongadesbananes\" id=\"tab-3768d144d75fb23bff8\">\n<p>On s&#8217;entretue \u00e0 tout va sous le soleil des Cara\u00efbes. Au Honduras, travers\u00e9 par les convulsions de son temps, r\u00e9volutionnaires et grandes compagnies banani\u00e8res sont engag\u00e9es dans un combat mortel pour le contr\u00f4le du pouvoir, sous le regard pas toujours innocent de la puissance nord-am\u00e9ricaine. C&#8217;est dans ce chaudron en \u00e9bullition que Corto, \u00e0 son corps d\u00e9fendant, se trouve par hasard entra\u00een\u00e9 dans une sanglante course-poursuite dont l&#8217;enjeu est une myst\u00e9rieuse mallette convoit\u00e9e par tous. L&#8217;occasion aussi de retrouver une vieille connaissance, <strong>Bouche Dor\u00e9e<\/strong>\u2026<\/p>\n<\/div><div class=\"nav fusion-mobile-tab-nav\"><ul class=\"nav-tabs\" role=\"tablist\"><li role=\"presentation\"><a class=\"tab-link\" data-toggle=\"tab\" role=\"tab\" aria-controls=\"tab-0d0a752af2bb74427dd\" aria-selected=\"false\" tabindex=\"-1\" id=\"mobile-fusion-tab-vaudoupourmonsieurlepr\u00e9sident\" href=\"#tab-0d0a752af2bb74427dd\"><h4 class=\"fusion-tab-heading\">Vaudou pour Monsieur le Pr\u00e9sident<\/h4><\/a><\/li><\/ul><\/div><div class=\"tab-pane fade fusion-clearfix\" role=\"tabpanel\" tabindex=\"0\" aria-labelledby=\"fusion-tab-vaudoupourmonsieurlepr\u00e9sident\" id=\"tab-0d0a752af2bb74427dd\">\n<p>Corto Maltese et son ami<strong> Steiner<\/strong> font \u00e9tape \u00e0 Port-Ducal, petite \u00eele perdue des Cara\u00efbes. Ils assistent \u00e0 un simulacre de proc\u00e8s de la belle Soledad Lok\u00e4arth accus\u00e9e par Zola, le sinistre ministre des affaires int\u00e9rieures, d&#8217;avoir fait travailler des zombies sur sa plantation de canne \u00e0 sucre. Corto prend la d\u00e9fense de Soledad, il est condamn\u00e9 \u00e0 mort avec elle et fusill\u00e9. Mais c&#8217;est sans compter l&#8217;intervention de Gros Masque, un diable adepte de la magie noire&#8230;<\/p>\n<\/div><div class=\"nav fusion-mobile-tab-nav\"><ul class=\"nav-tabs\" role=\"tablist\"><li role=\"presentation\"><a class=\"tab-link\" data-toggle=\"tab\" role=\"tab\" aria-controls=\"tab-a36a07abd9cee9d402b\" aria-selected=\"false\" tabindex=\"-1\" id=\"mobile-fusion-tab-lalagunedesbeauxsonges\" href=\"#tab-a36a07abd9cee9d402b\"><h4 class=\"fusion-tab-heading\">La lagune des Beaux Songes<\/h4><\/a><\/li><\/ul><\/div><div class=\"tab-pane fade fusion-clearfix\" role=\"tabpanel\" tabindex=\"0\" aria-labelledby=\"fusion-tab-lalagunedesbeauxsonges\" id=\"tab-a36a07abd9cee9d402b\">\n<p>Dans la \u00bfbouche du grand fleuve\u00bf, l\u00e0 o\u00f9 se forme le delta de l&#8217;Or\u00e9noque, les tambours battent. Leur message dit qu&#8217;un Blanc malade et fou campe sur la rive de la lagune des beaux songes &#8211; terrible endroit malgr\u00e9 son nom po\u00e9tique, \u00bfla demeure de tous les insectes mortels de l&#8217;Am\u00e9rique\u00bf. Corto l&#8217;a entendu, et part \u00e0 la recherche de l&#8217;inconnu. Sur place, il d\u00e9couvre un soldat perdu, rev\u00eatu de l&#8217;uniforme d&#8217;un prestigieux r\u00e9giment anglais, le Artists Rifles, et hant\u00e9 par le terrible souvenir d&#8217;un char allemand\u2026<\/p>\n<\/div><div class=\"nav fusion-mobile-tab-nav\"><ul class=\"nav-tabs\" role=\"tablist\"><li role=\"presentation\"><a class=\"tab-link\" data-toggle=\"tab\" role=\"tab\" aria-controls=\"tab-0c87191f29e9788f83e\" aria-selected=\"false\" tabindex=\"-1\" id=\"mobile-fusion-tab-fablesetgrands-p\u00e8res\" href=\"#tab-0c87191f29e9788f83e\"><h4 class=\"fusion-tab-heading\">Fables et grands-p\u00e8res<\/h4><\/a><\/li><\/ul><\/div><div class=\"tab-pane fade fusion-clearfix\" role=\"tabpanel\" tabindex=\"0\" aria-labelledby=\"fusion-tab-fablesetgrands-p\u00e8res\" id=\"tab-0c87191f29e9788f83e\">\n<p>En pleine jungle p\u00e9ruvienne, le long du fleuve,<strong> Levi Columbia<\/strong>, vieille connaissance de Corto Maltese, confie au marin une mission \u00e0 haut risque : retrouver en pleine for\u00eat le petit-fils m\u00e9tis d&#8217;un c\u00e9l\u00e8bre m\u00e9decin blanc. Probl\u00e8me, l&#8217;enfant a \u00e9t\u00e9 localis\u00e9 au coeur d&#8217;un territoire hostile que m\u00eame les vieilles cartes j\u00e9suites ont \u00e0 peine r\u00e9pertori\u00e9, peupl\u00e9 de cannibales, de chasseurs de t\u00eates et d&#8217;esclavagistes pr\u00eats \u00e0 tous les crimes. Corto part, non sans s&#8217;interroger : la qu\u00eate de l&#8217;enfant est-elle bien la v\u00e9ritable raison d&#8217;\u00eatre de la mission, ou bien dissimule-t-elle, comme souvent lorsque Corto para\u00eet, une secr\u00e8te histoire d&#8217;or et d&#8217;argent ?<\/p>\n<\/div><\/div><\/div><div class=\"fusion-flip-boxes flip-boxes row fusion-columns-5 flip-effect-classic\" style=\"--awb-flip-duration:0.4s;\"><div class=\"fusion-flip-box-wrapper col-lg-2 col-md-2 col-sm-2\"><div class=\"fusion-flip-box flip-right\" tabindex=\"0\"><div class=\"flip-box-inner-wrapper\"><div class=\"flip-box-front\" style=\"--awb-background-image-front:url(&#039;https:\/\/cortomaltese.com\/fr\/wp-content\/uploads\/sites\/3\/3.1.-T\u00eates-et-champignons-.jpg&#039;);\"><div class=\"flip-box-front-inner\"><\/div><\/div><div class=\"flip-box-back\" style=\"--awb-background-color-back:#ffffff;--awb-text-back-color:#000000;\"><div class=\"flip-box-back-inner\">\n<p>\u00c8dition Poche<br \/>\nBroch\u00e9 : 39 pages<br \/>\nLangue\u00a0: Fran\u00e7ais<br \/>\nISBN-13 :\u00a0<b><\/b>978-2203001992<br \/>\nPrix: \u20ac 4,95<\/p>\n<div class=\"fusion-button-wrapper\"><a class=\"fusion-button button-flat button-small button-custom fusion-button-default button-4 fusion-button-default-span fusion-button-default-type\" style=\"--button_accent_color:#ffffff;--button_accent_hover_color:#ffffff;--button_border_hover_color:#ffffff;--button_gradient_top_color:#268a93;--button_gradient_bottom_color:#268a93;--button_gradient_top_color_hover:#268a93;--button_gradient_bottom_color_hover:#268a93;\" target=\"_blank\" rel=\"noopener noreferrer\" href=\"https:\/\/www.amazon.fr\/Corto-T\u00eates-champignons-Hugo-Pratt\/dp\/2203001992\/ref=sr_1_2?__mk_fr_FR=\u00c5M\u00c5\u017d\u00d5\u00d1&amp;keywords=T\u00eates+et+champignons&amp;qid=1582116042&amp;s=books&amp;sr=1-2\"><span class=\"fusion-button-text awb-button__text awb-button__text--default\">Amazon<\/span><\/a><\/div>\n<\/div><\/div><\/div><\/div><\/div><div class=\"fusion-flip-box-wrapper col-lg-2 col-md-2 col-sm-2\"><div class=\"fusion-flip-box flip-right\" tabindex=\"0\"><div class=\"flip-box-inner-wrapper\"><div class=\"flip-box-front\" style=\"--awb-background-image-front:url(&#039;https:\/\/cortomaltese.com\/fr\/wp-content\/uploads\/sites\/3\/3.2.-La-conga-des-bananes-.jpg&#039;);\"><div class=\"flip-box-front-inner\"><\/div><\/div><div class=\"flip-box-back\" style=\"--awb-background-color-back:#ffffff;--awb-text-back-color:#000000;\"><div class=\"flip-box-back-inner\">\u00c8dition Poche<br \/>\nBroch\u00e9 : 39 pages<br \/>\nLangue\u00a0: Fran\u00e7ais<br \/>\nISBN-13 :\u00a0<b><\/b>978-2203003248<br \/>\nPrix: \u20ac 4,95<\/p>\n<div class=\"fusion-button-wrapper\"><a class=\"fusion-button button-flat button-small button-custom fusion-button-default button-5 fusion-button-default-span fusion-button-default-type\" style=\"--button_accent_color:#ffffff;--button_accent_hover_color:#ffffff;--button_border_hover_color:#ffffff;--button_gradient_top_color:#268a93;--button_gradient_bottom_color:#268a93;--button_gradient_top_color_hover:#268a93;--button_gradient_bottom_color_hover:#268a93;\" target=\"_blank\" rel=\"noopener noreferrer\" href=\"https:\/\/www.amazon.fr\/Corto-10-bananes-Hugo-Pratt\/dp\/2203003243\/ref=sr_1_1?__mk_fr_FR=\u00c5M\u00c5\u017d\u00d5\u00d1&amp;keywords=La+conga+des+bananes&amp;qid=1582116208&amp;s=books&amp;sr=1-1\"><span class=\"fusion-button-text awb-button__text awb-button__text--default\">Amazon<\/span><\/a><\/div><\/div><\/div><\/div><\/div><\/div><div class=\"fusion-flip-box-wrapper col-lg-2 col-md-2 col-sm-2\"><div class=\"fusion-flip-box flip-right\" tabindex=\"0\"><div class=\"flip-box-inner-wrapper\"><div class=\"flip-box-front\" style=\"--awb-background-image-front:url(&#039;https:\/\/cortomaltese.com\/fr\/wp-content\/uploads\/sites\/3\/3.3.-Vaudou-pour-Monsieur-le-Pr\u00e9sident-.jpg&#039;);\"><div class=\"flip-box-front-inner\"><\/div><\/div><div class=\"flip-box-back\" style=\"--awb-background-color-back:#ffffff;--awb-text-back-color:#000000;\"><div class=\"flip-box-back-inner\">\u00c8dition Poche<br \/>\nBroch\u00e9 : 39 pages<br \/>\nLangue\u00a0: Fran\u00e7ais<br \/>\nISBN-13 :\u00a0<b><\/b>978-2203003255<br \/>\nPrix: \u20ac 4,95<\/p>\n<div class=\"fusion-button-wrapper\"><a class=\"fusion-button button-flat button-small button-custom fusion-button-default button-6 fusion-button-default-span fusion-button-default-type\" style=\"--button_accent_color:#ffffff;--button_accent_hover_color:#ffffff;--button_border_hover_color:#ffffff;--button_gradient_top_color:#268a93;--button_gradient_bottom_color:#268a93;--button_gradient_top_color_hover:#268a93;--button_gradient_bottom_color_hover:#268a93;\" target=\"_blank\" rel=\"noopener noreferrer\" href=\"https:\/\/www.amazon.fr\/Corto-11-Vaudou-Monsieur-Pr\u00e9sident\/dp\/2203003251\/ref=pd_bxgy_img_2\/257-9750094-8141246?_encoding=UTF8&amp;pd_rd_i=2203003251&amp;pd_rd_r=1cf26666-2130-423e-9531-e4190595c27e&amp;pd_rd_w=CrLwq&amp;pd_rd_wg=F8T6I&amp;pf_rd_p=da1675de-3974-4ba2-b26f-c06b987f79cb&amp;pf_rd_r=GA1S81D4FZ1YP7FJYB75&amp;psc=1&amp;refRID=GA1S81D4FZ1YP7FJYB75\"><span class=\"fusion-button-text awb-button__text awb-button__text--default\">Amazon<\/span><\/a><\/div><\/div><\/div><\/div><\/div><\/div><div class=\"fusion-flip-box-wrapper col-lg-2 col-md-2 col-sm-2\"><div class=\"fusion-flip-box flip-right\" tabindex=\"0\"><div class=\"flip-box-inner-wrapper\"><div class=\"flip-box-front\" style=\"--awb-background-image-front:url(&#039;https:\/\/cortomaltese.com\/fr\/wp-content\/uploads\/sites\/3\/3.4.-La-lagune-des-Beaux-Songes-.jpg&#039;);\"><div class=\"flip-box-front-inner\"><\/div><\/div><div class=\"flip-box-back\" style=\"--awb-background-color-back:#ffffff;--awb-text-back-color:#000000;\"><div class=\"flip-box-back-inner\">\u00c8dition Poche<br \/>\nBroch\u00e9 : 38 pages<br \/>\nLangue\u00a0: Fran\u00e7ais<br \/>\nISBN-13 :\u00a0<b><\/b>978-2203003262<br \/>\nPrix: \u20ac 4,95<\/p>\n<div class=\"fusion-button-wrapper\"><a class=\"fusion-button button-flat button-small button-custom fusion-button-default button-7 fusion-button-default-span fusion-button-default-type\" style=\"--button_accent_color:#ffffff;--button_accent_hover_color:#ffffff;--button_border_hover_color:#ffffff;--button_gradient_top_color:#268a93;--button_gradient_bottom_color:#268a93;--button_gradient_top_color_hover:#268a93;--button_gradient_bottom_color_hover:#268a93;\" target=\"_blank\" rel=\"noopener noreferrer\" href=\"https:\/\/www.amazon.fr\/Corto-12-lagune-Beaux-Songes\/dp\/220300326X\/ref=sr_1_1?__mk_fr_FR=\u00c5M\u00c5\u017d\u00d5\u00d1&amp;keywords=La+lagune+des+Beaux+Songes&amp;qid=1582116382&amp;s=books&amp;sr=1-1\"><span class=\"fusion-button-text awb-button__text awb-button__text--default\">Amazon<\/span><\/a><\/div><\/div><\/div><\/div><\/div><\/div><div class=\"fusion-flip-box-wrapper col-lg-2 col-md-2 col-sm-2\"><div class=\"fusion-flip-box flip-right\" tabindex=\"0\"><div class=\"flip-box-inner-wrapper\"><div class=\"flip-box-front\" style=\"--awb-background-image-front:url(&#039;https:\/\/cortomaltese.com\/fr\/wp-content\/uploads\/sites\/3\/3.5.-Fables-et-grands-p\u00e8res-.jpg&#039;);\"><div class=\"flip-box-front-inner\"><\/div><\/div><div class=\"flip-box-back\" style=\"--awb-background-color-back:#ffffff;--awb-text-back-color:#000000;\"><div class=\"flip-box-back-inner\">\u00c8dition Poche<br \/>\nBroch\u00e9 : 38 pages<br \/>\nLangue\u00a0: Fran\u00e7ais<br \/>\nISBN-13 :\u00a0<b><\/b>978-2203005396<br \/>\nPrix: \u20ac 4,95<\/p>\n<div class=\"fusion-button-wrapper\"><a class=\"fusion-button button-flat button-small button-custom fusion-button-default button-8 fusion-button-default-span fusion-button-default-type\" style=\"--button_accent_color:#ffffff;--button_accent_hover_color:#ffffff;--button_border_hover_color:#ffffff;--button_gradient_top_color:#268a93;--button_gradient_bottom_color:#268a93;--button_gradient_top_color_hover:#268a93;--button_gradient_bottom_color_hover:#268a93;\" target=\"_blank\" rel=\"noopener noreferrer\" href=\"https:\/\/www.amazon.fr\/Corto-13-grands-p\u00e8res-Hugo-Pratt\/dp\/2203005394\/ref=sr_1_8?__mk_fr_FR=\u00c5M\u00c5\u017d\u00d5\u00d1&amp;keywords=Fables+et+grands-p\u00e8res&amp;qid=1582116443&amp;s=books&amp;sr=1-8\"><span class=\"fusion-button-text awb-button__text awb-button__text--default\">Amazon<\/span><\/a><\/div><\/div><\/div><\/div><\/div><\/div><\/div><div class=\"clearfix\"><\/div><div class=\"fusion-clearfix\"><\/div><\/div><\/div><\/div><\/div><\/p>\n","protected":false},"excerpt":{"rendered":"<p>Am\u00e9rique centrale, 1917. Corto Maltese navigue en eaux troubles : une r\u00e9volution dans une r\u00e9publique banani\u00e8re, un proc\u00e8s pour sorcellerie sur une \u00eele perdue, et m\u00eame des esclavagistes, crois\u00e9s au fond de la jungle p\u00e9ruvienne.<\/p>\n","protected":false},"author":1,"featured_media":14914,"comment_status":"closed","ping_status":"open","sticky":false,"template":"","format":"standard","meta":{"footnotes":""},"categories":[7],"tags":[46,45,44,47],"class_list":["post-14706","post","type-post","status-publish","format-standard","has-post-thumbnail","hentry","category-nouveautes","tag-la-conga-des-bananes","tag-tetes-et-champignons","tag-toujours-un-peu-plus-loin","tag-vaudou-pour-monsieur-le-president"],"yoast_head":"<!-- This site is optimized with the Yoast SEO plugin v26.5 - https:\/\/yoast.com\/wordpress\/plugins\/seo\/ -->\n<title>Corto Maltese. Toujours un peu plus loin. - voyage en Am\u00e9rique Centrel<\/title>\n<meta name=\"description\" content=\"Toujours un peu plus loin: L\u2019Am\u00e9rique latine est le cadre de ces histoires qui parlent d\u2019id\u00e9alisme et de cr\u00e9dulit\u00e9s, de tra\u00eetres et de fid\u00e8les compagnons.\" \/>\n<meta name=\"robots\" content=\"index, follow, max-snippet:-1, max-image-preview:large, max-video-preview:-1\" \/>\n<link rel=\"canonical\" href=\"https:\/\/cortomaltese.com\/fr\/corto-maltese-toujours-un-peu-plus-loin\/\" \/>\n<meta property=\"og:locale\" content=\"fr_FR\" \/>\n<meta property=\"og:type\" content=\"article\" \/>\n<meta property=\"og:title\" content=\"Corto Maltese. Toujours un peu plus loin. - voyage en Am\u00e9rique Centrel\" \/>\n<meta property=\"og:description\" content=\"Toujours un peu plus loin: L\u2019Am\u00e9rique latine est le cadre de ces histoires qui parlent d\u2019id\u00e9alisme et de cr\u00e9dulit\u00e9s, de tra\u00eetres et de fid\u00e8les compagnons.\" \/>\n<meta property=\"og:url\" content=\"https:\/\/cortomaltese.com\/fr\/corto-maltese-toujours-un-peu-plus-loin\/\" \/>\n<meta property=\"og:site_name\" content=\"cortomaltese fran\u00e7ais\" \/>\n<meta property=\"article:published_time\" content=\"2019-02-19T12:48:44+00:00\" \/>\n<meta property=\"article:modified_time\" content=\"2020-12-04T17:23:29+00:00\" \/>\n<meta property=\"og:image\" content=\"https:\/\/cortomaltese.com\/fr\/wp-content\/uploads\/sites\/3\/03_TjrsUnPeuPlusLoin_nb.jpg\" \/>\n\t<meta property=\"og:image:width\" content=\"679\" \/>\n\t<meta property=\"og:image:height\" content=\"909\" \/>\n\t<meta property=\"og:image:type\" content=\"image\/jpeg\" \/>\n<meta name=\"author\" content=\"Corto Maltese\" \/>\n<meta name=\"twitter:card\" content=\"summary_large_image\" \/>\n<meta name=\"twitter:label1\" content=\"\u00c9crit par\" \/>\n\t<meta name=\"twitter:data1\" content=\"Corto Maltese\" \/>\n\t<meta name=\"twitter:label2\" content=\"Dur\u00e9e de lecture estim\u00e9e\" \/>\n\t<meta name=\"twitter:data2\" content=\"21 minutes\" \/>\n<script type=\"application\/ld+json\" class=\"yoast-schema-graph\">{\"@context\":\"https:\/\/schema.org\",\"@graph\":[{\"@type\":\"WebPage\",\"@id\":\"https:\/\/cortomaltese.com\/fr\/corto-maltese-toujours-un-peu-plus-loin\/\",\"url\":\"https:\/\/cortomaltese.com\/fr\/corto-maltese-toujours-un-peu-plus-loin\/\",\"name\":\"Corto Maltese. Toujours un peu plus loin. - voyage en Am\u00e9rique Centrel\",\"isPartOf\":{\"@id\":\"https:\/\/cortomaltese.com\/fr\/#website\"},\"primaryImageOfPage\":{\"@id\":\"https:\/\/cortomaltese.com\/fr\/corto-maltese-toujours-un-peu-plus-loin\/#primaryimage\"},\"image\":{\"@id\":\"https:\/\/cortomaltese.com\/fr\/corto-maltese-toujours-un-peu-plus-loin\/#primaryimage\"},\"thumbnailUrl\":\"https:\/\/cortomaltese.com\/fr\/wp-content\/uploads\/sites\/3\/03_TjrsUnPeuPlusLoin_nb.jpg\",\"datePublished\":\"2019-02-19T12:48:44+00:00\",\"dateModified\":\"2020-12-04T17:23:29+00:00\",\"author\":{\"@id\":\"https:\/\/cortomaltese.com\/fr\/#\/schema\/person\/5204dd292c3d1105df4b66cc0749217e\"},\"description\":\"Toujours un peu plus loin: L\u2019Am\u00e9rique latine est le cadre de ces histoires qui parlent d\u2019id\u00e9alisme et de cr\u00e9dulit\u00e9s, de tra\u00eetres et de fid\u00e8les compagnons.\",\"breadcrumb\":{\"@id\":\"https:\/\/cortomaltese.com\/fr\/corto-maltese-toujours-un-peu-plus-loin\/#breadcrumb\"},\"inLanguage\":\"fr-FR\",\"potentialAction\":[{\"@type\":\"ReadAction\",\"target\":[\"https:\/\/cortomaltese.com\/fr\/corto-maltese-toujours-un-peu-plus-loin\/\"]}]},{\"@type\":\"ImageObject\",\"inLanguage\":\"fr-FR\",\"@id\":\"https:\/\/cortomaltese.com\/fr\/corto-maltese-toujours-un-peu-plus-loin\/#primaryimage\",\"url\":\"https:\/\/cortomaltese.com\/fr\/wp-content\/uploads\/sites\/3\/03_TjrsUnPeuPlusLoin_nb.jpg\",\"contentUrl\":\"https:\/\/cortomaltese.com\/fr\/wp-content\/uploads\/sites\/3\/03_TjrsUnPeuPlusLoin_nb.jpg\",\"width\":679,\"height\":909},{\"@type\":\"BreadcrumbList\",\"@id\":\"https:\/\/cortomaltese.com\/fr\/corto-maltese-toujours-un-peu-plus-loin\/#breadcrumb\",\"itemListElement\":[{\"@type\":\"ListItem\",\"position\":1,\"name\":\"Accueil\",\"item\":\"https:\/\/cortomaltese.com\/fr\/\"},{\"@type\":\"ListItem\",\"position\":2,\"name\":\"Corto Maltese. Toujours un peu plus loin.\"}]},{\"@type\":\"WebSite\",\"@id\":\"https:\/\/cortomaltese.com\/fr\/#website\",\"url\":\"https:\/\/cortomaltese.com\/fr\/\",\"name\":\"cortomaltese fran\u00e7ais\",\"description\":\"Il sito ufficiale\",\"potentialAction\":[{\"@type\":\"SearchAction\",\"target\":{\"@type\":\"EntryPoint\",\"urlTemplate\":\"https:\/\/cortomaltese.com\/fr\/?s={search_term_string}\"},\"query-input\":{\"@type\":\"PropertyValueSpecification\",\"valueRequired\":true,\"valueName\":\"search_term_string\"}}],\"inLanguage\":\"fr-FR\"},{\"@type\":\"Person\",\"@id\":\"https:\/\/cortomaltese.com\/fr\/#\/schema\/person\/5204dd292c3d1105df4b66cc0749217e\",\"name\":\"Corto Maltese\",\"image\":{\"@type\":\"ImageObject\",\"inLanguage\":\"fr-FR\",\"@id\":\"https:\/\/cortomaltese.com\/fr\/#\/schema\/person\/image\/\",\"url\":\"https:\/\/secure.gravatar.com\/avatar\/2ad4be5824b38545bbca3ce52ffd9add?s=96&d=mm&r=g\",\"contentUrl\":\"https:\/\/secure.gravatar.com\/avatar\/2ad4be5824b38545bbca3ce52ffd9add?s=96&d=mm&r=g\",\"caption\":\"Corto Maltese\"},\"url\":\"https:\/\/cortomaltese.com\/fr\/author\/cortomaltese\/\"}]}<\/script>\n<!-- \/ Yoast SEO plugin. -->","yoast_head_json":{"title":"Corto Maltese. Toujours un peu plus loin. - voyage en Am\u00e9rique Centrel","description":"Toujours un peu plus loin: L\u2019Am\u00e9rique latine est le cadre de ces histoires qui parlent d\u2019id\u00e9alisme et de cr\u00e9dulit\u00e9s, de tra\u00eetres et de fid\u00e8les compagnons.","robots":{"index":"index","follow":"follow","max-snippet":"max-snippet:-1","max-image-preview":"max-image-preview:large","max-video-preview":"max-video-preview:-1"},"canonical":"https:\/\/cortomaltese.com\/fr\/corto-maltese-toujours-un-peu-plus-loin\/","og_locale":"fr_FR","og_type":"article","og_title":"Corto Maltese. Toujours un peu plus loin. - voyage en Am\u00e9rique Centrel","og_description":"Toujours un peu plus loin: L\u2019Am\u00e9rique latine est le cadre de ces histoires qui parlent d\u2019id\u00e9alisme et de cr\u00e9dulit\u00e9s, de tra\u00eetres et de fid\u00e8les compagnons.","og_url":"https:\/\/cortomaltese.com\/fr\/corto-maltese-toujours-un-peu-plus-loin\/","og_site_name":"cortomaltese fran\u00e7ais","article_published_time":"2019-02-19T12:48:44+00:00","article_modified_time":"2020-12-04T17:23:29+00:00","og_image":[{"width":679,"height":909,"url":"https:\/\/cortomaltese.com\/fr\/wp-content\/uploads\/sites\/3\/03_TjrsUnPeuPlusLoin_nb.jpg","type":"image\/jpeg"}],"author":"Corto Maltese","twitter_card":"summary_large_image","twitter_misc":{"\u00c9crit par":"Corto Maltese","Dur\u00e9e de lecture estim\u00e9e":"21 minutes"},"schema":{"@context":"https:\/\/schema.org","@graph":[{"@type":"WebPage","@id":"https:\/\/cortomaltese.com\/fr\/corto-maltese-toujours-un-peu-plus-loin\/","url":"https:\/\/cortomaltese.com\/fr\/corto-maltese-toujours-un-peu-plus-loin\/","name":"Corto Maltese. Toujours un peu plus loin. - voyage en Am\u00e9rique Centrel","isPartOf":{"@id":"https:\/\/cortomaltese.com\/fr\/#website"},"primaryImageOfPage":{"@id":"https:\/\/cortomaltese.com\/fr\/corto-maltese-toujours-un-peu-plus-loin\/#primaryimage"},"image":{"@id":"https:\/\/cortomaltese.com\/fr\/corto-maltese-toujours-un-peu-plus-loin\/#primaryimage"},"thumbnailUrl":"https:\/\/cortomaltese.com\/fr\/wp-content\/uploads\/sites\/3\/03_TjrsUnPeuPlusLoin_nb.jpg","datePublished":"2019-02-19T12:48:44+00:00","dateModified":"2020-12-04T17:23:29+00:00","author":{"@id":"https:\/\/cortomaltese.com\/fr\/#\/schema\/person\/5204dd292c3d1105df4b66cc0749217e"},"description":"Toujours un peu plus loin: L\u2019Am\u00e9rique latine est le cadre de ces histoires qui parlent d\u2019id\u00e9alisme et de cr\u00e9dulit\u00e9s, de tra\u00eetres et de fid\u00e8les compagnons.","breadcrumb":{"@id":"https:\/\/cortomaltese.com\/fr\/corto-maltese-toujours-un-peu-plus-loin\/#breadcrumb"},"inLanguage":"fr-FR","potentialAction":[{"@type":"ReadAction","target":["https:\/\/cortomaltese.com\/fr\/corto-maltese-toujours-un-peu-plus-loin\/"]}]},{"@type":"ImageObject","inLanguage":"fr-FR","@id":"https:\/\/cortomaltese.com\/fr\/corto-maltese-toujours-un-peu-plus-loin\/#primaryimage","url":"https:\/\/cortomaltese.com\/fr\/wp-content\/uploads\/sites\/3\/03_TjrsUnPeuPlusLoin_nb.jpg","contentUrl":"https:\/\/cortomaltese.com\/fr\/wp-content\/uploads\/sites\/3\/03_TjrsUnPeuPlusLoin_nb.jpg","width":679,"height":909},{"@type":"BreadcrumbList","@id":"https:\/\/cortomaltese.com\/fr\/corto-maltese-toujours-un-peu-plus-loin\/#breadcrumb","itemListElement":[{"@type":"ListItem","position":1,"name":"Accueil","item":"https:\/\/cortomaltese.com\/fr\/"},{"@type":"ListItem","position":2,"name":"Corto Maltese. Toujours un peu plus loin."}]},{"@type":"WebSite","@id":"https:\/\/cortomaltese.com\/fr\/#website","url":"https:\/\/cortomaltese.com\/fr\/","name":"cortomaltese fran\u00e7ais","description":"Il sito ufficiale","potentialAction":[{"@type":"SearchAction","target":{"@type":"EntryPoint","urlTemplate":"https:\/\/cortomaltese.com\/fr\/?s={search_term_string}"},"query-input":{"@type":"PropertyValueSpecification","valueRequired":true,"valueName":"search_term_string"}}],"inLanguage":"fr-FR"},{"@type":"Person","@id":"https:\/\/cortomaltese.com\/fr\/#\/schema\/person\/5204dd292c3d1105df4b66cc0749217e","name":"Corto Maltese","image":{"@type":"ImageObject","inLanguage":"fr-FR","@id":"https:\/\/cortomaltese.com\/fr\/#\/schema\/person\/image\/","url":"https:\/\/secure.gravatar.com\/avatar\/2ad4be5824b38545bbca3ce52ffd9add?s=96&d=mm&r=g","contentUrl":"https:\/\/secure.gravatar.com\/avatar\/2ad4be5824b38545bbca3ce52ffd9add?s=96&d=mm&r=g","caption":"Corto Maltese"},"url":"https:\/\/cortomaltese.com\/fr\/author\/cortomaltese\/"}]}},"_links":{"self":[{"href":"https:\/\/cortomaltese.com\/fr\/wp-json\/wp\/v2\/posts\/14706","targetHints":{"allow":["GET"]}}],"collection":[{"href":"https:\/\/cortomaltese.com\/fr\/wp-json\/wp\/v2\/posts"}],"about":[{"href":"https:\/\/cortomaltese.com\/fr\/wp-json\/wp\/v2\/types\/post"}],"author":[{"embeddable":true,"href":"https:\/\/cortomaltese.com\/fr\/wp-json\/wp\/v2\/users\/1"}],"replies":[{"embeddable":true,"href":"https:\/\/cortomaltese.com\/fr\/wp-json\/wp\/v2\/comments?post=14706"}],"version-history":[{"count":0,"href":"https:\/\/cortomaltese.com\/fr\/wp-json\/wp\/v2\/posts\/14706\/revisions"}],"wp:featuredmedia":[{"embeddable":true,"href":"https:\/\/cortomaltese.com\/fr\/wp-json\/wp\/v2\/media\/14914"}],"wp:attachment":[{"href":"https:\/\/cortomaltese.com\/fr\/wp-json\/wp\/v2\/media?parent=14706"}],"wp:term":[{"taxonomy":"category","embeddable":true,"href":"https:\/\/cortomaltese.com\/fr\/wp-json\/wp\/v2\/categories?post=14706"},{"taxonomy":"post_tag","embeddable":true,"href":"https:\/\/cortomaltese.com\/fr\/wp-json\/wp\/v2\/tags?post=14706"}],"curies":[{"name":"wp","href":"https:\/\/api.w.org\/{rel}","templated":true}]}}