{"id":14592,"date":"2019-02-18T14:48:06","date_gmt":"2019-02-18T13:48:06","guid":{"rendered":"https:\/\/cortomaltese.com\/fr\/?p=14592"},"modified":"2020-02-25T14:01:03","modified_gmt":"2020-02-25T13:01:03","slug":"corto-maltese-la-ballade-de-la-mer-salee","status":"publish","type":"post","link":"https:\/\/cortomaltese.com\/fr\/corto-maltese-la-ballade-de-la-mer-salee\/","title":{"rendered":"Corto Maltese. La Ballade de la mer sal\u00e9e"},"content":{"rendered":"<p><div class=\"fusion-fullwidth fullwidth-box fusion-builder-row-1 nonhundred-percent-fullwidth non-hundred-percent-height-scrolling\" style=\"--awb-border-radius-top-left:0px;--awb-border-radius-top-right:0px;--awb-border-radius-bottom-right:0px;--awb-border-radius-bottom-left:0px;--awb-flex-wrap:wrap;\" ><div class=\"fusion-builder-row fusion-row\"><div class=\"fusion-layout-column fusion_builder_column fusion-builder-column-0 fusion_builder_column_1_1 1_1 fusion-one-full fusion-column-first fusion-column-last\" style=\"--awb-bg-size:cover;\"><div class=\"fusion-column-wrapper fusion-column-has-shadow fusion-flex-column-wrapper-legacy\"><div class=\"fusion-text fusion-text-1\"><h2>HUGO PRATT<\/h2>\n<h1>Corto Maltese.\u00a0<span style=\"color: #268a93;\">La Ballade de la mer sal\u00e9e\u00a0<\/span><\/h1>\n<h2><strong>Quelque part dans les eaux m\u00e9lan\u00e9siennes du Pacifique, un catamaran sauve un homme \u00e0 la d\u00e9rive, presque crucifi\u00e9 sur un radeau fragile : Corto Maltese.\u00a0<\/strong><\/h2>\n<h2>Mais le capitaine de l&#8217;esquif, Raspoutine, a aussi recueilli les naufrag\u00e9s Ca\u00efn et Pandora Groovesnore. Pour Corto et Raspoutine qui travaillent pour le Moine, ma\u00eetre absolu de la piraterie des mers du Sud et d\u00e9tenteur d&#8217;un terrible secret, c&#8217;est le d\u00e9but d&#8217;une tumultueuse aventure, nourrie d&#8217;intrigues, de cannibales et d&#8217;amiti\u00e9.<\/h2>\n<div class=\"fusion-sep-clear\"><\/div><div class=\"fusion-separator fusion-clearfix\" style=\"float:left;margin-top:40px;margin-bottom:40px;width:100%;max-width:40%;\"><div class=\"fusion-separator-border sep-single sep-solid\" style=\"--awb-height:20px;--awb-amount:20px;--awb-sep-color:#268a93;border-color:#268A93;border-top-width:4px;\"><\/div><\/div><div class=\"fusion-sep-clear\"><\/div>\n<\/div><div class=\"fusion-image-carousel fusion-image-carousel-auto fusion-image-carousel-1 fusion-carousel-border\"><div class=\"awb-carousel awb-swiper awb-swiper-carousel awb-carousel--carousel awb-swiper-dots-position-bottom\" data-layout=\"carousel\" data-autoplay=\"yes\" data-autoplayspeed=\"2500\" data-autoplaypause=\"no\" data-columns=\"2\" data-columnsmedium=\"1\" data-columnssmall=\"1\" data-itemmargin=\"13\" data-itemwidth=\"180\" data-touchscroll=\"no\" data-freemode=\"no\" data-imagesize=\"auto\" data-scrollitems=\"0\" data-centeredslides=\"no\" data-rotationangle=\"50\" data-depth=\"100\" data-speed=\"500\" data-shadow=\"no\" data-pagination=\"bullets\" style=\"--awb-columns:2;--awb-border-width:1px;--awb-border-color:#e9eaee;\"><div class=\"swiper-wrapper awb-image-carousel-wrapper fusion-flex-align-items-center\"><div class=\"swiper-slide\"><div class=\"fusion-carousel-item-wrapper\"><div class=\"fusion-image-wrapper hover-type-zoomin\"><img decoding=\"async\" width=\"1736\" height=\"596\" src=\"https:\/\/cortomaltese.com\/fr\/wp-content\/uploads\/sites\/3\/ballata-long-1.png\" class=\"attachment-full size-full\" alt=\"\" srcset=\"https:\/\/cortomaltese.com\/fr\/wp-content\/uploads\/sites\/3\/ballata-long-1-200x69.png 200w, https:\/\/cortomaltese.com\/fr\/wp-content\/uploads\/sites\/3\/ballata-long-1-400x137.png 400w, https:\/\/cortomaltese.com\/fr\/wp-content\/uploads\/sites\/3\/ballata-long-1-600x206.png 600w, https:\/\/cortomaltese.com\/fr\/wp-content\/uploads\/sites\/3\/ballata-long-1-800x275.png 800w, https:\/\/cortomaltese.com\/fr\/wp-content\/uploads\/sites\/3\/ballata-long-1-1200x412.png 1200w, https:\/\/cortomaltese.com\/fr\/wp-content\/uploads\/sites\/3\/ballata-long-1.png 1736w\" sizes=\"(min-width: 2200px) 100vw, (min-width: 732px) 544px, (min-width: 640px) 732px, \" \/><\/div><\/div><\/div><div class=\"swiper-slide\"><div class=\"fusion-carousel-item-wrapper\"><div class=\"fusion-image-wrapper hover-type-zoomin\"><img decoding=\"async\" width=\"1808\" height=\"582\" src=\"https:\/\/cortomaltese.com\/fr\/wp-content\/uploads\/sites\/3\/ballata-long-2.png\" class=\"attachment-full size-full\" alt=\"\" srcset=\"https:\/\/cortomaltese.com\/fr\/wp-content\/uploads\/sites\/3\/ballata-long-2-200x64.png 200w, https:\/\/cortomaltese.com\/fr\/wp-content\/uploads\/sites\/3\/ballata-long-2-400x129.png 400w, https:\/\/cortomaltese.com\/fr\/wp-content\/uploads\/sites\/3\/ballata-long-2-600x193.png 600w, https:\/\/cortomaltese.com\/fr\/wp-content\/uploads\/sites\/3\/ballata-long-2-800x258.png 800w, https:\/\/cortomaltese.com\/fr\/wp-content\/uploads\/sites\/3\/ballata-long-2-1200x386.png 1200w, https:\/\/cortomaltese.com\/fr\/wp-content\/uploads\/sites\/3\/ballata-long-2.png 1808w\" sizes=\"(min-width: 2200px) 100vw, (min-width: 732px) 544px, (min-width: 640px) 732px, \" \/><\/div><\/div><\/div><div class=\"swiper-slide\"><div class=\"fusion-carousel-item-wrapper\"><div class=\"fusion-image-wrapper hover-type-zoomin\"><img decoding=\"async\" width=\"1762\" height=\"580\" src=\"https:\/\/cortomaltese.com\/fr\/wp-content\/uploads\/sites\/3\/ballata-long-3.png\" class=\"attachment-full size-full\" alt=\"\" srcset=\"https:\/\/cortomaltese.com\/fr\/wp-content\/uploads\/sites\/3\/ballata-long-3-200x66.png 200w, https:\/\/cortomaltese.com\/fr\/wp-content\/uploads\/sites\/3\/ballata-long-3-400x132.png 400w, https:\/\/cortomaltese.com\/fr\/wp-content\/uploads\/sites\/3\/ballata-long-3-600x198.png 600w, https:\/\/cortomaltese.com\/fr\/wp-content\/uploads\/sites\/3\/ballata-long-3-800x263.png 800w, https:\/\/cortomaltese.com\/fr\/wp-content\/uploads\/sites\/3\/ballata-long-3-1200x395.png 1200w, https:\/\/cortomaltese.com\/fr\/wp-content\/uploads\/sites\/3\/ballata-long-3.png 1762w\" sizes=\"(min-width: 2200px) 100vw, (min-width: 732px) 544px, (min-width: 640px) 732px, \" \/><\/div><\/div><\/div><div class=\"swiper-slide\"><div class=\"fusion-carousel-item-wrapper\"><div class=\"fusion-image-wrapper hover-type-zoomin\"><img decoding=\"async\" width=\"1744\" height=\"576\" src=\"https:\/\/cortomaltese.com\/fr\/wp-content\/uploads\/sites\/3\/ballata-long-4.png\" class=\"attachment-full size-full\" alt=\"\" srcset=\"https:\/\/cortomaltese.com\/fr\/wp-content\/uploads\/sites\/3\/ballata-long-4-200x66.png 200w, https:\/\/cortomaltese.com\/fr\/wp-content\/uploads\/sites\/3\/ballata-long-4-400x132.png 400w, https:\/\/cortomaltese.com\/fr\/wp-content\/uploads\/sites\/3\/ballata-long-4-600x198.png 600w, https:\/\/cortomaltese.com\/fr\/wp-content\/uploads\/sites\/3\/ballata-long-4-800x264.png 800w, https:\/\/cortomaltese.com\/fr\/wp-content\/uploads\/sites\/3\/ballata-long-4-1200x396.png 1200w, https:\/\/cortomaltese.com\/fr\/wp-content\/uploads\/sites\/3\/ballata-long-4.png 1744w\" sizes=\"(min-width: 2200px) 100vw, (min-width: 732px) 544px, (min-width: 640px) 732px, \" \/><\/div><\/div><\/div><div class=\"swiper-slide\"><div class=\"fusion-carousel-item-wrapper\"><div class=\"fusion-image-wrapper hover-type-zoomin\"><img decoding=\"async\" width=\"1760\" height=\"580\" src=\"https:\/\/cortomaltese.com\/fr\/wp-content\/uploads\/sites\/3\/ballata-long-5.png\" class=\"attachment-full size-full\" alt=\"\" srcset=\"https:\/\/cortomaltese.com\/fr\/wp-content\/uploads\/sites\/3\/ballata-long-5-200x66.png 200w, https:\/\/cortomaltese.com\/fr\/wp-content\/uploads\/sites\/3\/ballata-long-5-400x132.png 400w, https:\/\/cortomaltese.com\/fr\/wp-content\/uploads\/sites\/3\/ballata-long-5-600x198.png 600w, https:\/\/cortomaltese.com\/fr\/wp-content\/uploads\/sites\/3\/ballata-long-5-800x264.png 800w, https:\/\/cortomaltese.com\/fr\/wp-content\/uploads\/sites\/3\/ballata-long-5-1200x395.png 1200w, https:\/\/cortomaltese.com\/fr\/wp-content\/uploads\/sites\/3\/ballata-long-5.png 1760w\" sizes=\"(min-width: 2200px) 100vw, (min-width: 732px) 544px, (min-width: 640px) 732px, \" \/><\/div><\/div><\/div><div class=\"swiper-slide\"><div class=\"fusion-carousel-item-wrapper\"><div class=\"fusion-image-wrapper hover-type-zoomin\"><img decoding=\"async\" width=\"1796\" height=\"584\" src=\"https:\/\/cortomaltese.com\/fr\/wp-content\/uploads\/sites\/3\/ballata-long-6.png\" class=\"attachment-full size-full\" alt=\"\" srcset=\"https:\/\/cortomaltese.com\/fr\/wp-content\/uploads\/sites\/3\/ballata-long-6-200x65.png 200w, https:\/\/cortomaltese.com\/fr\/wp-content\/uploads\/sites\/3\/ballata-long-6-400x130.png 400w, https:\/\/cortomaltese.com\/fr\/wp-content\/uploads\/sites\/3\/ballata-long-6-600x195.png 600w, https:\/\/cortomaltese.com\/fr\/wp-content\/uploads\/sites\/3\/ballata-long-6-800x260.png 800w, https:\/\/cortomaltese.com\/fr\/wp-content\/uploads\/sites\/3\/ballata-long-6-1200x390.png 1200w, https:\/\/cortomaltese.com\/fr\/wp-content\/uploads\/sites\/3\/ballata-long-6.png 1796w\" sizes=\"(min-width: 2200px) 100vw, (min-width: 732px) 544px, (min-width: 640px) 732px, \" \/><\/div><\/div><\/div><\/div><div class=\"awb-swiper-button awb-swiper-button-prev\"><i class=\"awb-icon-angle-left\" aria-hidden=\"true\"><\/i><\/div><div class=\"awb-swiper-button awb-swiper-button-next\"><i class=\"awb-icon-angle-right\" aria-hidden=\"true\"><\/i><\/div><\/div><\/div><div class=\"fusion-clearfix\"><\/div><\/div><\/div><\/div><\/div><div class=\"fusion-fullwidth fullwidth-box fusion-builder-row-2 nonhundred-percent-fullwidth non-hundred-percent-height-scrolling\" style=\"--awb-border-radius-top-left:0px;--awb-border-radius-top-right:0px;--awb-border-radius-bottom-right:0px;--awb-border-radius-bottom-left:0px;--awb-flex-wrap:wrap;\" ><div class=\"fusion-builder-row fusion-row\"><div class=\"fusion-layout-column fusion_builder_column fusion-builder-column-1 fusion_builder_column_1_3 1_3 fusion-one-third fusion-column-first\" style=\"--awb-bg-size:cover;width:33.333333333333%;width:calc(33.333333333333% - ( ( 4% ) * 0.33333333333333 ) );margin-right: 4%;\"><div class=\"fusion-column-wrapper fusion-column-has-shadow fusion-flex-column-wrapper-legacy\"><div class=\"fusion-testimonials classic awb-speech-bubble-show fusion-testimonials-1\" style=\"--awb-textcolor:#747474;--awb-backgroundcolor:#f6f6f6;--awb-testimonial-border-style:solid;--awb-testimonial-border-color:var(--awb-color3);--awb-border-top-left-radius:0px;--awb-border-top-right-radius:0px;--awb-border-bottom-left-radius:0px;--awb-border-bottom-right-radius:0px;--testimonial-border-width-top:0px;--testimonial-border-width-right:0px;--testimonial-border-width-bottom:0px;--testimonial-border-width-left:0px;\" data-random=\"0\" data-speed=\"10250\"><div class=\"reviews\"><div class=\"review active-testimonial avatar-image\"><blockquote><div class=\"awb-quote\"><div class=\"awb-quote-content\">\n<p><i>&#8220;quand j\u2019\u00e9tais enfant, je me suis rendu compte que je n\u2019avais pas la ligne de la chance dans ma main. alors je pris la lame de rasoir de mon p\u00e8re et zac! j\u2019en ai fait une comme je voulais.&#8221;<\/i><\/p>\n<\/div><\/div><span class=\"awb-triangle\"><\/span><\/blockquote><div class=\"author\"><span class=\"testimonial-thumbnail\"><img decoding=\"async\" class=\"testimonial-image\" src=\"https:\/\/cortomaltese.com\/fr\/wp-content\/uploads\/sites\/3\/Las_nuevas_aventuras_de_Corto_Maltes_Pellejero_Canales.jpg\" width=\"960\" height=\"779\" alt=\"Las nuevas aventuras de Corto Malt\u00e9s\u00a0de Pellejero y Canales\" \/><\/span><span class=\"company-name\"><strong>Corto Maltese<\/strong><\/span><\/div><\/div><\/div><\/div><div class=\"fusion-clearfix\"><\/div><\/div><\/div><div class=\"fusion-layout-column fusion_builder_column fusion-builder-column-2 fusion_builder_column_2_3 2_3 fusion-two-third fusion-column-last\" style=\"--awb-bg-size:cover;width:66.666666666667%;width:calc(66.666666666667% - ( ( 4% ) * 0.66666666666667 ) );\"><div class=\"fusion-column-wrapper fusion-column-has-shadow fusion-flex-column-wrapper-legacy\"><div class=\"fusion-text fusion-text-2\"><p><strong>La premi\u00e8re guerre mondiale est \u00e0 nos portes lorsque le catamaran du pirate Raspoutine sauve un naufrag\u00e9 destin\u00e9 \u00e0 la mort : quelqu\u2019un lui a li\u00e9 les mains et les pieds \u00e0 un radeau et l\u2019a pouss\u00e9 \u00e0 la d\u00e9rive dans les vagues du Pacifique. Cet homme porte un nom destin\u00e9 \u00e0 entrer dans une l\u00e9gende: Corto Maltese.<\/strong><\/p>\n<p>Qu\u2019a-t-il fait pour m\u00e9riter une punition si cruelle ? Qu\u2019est-ce qui se cache derri\u00e8re son regard \u00e9nigmatique ? Pandora et Cain se le demandent \u00e9galement, deux jeunes gens de tr\u00e8s bonne famille, qui ont fini par hasard entre les mains de Raspoutine. Ils ne doutent pas que cette rencontre marquera \u00e0 jamais leur vie, ainsi que celle de millions de lecteurs.<\/p>\n<p><em>L&#8217;histoire, pleine d&#8217;humanit\u00e9 racont\u00e9e ici par Pratt r\u00e9v\u00e8le l&#8217;empreinte de ses grands inspirateurs litt\u00e9raires &#8211; Stevenson, Conrad, Melville -, en faisant vibrer comme personne la fibre de l&#8217;aventure. Pr\u00e8s de quarante ans apr\u00e8s sa conception, La Ballade de la mer sal\u00e9e demeure une \u0153uvre fondatrice de la bande dessin\u00e9e moderne, tant par sa puissance graphique et son ampleur narrative que par l&#8217;originalit\u00e9 de son traitement.<\/em><\/p>\n<\/div><div class=\"fusion-clearfix\"><\/div><\/div><\/div><\/div><\/div><div class=\"fusion-fullwidth fullwidth-box fusion-builder-row-3 nonhundred-percent-fullwidth non-hundred-percent-height-scrolling\" style=\"--awb-border-radius-top-left:0px;--awb-border-radius-top-right:0px;--awb-border-radius-bottom-right:0px;--awb-border-radius-bottom-left:0px;--awb-flex-wrap:wrap;\" ><div class=\"fusion-builder-row fusion-row\"><div class=\"fusion-layout-column fusion_builder_column fusion-builder-column-3 fusion_builder_column_1_1 1_1 fusion-one-full fusion-column-first fusion-column-last\" style=\"--awb-bg-size:cover;\"><div class=\"fusion-column-wrapper fusion-column-has-shadow fusion-flex-column-wrapper-legacy\"><div class=\"fusion-sep-clear\"><\/div><div class=\"fusion-separator fusion-full-width-sep\" style=\"margin-left: auto;margin-right: auto;width:100%;\"><\/div><div class=\"fusion-sep-clear\"><\/div><div class=\"fusion-title title fusion-title-1 fusion-title-text fusion-title-size-one\"><h1 class=\"fusion-title-heading title-heading-left fusion-responsive-typography-calculated\" style=\"margin:0;--fontSize:36;line-height:1.33;\"><h2>D\u00e9couvrez toutes les publications chez <a href=\"https:\/\/www.casterman.com\/Bande-dessinee\/Catalogue\/(recherche)\/La%20Ballade%20de%20la%20mer%20sal\u00e9e\" target=\"_blank\" rel=\"noopener noreferrer\">Casterman \/\u00a0La Ballade de la mer sal\u00e9e<\/a><\/h2><\/h1><span class=\"awb-title-spacer\"><\/span><div class=\"title-sep-container\"><div class=\"title-sep sep-double sep-solid\" style=\"border-color:#e0dede;\"><\/div><\/div><\/div><div class=\"fusion-sep-clear\"><\/div><div class=\"fusion-separator fusion-full-width-sep\" style=\"margin-left: auto;margin-right: auto;width:100%;\"><\/div><div class=\"fusion-sep-clear\"><\/div><div class=\"fusion-clearfix\"><\/div><\/div><\/div><\/div><\/div><div class=\"fusion-fullwidth fullwidth-box fusion-builder-row-4 nonhundred-percent-fullwidth non-hundred-percent-height-scrolling\" style=\"--awb-border-radius-top-left:0px;--awb-border-radius-top-right:0px;--awb-border-radius-bottom-right:0px;--awb-border-radius-bottom-left:0px;--awb-flex-wrap:wrap;\" ><div class=\"fusion-builder-row fusion-row\"><div class=\"fusion-layout-column fusion_builder_column fusion-builder-column-4 fusion_builder_column_1_3 1_3 fusion-one-third fusion-column-first\" style=\"--awb-bg-size:cover;width:33.333333333333%;width:calc(33.333333333333% - ( ( 4% + 4% ) * 0.33333333333333 ) );margin-right: 4%;\"><div class=\"fusion-column-wrapper fusion-column-has-shadow fusion-flex-column-wrapper-legacy\"><div class=\"fusion-image-element in-legacy-container\" style=\"--awb-caption-title-font-family:var(--h2_typography-font-family);--awb-caption-title-font-weight:var(--h2_typography-font-weight);--awb-caption-title-font-style:var(--h2_typography-font-style);--awb-caption-title-size:var(--h2_typography-font-size);--awb-caption-title-transform:var(--h2_typography-text-transform);--awb-caption-title-line-height:var(--h2_typography-line-height);--awb-caption-title-letter-spacing:var(--h2_typography-letter-spacing);\"><span class=\" fusion-imageframe imageframe-none imageframe-1 hover-type-zoomin\"><a href=\"https:\/\/cortomaltese.com\/fr\/wp-content\/uploads\/sites\/3\/1.-La-ballade-de-la-mer-sal\u00e9e-bn.jpg\" class=\"fusion-lightbox\" data-rel=\"iLightbox[2ac1fabc239895f12d7]\" data-title=\"1. La ballade de la mer sal\u00e9e b:n\" title=\"1. La ballade de la mer sal\u00e9e b:n\"><img decoding=\"async\" width=\"375\" height=\"499\" src=\"https:\/\/cortomaltese.com\/fr\/wp-content\/uploads\/sites\/3\/1.-La-ballade-de-la-mer-sal\u00e9e-bn.jpg\" alt class=\"img-responsive wp-image-14593\" srcset=\"https:\/\/cortomaltese.com\/fr\/wp-content\/uploads\/sites\/3\/1.-La-ballade-de-la-mer-sal\u00e9e-bn-200x266.jpg 200w, https:\/\/cortomaltese.com\/fr\/wp-content\/uploads\/sites\/3\/1.-La-ballade-de-la-mer-sal\u00e9e-bn.jpg 375w\" sizes=\"(max-width: 800px) 100vw, 375px\" \/><\/a><\/span><\/div><div class=\"fusion-clearfix\"><\/div><\/div><\/div><div class=\"fusion-layout-column fusion_builder_column fusion-builder-column-5 fusion_builder_column_1_3 1_3 fusion-one-third\" style=\"--awb-bg-size:cover;width:33.333333333333%;width:calc(33.333333333333% - ( ( 4% + 4% ) * 0.33333333333333 ) );margin-right: 4%;\"><div class=\"fusion-column-wrapper fusion-column-has-shadow fusion-flex-column-wrapper-legacy\"><div class=\"fusion-image-element in-legacy-container\" style=\"--awb-caption-title-font-family:var(--h2_typography-font-family);--awb-caption-title-font-weight:var(--h2_typography-font-weight);--awb-caption-title-font-style:var(--h2_typography-font-style);--awb-caption-title-size:var(--h2_typography-font-size);--awb-caption-title-transform:var(--h2_typography-text-transform);--awb-caption-title-line-height:var(--h2_typography-line-height);--awb-caption-title-letter-spacing:var(--h2_typography-letter-spacing);\"><span class=\" fusion-imageframe imageframe-none imageframe-2 hover-type-zoomin\"><a href=\"https:\/\/cortomaltese.com\/fr\/wp-content\/uploads\/sites\/3\/1.-La-Ballade-de-la-mer-sal\u00e9e-C.jpg\" class=\"fusion-lightbox\" data-rel=\"iLightbox[e17a98b18d7aaf09200]\" data-title=\"1. La Ballade de la mer sal\u00e9e C\" title=\"1. La Ballade de la mer sal\u00e9e C\"><img decoding=\"async\" width=\"382\" height=\"499\" src=\"https:\/\/cortomaltese.com\/fr\/wp-content\/uploads\/sites\/3\/1.-La-Ballade-de-la-mer-sal\u00e9e-C.jpg\" alt class=\"img-responsive wp-image-14594\" srcset=\"https:\/\/cortomaltese.com\/fr\/wp-content\/uploads\/sites\/3\/1.-La-Ballade-de-la-mer-sal\u00e9e-C-200x261.jpg 200w, https:\/\/cortomaltese.com\/fr\/wp-content\/uploads\/sites\/3\/1.-La-Ballade-de-la-mer-sal\u00e9e-C.jpg 382w\" sizes=\"(max-width: 800px) 100vw, 382px\" \/><\/a><\/span><\/div><div class=\"fusion-clearfix\"><\/div><\/div><\/div><div class=\"fusion-layout-column fusion_builder_column fusion-builder-column-6 fusion_builder_column_1_3 1_3 fusion-one-third fusion-column-last\" style=\"--awb-bg-size:cover;width:33.333333333333%;width:calc(33.333333333333% - ( ( 4% + 4% ) * 0.33333333333333 ) );\"><div class=\"fusion-column-wrapper fusion-column-has-shadow fusion-flex-column-wrapper-legacy\"><div class=\"fusion-image-element in-legacy-container\" style=\"--awb-caption-title-font-family:var(--h2_typography-font-family);--awb-caption-title-font-weight:var(--h2_typography-font-weight);--awb-caption-title-font-style:var(--h2_typography-font-style);--awb-caption-title-size:var(--h2_typography-font-size);--awb-caption-title-transform:var(--h2_typography-text-transform);--awb-caption-title-line-height:var(--h2_typography-line-height);--awb-caption-title-letter-spacing:var(--h2_typography-letter-spacing);\"><span class=\" fusion-imageframe imageframe-none imageframe-3 hover-type-zoomin\"><a href=\"https:\/\/cortomaltese.com\/fr\/wp-content\/uploads\/sites\/3\/1.-La-ballade-de-la-mer-sal\u00e9e-tasc.jpg\" class=\"fusion-lightbox\" data-rel=\"iLightbox[a57f8deb8c8f7224bd9]\" data-title=\"1. La ballade de la mer sal\u00e9e tasc\" title=\"1. La ballade de la mer sal\u00e9e tasc\"><img decoding=\"async\" width=\"339\" height=\"499\" src=\"https:\/\/cortomaltese.com\/fr\/wp-content\/uploads\/sites\/3\/1.-La-ballade-de-la-mer-sal\u00e9e-tasc.jpg\" alt class=\"img-responsive wp-image-14595\" srcset=\"https:\/\/cortomaltese.com\/fr\/wp-content\/uploads\/sites\/3\/1.-La-ballade-de-la-mer-sal\u00e9e-tasc-200x294.jpg 200w, https:\/\/cortomaltese.com\/fr\/wp-content\/uploads\/sites\/3\/1.-La-ballade-de-la-mer-sal\u00e9e-tasc.jpg 339w\" sizes=\"(max-width: 800px) 100vw, 339px\" \/><\/a><\/span><\/div><div class=\"fusion-clearfix\"><\/div><\/div><\/div><\/div><\/div><div class=\"fusion-fullwidth fullwidth-box fusion-builder-row-5 nonhundred-percent-fullwidth non-hundred-percent-height-scrolling\" style=\"--awb-border-radius-top-left:0px;--awb-border-radius-top-right:0px;--awb-border-radius-bottom-right:0px;--awb-border-radius-bottom-left:0px;--awb-flex-wrap:wrap;\" ><div class=\"fusion-builder-row fusion-row\"><div class=\"fusion-layout-column fusion_builder_column fusion-builder-column-7 fusion_builder_column_1_3 1_3 fusion-one-third fusion-column-first\" style=\"--awb-bg-size:cover;width:33.333333333333%;width:calc(33.333333333333% - ( ( 4% + 4% ) * 0.33333333333333 ) );margin-right: 4%;\"><div class=\"fusion-column-wrapper fusion-column-has-shadow fusion-flex-column-wrapper-legacy\"><div class=\"fusion-text fusion-text-3\"><p><strong>Edition noir et blanc<\/strong><\/p>\n<p><b><\/b>Reli\u00e9 : 185 pages<br \/>\n<b><\/b> Langue\u00a0: Fran\u00e7ais<b><\/b><br \/>\n<b><\/b> ISBN-13 : 978-2203122833<br \/>\nPrix: \u20ac 25,00<\/p>\n<div class=\"fusion-button-wrapper\"><a class=\"fusion-button button-flat button-medium button-custom fusion-button-default button-1 fusion-button-default-span fusion-button-default-type\" style=\"--button_accent_color:#ffffff;--button_accent_hover_color:#ffffff;--button_border_hover_color:#ffffff;--button_gradient_top_color:#268a93;--button_gradient_bottom_color:#268a93;--button_gradient_top_color_hover:#268a93;--button_gradient_bottom_color_hover:#268a93;\" target=\"_blank\" rel=\"noopener noreferrer\" href=\"https:\/\/www.amazon.fr\/Corto-Maltese-noir-blanc-ballade\/dp\/2203122838\/ref=sr_1_2?__mk_fr_FR=\u00c5M\u00c5\u017d\u00d5\u00d1&amp;keywords=La+Ballade+de+la+mer+sal\u00e9e&amp;qid=1582033169&amp;s=books&amp;sr=1-2\"><span class=\"fusion-button-text awb-button__text awb-button__text--default\">l&#8217;acheter sur amazon<\/span><\/a><\/div>\n<\/div><div class=\"fusion-clearfix\"><\/div><\/div><\/div><div class=\"fusion-layout-column fusion_builder_column fusion-builder-column-8 fusion_builder_column_1_3 1_3 fusion-one-third\" style=\"--awb-bg-size:cover;width:33.333333333333%;width:calc(33.333333333333% - ( ( 4% + 4% ) * 0.33333333333333 ) );margin-right: 4%;\"><div class=\"fusion-column-wrapper fusion-column-has-shadow fusion-flex-column-wrapper-legacy\"><div class=\"fusion-text fusion-text-4\"><p><strong>\u00c9dition couleurs<\/strong><\/p>\n<p><b><\/b>Reli\u00e9: 168 pages<br \/>\nLangue\u00a0: Fran\u00e7ais<b><\/b><br \/>\n<b><\/b> ISBN-13 :<b><\/b>978-2203097605<br \/>\nPrix: \u20ac 20,00<\/p>\n<div class=\"fusion-button-wrapper\"><a class=\"fusion-button button-flat button-medium button-custom fusion-button-default button-2 fusion-button-default-span fusion-button-default-type\" style=\"--button_accent_color:#ffffff;--button_accent_hover_color:#ffffff;--button_border_hover_color:#ffffff;--button_gradient_top_color:#268a93;--button_gradient_bottom_color:#268a93;--button_gradient_top_color_hover:#268a93;--button_gradient_bottom_color_hover:#268a93;\" target=\"_blank\" rel=\"noopener noreferrer\" href=\"https:\/\/www.amazon.fr\/Corto-Maltese-Couleur-Ballade-Nouvelle\/dp\/2203097604\/ref=sr_1_1?__mk_fr_FR=\u00c5M\u00c5\u017d\u00d5\u00d1&amp;keywords=La+Ballade+de+la+mer+sal\u00e9e&amp;qid=1582033346&amp;s=books&amp;sr=1-1\"><span class=\"fusion-button-text awb-button__text awb-button__text--default\">l&#8217;acheter sur amazon<\/span><\/a><\/div>\n<\/div><div class=\"fusion-clearfix\"><\/div><\/div><\/div><div class=\"fusion-layout-column fusion_builder_column fusion-builder-column-9 fusion_builder_column_1_3 1_3 fusion-one-third fusion-column-last\" style=\"--awb-bg-size:cover;width:33.333333333333%;width:calc(33.333333333333% - ( ( 4% + 4% ) * 0.33333333333333 ) );\"><div class=\"fusion-column-wrapper fusion-column-has-shadow fusion-flex-column-wrapper-legacy\"><div class=\"fusion-text fusion-text-5\"><p><strong>\u00c9dition Poche<\/strong><\/p>\n<p><b><\/b> Broch\u00e9 : 253 pages<br \/>\nLangue\u00a0: Fran\u00e7ais<b><\/b><br \/>\n<b><\/b> ISBN-13:\u00a0<b><\/b>978-2203331020<br \/>\nPrix: \u20ac 15,00<\/p>\n<div class=\"fusion-button-wrapper\"><a class=\"fusion-button button-flat button-medium button-custom fusion-button-default button-3 fusion-button-default-span fusion-button-default-type\" style=\"--button_accent_color:#ffffff;--button_accent_hover_color:#ffffff;--button_border_hover_color:#ffffff;--button_gradient_top_color:#268a93;--button_gradient_bottom_color:#268a93;--button_gradient_top_color_hover:#268a93;--button_gradient_bottom_color_hover:#268a93;\" target=\"_blank\" rel=\"noopener noreferrer\" href=\"https:\/\/www.amazon.fr\/Corto-2-ballade-mer-sal\u00e9e\/dp\/220333102X\/ref=sr_1_4?__mk_fr_FR=\u00c5M\u00c5\u017d\u00d5\u00d1&amp;keywords=La+Ballade+de+la+mer+sal\u00e9e&amp;qid=1582033346&amp;s=books&amp;sr=1-4\"><span class=\"fusion-button-text awb-button__text awb-button__text--default\">l&#8217;acheter sur amazon<\/span><\/a><\/div>\n<\/div><div class=\"fusion-clearfix\"><\/div><\/div><\/div><\/div><\/div><\/p>\n","protected":false},"excerpt":{"rendered":"<p>1913, Oc\u00e9an Pacifique. A la veille de la Premi\u00e8re Guerre mondiale, Corto Maltese s&#8217;associe au Moine, le myst\u00e9rieux chef d&#8217;une bande de &#8220;pirates&#8221; avec laquelle, \u00e0 partir de l&#8217;\u00eele cach\u00e9e d&#8217;Escondida il va \u00e9cumer les mythiques mers du sud.<\/p>\n","protected":false},"author":1,"featured_media":14631,"comment_status":"closed","ping_status":"open","sticky":false,"template":"","format":"standard","meta":{"footnotes":""},"categories":[7],"tags":[33,35,34],"class_list":["post-14592","post","type-post","status-publish","format-standard","has-post-thumbnail","hentry","category-nouveautes","tag-la-ballade-de-la-mer-salee","tag-moine","tag-rasputin"],"yoast_head":"<!-- This site is optimized with the Yoast SEO plugin v26.5 - https:\/\/yoast.com\/wordpress\/plugins\/seo\/ -->\n<title>Corto Maltese. La Ballade de la mer sal\u00e9e - la premi\u00e8re aventure<\/title>\n<meta name=\"description\" content=\"La Ballade de la mer sal\u00e9e: 1913, Oc\u00e9an Pacifique. A la veille de la Premi\u00e8re Guerre, Corto s&#039;associe au Moine, le myst\u00e9rieux chef d&#039;une bande de pirates\" \/>\n<meta name=\"robots\" content=\"index, follow, max-snippet:-1, max-image-preview:large, max-video-preview:-1\" \/>\n<link rel=\"canonical\" href=\"https:\/\/cortomaltese.com\/fr\/corto-maltese-la-ballade-de-la-mer-salee\/\" \/>\n<meta property=\"og:locale\" content=\"fr_FR\" \/>\n<meta property=\"og:type\" content=\"article\" \/>\n<meta property=\"og:title\" content=\"Corto Maltese. La Ballade de la mer sal\u00e9e - la premi\u00e8re aventure\" \/>\n<meta property=\"og:description\" content=\"La Ballade de la mer sal\u00e9e: 1913, Oc\u00e9an Pacifique. A la veille de la Premi\u00e8re Guerre, Corto s&#039;associe au Moine, le myst\u00e9rieux chef d&#039;une bande de pirates\" \/>\n<meta property=\"og:url\" content=\"https:\/\/cortomaltese.com\/fr\/corto-maltese-la-ballade-de-la-mer-salee\/\" \/>\n<meta property=\"og:site_name\" content=\"cortomaltese fran\u00e7ais\" \/>\n<meta property=\"article:published_time\" content=\"2019-02-18T13:48:06+00:00\" \/>\n<meta property=\"article:modified_time\" content=\"2020-02-25T13:01:03+00:00\" \/>\n<meta property=\"og:image\" content=\"https:\/\/cortomaltese.com\/fr\/wp-content\/uploads\/sites\/3\/Senza-titolo-2-a.png\" \/>\n\t<meta property=\"og:image:width\" content=\"659\" \/>\n\t<meta property=\"og:image:height\" content=\"837\" \/>\n\t<meta property=\"og:image:type\" content=\"image\/png\" \/>\n<meta name=\"author\" content=\"Corto Maltese\" \/>\n<meta name=\"twitter:card\" content=\"summary_large_image\" \/>\n<meta name=\"twitter:label1\" content=\"\u00c9crit par\" \/>\n\t<meta name=\"twitter:data1\" content=\"Corto Maltese\" \/>\n\t<meta name=\"twitter:label2\" content=\"Dur\u00e9e de lecture estim\u00e9e\" \/>\n\t<meta name=\"twitter:data2\" content=\"14 minutes\" \/>\n<script type=\"application\/ld+json\" class=\"yoast-schema-graph\">{\"@context\":\"https:\/\/schema.org\",\"@graph\":[{\"@type\":\"WebPage\",\"@id\":\"https:\/\/cortomaltese.com\/fr\/corto-maltese-la-ballade-de-la-mer-salee\/\",\"url\":\"https:\/\/cortomaltese.com\/fr\/corto-maltese-la-ballade-de-la-mer-salee\/\",\"name\":\"Corto Maltese. La Ballade de la mer sal\u00e9e - la premi\u00e8re aventure\",\"isPartOf\":{\"@id\":\"https:\/\/cortomaltese.com\/fr\/#website\"},\"primaryImageOfPage\":{\"@id\":\"https:\/\/cortomaltese.com\/fr\/corto-maltese-la-ballade-de-la-mer-salee\/#primaryimage\"},\"image\":{\"@id\":\"https:\/\/cortomaltese.com\/fr\/corto-maltese-la-ballade-de-la-mer-salee\/#primaryimage\"},\"thumbnailUrl\":\"https:\/\/cortomaltese.com\/fr\/wp-content\/uploads\/sites\/3\/Senza-titolo-2-a.png\",\"datePublished\":\"2019-02-18T13:48:06+00:00\",\"dateModified\":\"2020-02-25T13:01:03+00:00\",\"author\":{\"@id\":\"https:\/\/cortomaltese.com\/fr\/#\/schema\/person\/5204dd292c3d1105df4b66cc0749217e\"},\"description\":\"La Ballade de la mer sal\u00e9e: 1913, Oc\u00e9an Pacifique. A la veille de la Premi\u00e8re Guerre, Corto s'associe au Moine, le myst\u00e9rieux chef d'une bande de pirates\",\"breadcrumb\":{\"@id\":\"https:\/\/cortomaltese.com\/fr\/corto-maltese-la-ballade-de-la-mer-salee\/#breadcrumb\"},\"inLanguage\":\"fr-FR\",\"potentialAction\":[{\"@type\":\"ReadAction\",\"target\":[\"https:\/\/cortomaltese.com\/fr\/corto-maltese-la-ballade-de-la-mer-salee\/\"]}]},{\"@type\":\"ImageObject\",\"inLanguage\":\"fr-FR\",\"@id\":\"https:\/\/cortomaltese.com\/fr\/corto-maltese-la-ballade-de-la-mer-salee\/#primaryimage\",\"url\":\"https:\/\/cortomaltese.com\/fr\/wp-content\/uploads\/sites\/3\/Senza-titolo-2-a.png\",\"contentUrl\":\"https:\/\/cortomaltese.com\/fr\/wp-content\/uploads\/sites\/3\/Senza-titolo-2-a.png\",\"width\":659,\"height\":837},{\"@type\":\"BreadcrumbList\",\"@id\":\"https:\/\/cortomaltese.com\/fr\/corto-maltese-la-ballade-de-la-mer-salee\/#breadcrumb\",\"itemListElement\":[{\"@type\":\"ListItem\",\"position\":1,\"name\":\"Accueil\",\"item\":\"https:\/\/cortomaltese.com\/fr\/\"},{\"@type\":\"ListItem\",\"position\":2,\"name\":\"Corto Maltese. La Ballade de la mer sal\u00e9e\"}]},{\"@type\":\"WebSite\",\"@id\":\"https:\/\/cortomaltese.com\/fr\/#website\",\"url\":\"https:\/\/cortomaltese.com\/fr\/\",\"name\":\"cortomaltese fran\u00e7ais\",\"description\":\"Il sito ufficiale\",\"potentialAction\":[{\"@type\":\"SearchAction\",\"target\":{\"@type\":\"EntryPoint\",\"urlTemplate\":\"https:\/\/cortomaltese.com\/fr\/?s={search_term_string}\"},\"query-input\":{\"@type\":\"PropertyValueSpecification\",\"valueRequired\":true,\"valueName\":\"search_term_string\"}}],\"inLanguage\":\"fr-FR\"},{\"@type\":\"Person\",\"@id\":\"https:\/\/cortomaltese.com\/fr\/#\/schema\/person\/5204dd292c3d1105df4b66cc0749217e\",\"name\":\"Corto Maltese\",\"image\":{\"@type\":\"ImageObject\",\"inLanguage\":\"fr-FR\",\"@id\":\"https:\/\/cortomaltese.com\/fr\/#\/schema\/person\/image\/\",\"url\":\"https:\/\/secure.gravatar.com\/avatar\/2ad4be5824b38545bbca3ce52ffd9add?s=96&d=mm&r=g\",\"contentUrl\":\"https:\/\/secure.gravatar.com\/avatar\/2ad4be5824b38545bbca3ce52ffd9add?s=96&d=mm&r=g\",\"caption\":\"Corto Maltese\"},\"url\":\"https:\/\/cortomaltese.com\/fr\/author\/cortomaltese\/\"}]}<\/script>\n<!-- \/ Yoast SEO plugin. -->","yoast_head_json":{"title":"Corto Maltese. La Ballade de la mer sal\u00e9e - la premi\u00e8re aventure","description":"La Ballade de la mer sal\u00e9e: 1913, Oc\u00e9an Pacifique. A la veille de la Premi\u00e8re Guerre, Corto s'associe au Moine, le myst\u00e9rieux chef d'une bande de pirates","robots":{"index":"index","follow":"follow","max-snippet":"max-snippet:-1","max-image-preview":"max-image-preview:large","max-video-preview":"max-video-preview:-1"},"canonical":"https:\/\/cortomaltese.com\/fr\/corto-maltese-la-ballade-de-la-mer-salee\/","og_locale":"fr_FR","og_type":"article","og_title":"Corto Maltese. La Ballade de la mer sal\u00e9e - la premi\u00e8re aventure","og_description":"La Ballade de la mer sal\u00e9e: 1913, Oc\u00e9an Pacifique. A la veille de la Premi\u00e8re Guerre, Corto s'associe au Moine, le myst\u00e9rieux chef d'une bande de pirates","og_url":"https:\/\/cortomaltese.com\/fr\/corto-maltese-la-ballade-de-la-mer-salee\/","og_site_name":"cortomaltese fran\u00e7ais","article_published_time":"2019-02-18T13:48:06+00:00","article_modified_time":"2020-02-25T13:01:03+00:00","og_image":[{"width":659,"height":837,"url":"https:\/\/cortomaltese.com\/fr\/wp-content\/uploads\/sites\/3\/Senza-titolo-2-a.png","type":"image\/png"}],"author":"Corto Maltese","twitter_card":"summary_large_image","twitter_misc":{"\u00c9crit par":"Corto Maltese","Dur\u00e9e de lecture estim\u00e9e":"14 minutes"},"schema":{"@context":"https:\/\/schema.org","@graph":[{"@type":"WebPage","@id":"https:\/\/cortomaltese.com\/fr\/corto-maltese-la-ballade-de-la-mer-salee\/","url":"https:\/\/cortomaltese.com\/fr\/corto-maltese-la-ballade-de-la-mer-salee\/","name":"Corto Maltese. La Ballade de la mer sal\u00e9e - la premi\u00e8re aventure","isPartOf":{"@id":"https:\/\/cortomaltese.com\/fr\/#website"},"primaryImageOfPage":{"@id":"https:\/\/cortomaltese.com\/fr\/corto-maltese-la-ballade-de-la-mer-salee\/#primaryimage"},"image":{"@id":"https:\/\/cortomaltese.com\/fr\/corto-maltese-la-ballade-de-la-mer-salee\/#primaryimage"},"thumbnailUrl":"https:\/\/cortomaltese.com\/fr\/wp-content\/uploads\/sites\/3\/Senza-titolo-2-a.png","datePublished":"2019-02-18T13:48:06+00:00","dateModified":"2020-02-25T13:01:03+00:00","author":{"@id":"https:\/\/cortomaltese.com\/fr\/#\/schema\/person\/5204dd292c3d1105df4b66cc0749217e"},"description":"La Ballade de la mer sal\u00e9e: 1913, Oc\u00e9an Pacifique. A la veille de la Premi\u00e8re Guerre, Corto s'associe au Moine, le myst\u00e9rieux chef d'une bande de pirates","breadcrumb":{"@id":"https:\/\/cortomaltese.com\/fr\/corto-maltese-la-ballade-de-la-mer-salee\/#breadcrumb"},"inLanguage":"fr-FR","potentialAction":[{"@type":"ReadAction","target":["https:\/\/cortomaltese.com\/fr\/corto-maltese-la-ballade-de-la-mer-salee\/"]}]},{"@type":"ImageObject","inLanguage":"fr-FR","@id":"https:\/\/cortomaltese.com\/fr\/corto-maltese-la-ballade-de-la-mer-salee\/#primaryimage","url":"https:\/\/cortomaltese.com\/fr\/wp-content\/uploads\/sites\/3\/Senza-titolo-2-a.png","contentUrl":"https:\/\/cortomaltese.com\/fr\/wp-content\/uploads\/sites\/3\/Senza-titolo-2-a.png","width":659,"height":837},{"@type":"BreadcrumbList","@id":"https:\/\/cortomaltese.com\/fr\/corto-maltese-la-ballade-de-la-mer-salee\/#breadcrumb","itemListElement":[{"@type":"ListItem","position":1,"name":"Accueil","item":"https:\/\/cortomaltese.com\/fr\/"},{"@type":"ListItem","position":2,"name":"Corto Maltese. La Ballade de la mer sal\u00e9e"}]},{"@type":"WebSite","@id":"https:\/\/cortomaltese.com\/fr\/#website","url":"https:\/\/cortomaltese.com\/fr\/","name":"cortomaltese fran\u00e7ais","description":"Il sito ufficiale","potentialAction":[{"@type":"SearchAction","target":{"@type":"EntryPoint","urlTemplate":"https:\/\/cortomaltese.com\/fr\/?s={search_term_string}"},"query-input":{"@type":"PropertyValueSpecification","valueRequired":true,"valueName":"search_term_string"}}],"inLanguage":"fr-FR"},{"@type":"Person","@id":"https:\/\/cortomaltese.com\/fr\/#\/schema\/person\/5204dd292c3d1105df4b66cc0749217e","name":"Corto Maltese","image":{"@type":"ImageObject","inLanguage":"fr-FR","@id":"https:\/\/cortomaltese.com\/fr\/#\/schema\/person\/image\/","url":"https:\/\/secure.gravatar.com\/avatar\/2ad4be5824b38545bbca3ce52ffd9add?s=96&d=mm&r=g","contentUrl":"https:\/\/secure.gravatar.com\/avatar\/2ad4be5824b38545bbca3ce52ffd9add?s=96&d=mm&r=g","caption":"Corto Maltese"},"url":"https:\/\/cortomaltese.com\/fr\/author\/cortomaltese\/"}]}},"_links":{"self":[{"href":"https:\/\/cortomaltese.com\/fr\/wp-json\/wp\/v2\/posts\/14592","targetHints":{"allow":["GET"]}}],"collection":[{"href":"https:\/\/cortomaltese.com\/fr\/wp-json\/wp\/v2\/posts"}],"about":[{"href":"https:\/\/cortomaltese.com\/fr\/wp-json\/wp\/v2\/types\/post"}],"author":[{"embeddable":true,"href":"https:\/\/cortomaltese.com\/fr\/wp-json\/wp\/v2\/users\/1"}],"replies":[{"embeddable":true,"href":"https:\/\/cortomaltese.com\/fr\/wp-json\/wp\/v2\/comments?post=14592"}],"version-history":[{"count":0,"href":"https:\/\/cortomaltese.com\/fr\/wp-json\/wp\/v2\/posts\/14592\/revisions"}],"wp:featuredmedia":[{"embeddable":true,"href":"https:\/\/cortomaltese.com\/fr\/wp-json\/wp\/v2\/media\/14631"}],"wp:attachment":[{"href":"https:\/\/cortomaltese.com\/fr\/wp-json\/wp\/v2\/media?parent=14592"}],"wp:term":[{"taxonomy":"category","embeddable":true,"href":"https:\/\/cortomaltese.com\/fr\/wp-json\/wp\/v2\/categories?post=14592"},{"taxonomy":"post_tag","embeddable":true,"href":"https:\/\/cortomaltese.com\/fr\/wp-json\/wp\/v2\/tags?post=14592"}],"curies":[{"name":"wp","href":"https:\/\/api.w.org\/{rel}","templated":true}]}}