{"id":14498,"date":"2019-05-02T14:13:11","date_gmt":"2019-05-02T12:13:11","guid":{"rendered":"https:\/\/cortomaltese.com\/fr\/?p=14498"},"modified":"2019-06-06T11:36:37","modified_gmt":"2019-06-06T09:36:37","slug":"corto-maltese-un-viaggio-straordinario","status":"publish","type":"post","link":"https:\/\/cortomaltese.com\/fr\/corto-maltese-un-viaggio-straordinario\/","title":{"rendered":"Corto Maltese &#8211; Un viaggio straordinario"},"content":{"rendered":"<p><div class=\"fusion-fullwidth fullwidth-box fusion-builder-row-1 nonhundred-percent-fullwidth non-hundred-percent-height-scrolling\" style=\"--awb-border-radius-top-left:0px;--awb-border-radius-top-right:0px;--awb-border-radius-bottom-right:0px;--awb-border-radius-bottom-left:0px;--awb-padding-bottom:0px;--awb-flex-wrap:wrap;\" ><div class=\"fusion-builder-row fusion-row\"><div class=\"fusion-layout-column fusion_builder_column fusion-builder-column-0 fusion_builder_column_1_1 1_1 fusion-one-full fusion-column-first fusion-column-last\" style=\"--awb-bg-size:cover;\"><div class=\"fusion-column-wrapper fusion-flex-column-wrapper-legacy\"><div class=\"fusion-image-element fusion-image-align-center in-legacy-container\" style=\"text-align:center;--awb-caption-title-font-family:var(--h2_typography-font-family);--awb-caption-title-font-weight:var(--h2_typography-font-weight);--awb-caption-title-font-style:var(--h2_typography-font-style);--awb-caption-title-size:var(--h2_typography-font-size);--awb-caption-title-transform:var(--h2_typography-text-transform);--awb-caption-title-line-height:var(--h2_typography-line-height);--awb-caption-title-letter-spacing:var(--h2_typography-letter-spacing);\"><div class=\"imageframe-align-center\"><span class=\" fusion-imageframe imageframe-none imageframe-1 hover-type-none\"><a href=\"https:\/\/cortomaltese.com\/fr\/wp-content\/uploads\/sites\/3\/Corto_Maltese-un_viaggio_straordinario-Napoli-2019.jpg\" class=\"fusion-lightbox\" data-rel=\"iLightbox[f8f4d035ddc66a11cc0]\" data-title=\"Corto Maltese &#8211; Un viaggio straordinario\" title=\"Corto Maltese &#8211; Un viaggio straordinario\"><img decoding=\"async\" width=\"1188\" height=\"1200\" alt=\"Corto Maltese - Un viaggio straordinario\" src=\"https:\/\/cortomaltese.com\/fr\/wp-content\/uploads\/sites\/3\/Corto_Maltese-un_viaggio_straordinario-Napoli-2019.jpg\" class=\"img-responsive wp-image-14500\" srcset=\"https:\/\/cortomaltese.com\/fr\/wp-content\/uploads\/sites\/3\/Corto_Maltese-un_viaggio_straordinario-Napoli-2019-200x202.jpg 200w, https:\/\/cortomaltese.com\/fr\/wp-content\/uploads\/sites\/3\/Corto_Maltese-un_viaggio_straordinario-Napoli-2019-400x404.jpg 400w, https:\/\/cortomaltese.com\/fr\/wp-content\/uploads\/sites\/3\/Corto_Maltese-un_viaggio_straordinario-Napoli-2019-600x606.jpg 600w, https:\/\/cortomaltese.com\/fr\/wp-content\/uploads\/sites\/3\/Corto_Maltese-un_viaggio_straordinario-Napoli-2019-800x808.jpg 800w, https:\/\/cortomaltese.com\/fr\/wp-content\/uploads\/sites\/3\/Corto_Maltese-un_viaggio_straordinario-Napoli-2019.jpg 1188w\" sizes=\"(max-width: 800px) 100vw, 1188px\" \/><\/a><\/span><\/div><\/div><div class=\"fusion-clearfix\"><\/div><\/div><\/div><\/div><\/div><div class=\"fusion-fullwidth fullwidth-box fusion-builder-row-2 nonhundred-percent-fullwidth non-hundred-percent-height-scrolling\" style=\"--awb-border-radius-top-left:0px;--awb-border-radius-top-right:0px;--awb-border-radius-bottom-right:0px;--awb-border-radius-bottom-left:0px;--awb-padding-top:0px;--awb-padding-bottom:20px;--awb-flex-wrap:wrap;\" ><div class=\"fusion-builder-row fusion-row\"><div class=\"fusion-layout-column fusion_builder_column fusion-builder-column-1 fusion_builder_column_1_1 1_1 fusion-one-full fusion-column-first fusion-column-last\" style=\"--awb-bg-size:cover;\"><div class=\"fusion-column-wrapper fusion-flex-column-wrapper-legacy\"><div class=\"fusion-text fusion-text-1\"><h1>Corto Maltese &#8211; Un viaggio straordinario<\/h1>\n<h2><span style=\"color: #e00000;\"><strong> 25 Avril &#8211; 9 Septembre 2019<br \/>\nMus\u00e9e national d&#8217;arch\u00e9ologie de Naples <\/strong><\/span><\/h2>\n<div class=\"fusion-sep-clear\"><\/div><div class=\"fusion-separator fusion-clearfix\" style=\"float:left;margin-top:20px;margin-bottom:0px;width:100%;max-width:40%;\"><div class=\"fusion-separator-border sep-single sep-solid\" style=\"--awb-height:20px;--awb-amount:20px;--awb-sep-color:#e00000;border-color:#e00000;border-top-width:4px;\"><\/div><\/div><div class=\"fusion-sep-clear\"><\/div>\n<\/div><div class=\"fusion-sep-clear\"><\/div><div class=\"fusion-separator fusion-full-width-sep\" style=\"margin-left: auto;margin-right: auto;margin-bottom:40px;width:100%;\"><\/div><div class=\"fusion-sep-clear\"><\/div><div class=\"fusion-clearfix\"><\/div><\/div><\/div><\/div><\/div><div class=\"fusion-fullwidth fullwidth-box fusion-builder-row-3 nonhundred-percent-fullwidth non-hundred-percent-height-scrolling fusion-equal-height-columns\" style=\"--awb-border-radius-top-left:0px;--awb-border-radius-top-right:0px;--awb-border-radius-bottom-right:0px;--awb-border-radius-bottom-left:0px;--awb-padding-top:0px;--awb-flex-wrap:wrap;\" ><div class=\"fusion-builder-row fusion-row\"><div class=\"fusion-layout-column fusion_builder_column fusion-builder-column-2 fusion_builder_column_1_2 1_2 fusion-one-half fusion-column-first\" style=\"--awb-bg-size:cover;width:50%;width:calc(50% - ( ( 4% ) * 0.5 ) );margin-right: 4%;\"><div class=\"fusion-column-wrapper fusion-flex-column-wrapper-legacy\"><div class=\"fusion-text fusion-text-2\"><p><span class=\"fusion-dropcap dropcap\">D<\/span>u 25 avril au 9 septembre 2019, l&#8217;exposition d\u00e9di\u00e9e \u00e0 Hugo Pratt se tiendra dans les salles du Mus\u00e9e national d&#8217;arch\u00e9ologie de Naples. Un vaste parcours th\u00e9matique autour du c\u00e9l\u00e8bre marin Corto Maltese.<br \/>\nL&#8217;exposition fait partie d&#8217;une s\u00e9rie d\u2019\u00e9v\u00e9nements organis\u00e9s dans le cadre du projet &#8220;Vers Thalassa. Mer, mythe, histoire et arch\u00e9ologie &#8221; \u00e0 d\u00e9couvrir entre le Mann et les Campi Flegrei.<\/p>\n<p>Heures d&#8217;ouverture : tous les jours de 9h \u00e0 19h30, sauf le mardi.<br \/>\n<a href=\"https:\/\/www.museoarcheologiconapoli.it\/en\/\" target=\"_blank\" rel=\"noopener noreferrer\"><span style=\"color: #e00000;\">https:\/\/www.museoarcheologiconapoli.it\/en\/<\/span><\/a><\/p>\n<\/div><div class=\"fusion-clearfix\"><\/div><\/div><\/div><div class=\"fusion-layout-column fusion_builder_column fusion-builder-column-3 fusion_builder_column_1_2 1_2 fusion-one-half fusion-column-last\" style=\"--awb-bg-size:cover;width:50%;width:calc(50% - ( ( 4% ) * 0.5 ) );\"><div class=\"fusion-column-wrapper fusion-column-has-shadow fusion-flex-column-wrapper-legacy\"><div class=\"fusion-column-content-centered\"><div class=\"fusion-column-content\"><div class=\"fusion-image-element in-legacy-container\" style=\"--awb-caption-title-font-family:var(--h2_typography-font-family);--awb-caption-title-font-weight:var(--h2_typography-font-weight);--awb-caption-title-font-style:var(--h2_typography-font-style);--awb-caption-title-size:var(--h2_typography-font-size);--awb-caption-title-transform:var(--h2_typography-text-transform);--awb-caption-title-line-height:var(--h2_typography-line-height);--awb-caption-title-letter-spacing:var(--h2_typography-letter-spacing);\"><span class=\" fusion-imageframe imageframe-none imageframe-2 hover-type-none\"><a href=\"https:\/\/cortomaltese.com\/fr\/wp-content\/uploads\/sites\/3\/Corto_Maltese-un_viaggio_straordinario-Napoli-2019-Comicon.jpg\" class=\"fusion-lightbox\" data-rel=\"iLightbox[e0a2e068fa7a4d6e5bf]\" data-title=\"Corto Maltese &#8211; Un viaggio straordinario\" title=\"Corto Maltese &#8211; Un viaggio straordinario\"><img decoding=\"async\" width=\"637\" height=\"900\" alt=\"Corto Maltese - Un viaggio straordinario\" src=\"https:\/\/cortomaltese.com\/fr\/wp-content\/uploads\/sites\/3\/Corto_Maltese-un_viaggio_straordinario-Napoli-2019-Comicon.jpg\" class=\"img-responsive wp-image-14499\" srcset=\"https:\/\/cortomaltese.com\/fr\/wp-content\/uploads\/sites\/3\/Corto_Maltese-un_viaggio_straordinario-Napoli-2019-Comicon-200x283.jpg 200w, https:\/\/cortomaltese.com\/fr\/wp-content\/uploads\/sites\/3\/Corto_Maltese-un_viaggio_straordinario-Napoli-2019-Comicon-400x565.jpg 400w, https:\/\/cortomaltese.com\/fr\/wp-content\/uploads\/sites\/3\/Corto_Maltese-un_viaggio_straordinario-Napoli-2019-Comicon-600x848.jpg 600w, https:\/\/cortomaltese.com\/fr\/wp-content\/uploads\/sites\/3\/Corto_Maltese-un_viaggio_straordinario-Napoli-2019-Comicon.jpg 637w\" sizes=\"(max-width: 800px) 100vw, 600px\" \/><\/a><\/span><\/div><\/div><\/div><div class=\"fusion-clearfix\"><\/div><\/div><\/div><\/div><\/div><div class=\"fusion-fullwidth fullwidth-box fusion-builder-row-4 nonhundred-percent-fullwidth non-hundred-percent-height-scrolling\" style=\"--awb-border-radius-top-left:0px;--awb-border-radius-top-right:0px;--awb-border-radius-bottom-right:0px;--awb-border-radius-bottom-left:0px;--awb-flex-wrap:wrap;\" ><div class=\"fusion-builder-row fusion-row\"><div class=\"fusion-layout-column fusion_builder_column fusion-builder-column-4 fusion_builder_column_1_1 1_1 fusion-one-full fusion-column-first fusion-column-last\" style=\"--awb-bg-size:cover;\"><div class=\"fusion-column-wrapper fusion-flex-column-wrapper-legacy\"><div class=\"fusion-text fusion-text-3\"><div class=\"fusion-sep-clear\"><\/div><div class=\"fusion-separator fusion-clearfix\" style=\"float:left;margin-top:20px;margin-bottom:40px;width:100%;max-width:40%;\"><div class=\"fusion-separator-border sep-single sep-solid\" style=\"--awb-height:20px;--awb-amount:20px;--awb-sep-color:#e00000;border-color:#e00000;border-top-width:4px;\"><\/div><\/div><div class=\"fusion-sep-clear\"><\/div>\n<\/div><div class=\"fusion-text fusion-text-4\"><p>L&#8217;exposition fait partie des \u00e9v\u00e9nements <strong>Comic (On) Off<\/strong>, organis\u00e9e par le <a href=\"https:\/\/www.comicon.it\/corto-maltese-un-viaggio-straordinario\/\" target=\"_blank\" rel=\"noopener noreferrer\"><span style=\"color: #e00000;\"><strong>Comicon<\/strong><\/span><\/a>.<\/p>\n<h2><strong> Hugo Pratt &#8211; Corto Maltese, Un viaggio straordinario <\/strong><\/h2>\n<p>Catalogue publi\u00e9 par <strong>Comicon Edizioni<\/strong><br \/>\n<a href=\"http:\/\/www.comicon.it\/corto-maltese-un-viaggio-straordinario\/\" target=\"_blank\" rel=\"noopener noreferrer\"><span style=\"color: #e00000;\">www.comicon.it\/corto-maltese-un-viaggio-straordinario\/<\/span><\/a><\/p>\n<p>Format: couverture rigide, 180 pages, en couleur<br \/>\n39,00 Euro<br \/>\nISBN:\u00a088-98049-88-9<\/p>\n<\/div><div class=\"fusion-text fusion-text-5\"><p><strong>Rizzoli Lizard<\/strong><br \/>\n<span style=\"color: #e00000;\"><a style=\"color: #e00000;\" href=\"http:\/\/www.rizzolilibri.it\/ricerca\/?tipo=Tutti&amp;cerca=Hugo%20pratt\" target=\"_blank\" rel=\"noopener noreferrer\">www.rizzolilibri.it\/ricerca\/?tipo=Tutti&amp;cerca=Hugo%20pratt<\/a><\/span><\/p>\n<\/div><div class=\"fusion-text fusion-text-6\"><div class=\"fusion-sep-clear\"><\/div><div class=\"fusion-separator fusion-clearfix\" style=\"float:left;margin-top:20px;margin-bottom:40px;width:100%;max-width:40%;\"><div class=\"fusion-separator-border sep-single sep-solid\" style=\"--awb-height:20px;--awb-amount:20px;--awb-sep-color:#e00000;border-color:#e00000;border-top-width:4px;\"><\/div><\/div><div class=\"fusion-sep-clear\"><\/div>\n<\/div><div class=\"fusion-clearfix\"><\/div><\/div><\/div><\/div><\/div><\/p>\n","protected":false},"excerpt":{"rendered":"<p>Corto Maltese &#8211; Un viaggio straordinario. 25 Avril &#8211; 9 Septembre 2019 Mus\u00e9e National d&#8217;Arch\u00e9ologie de Naples<\/p>\n","protected":false},"author":1,"featured_media":14499,"comment_status":"closed","ping_status":"open","sticky":false,"template":"","format":"standard","meta":{"footnotes":""},"categories":[18,28],"tags":[],"class_list":["post-14498","post","type-post","status-publish","format-standard","has-post-thumbnail","hentry","category-evenements","category-evidence"],"yoast_head":"<!-- This site is optimized with the Yoast SEO plugin v26.5 - https:\/\/yoast.com\/wordpress\/plugins\/seo\/ -->\n<title>Corto Maltese - Un viaggio straordinario - cortomaltese fran\u00e7ais<\/title>\n<meta name=\"description\" content=\"Corto Maltese - Un viaggio straordinario. Du 25 avril au 9 septembre 2019, l&#039;exposition se tiendra dans les salles Mann \u00e0 Naples.\" \/>\n<meta name=\"robots\" content=\"index, follow, max-snippet:-1, max-image-preview:large, max-video-preview:-1\" \/>\n<link rel=\"canonical\" href=\"https:\/\/cortomaltese.com\/fr\/corto-maltese-un-viaggio-straordinario\/\" \/>\n<meta property=\"og:locale\" content=\"fr_FR\" \/>\n<meta property=\"og:type\" content=\"article\" \/>\n<meta property=\"og:title\" content=\"Corto Maltese - Un viaggio straordinario - cortomaltese fran\u00e7ais\" \/>\n<meta property=\"og:description\" content=\"Corto Maltese - Un viaggio straordinario. Du 25 avril au 9 septembre 2019, l&#039;exposition se tiendra dans les salles Mann \u00e0 Naples.\" \/>\n<meta property=\"og:url\" content=\"https:\/\/cortomaltese.com\/fr\/corto-maltese-un-viaggio-straordinario\/\" \/>\n<meta property=\"og:site_name\" content=\"cortomaltese fran\u00e7ais\" \/>\n<meta property=\"article:published_time\" content=\"2019-05-02T12:13:11+00:00\" \/>\n<meta property=\"article:modified_time\" content=\"2019-06-06T09:36:37+00:00\" \/>\n<meta property=\"og:image\" content=\"https:\/\/cortomaltese.com\/fr\/wp-content\/uploads\/sites\/3\/Corto_Maltese-un_viaggio_straordinario-Napoli-2019-Comicon.jpg\" \/>\n\t<meta property=\"og:image:width\" content=\"637\" \/>\n\t<meta property=\"og:image:height\" content=\"900\" \/>\n\t<meta property=\"og:image:type\" content=\"image\/jpeg\" \/>\n<meta name=\"author\" content=\"Corto Maltese\" \/>\n<meta name=\"twitter:card\" content=\"summary_large_image\" \/>\n<meta name=\"twitter:label1\" content=\"\u00c9crit par\" \/>\n\t<meta name=\"twitter:data1\" content=\"Corto Maltese\" \/>\n\t<meta name=\"twitter:label2\" content=\"Dur\u00e9e de lecture estim\u00e9e\" \/>\n\t<meta name=\"twitter:data2\" content=\"7 minutes\" \/>\n<script type=\"application\/ld+json\" class=\"yoast-schema-graph\">{\"@context\":\"https:\/\/schema.org\",\"@graph\":[{\"@type\":\"WebPage\",\"@id\":\"https:\/\/cortomaltese.com\/fr\/corto-maltese-un-viaggio-straordinario\/\",\"url\":\"https:\/\/cortomaltese.com\/fr\/corto-maltese-un-viaggio-straordinario\/\",\"name\":\"Corto Maltese - Un viaggio straordinario - cortomaltese fran\u00e7ais\",\"isPartOf\":{\"@id\":\"https:\/\/cortomaltese.com\/fr\/#website\"},\"primaryImageOfPage\":{\"@id\":\"https:\/\/cortomaltese.com\/fr\/corto-maltese-un-viaggio-straordinario\/#primaryimage\"},\"image\":{\"@id\":\"https:\/\/cortomaltese.com\/fr\/corto-maltese-un-viaggio-straordinario\/#primaryimage\"},\"thumbnailUrl\":\"https:\/\/cortomaltese.com\/fr\/wp-content\/uploads\/sites\/3\/Corto_Maltese-un_viaggio_straordinario-Napoli-2019-Comicon.jpg\",\"datePublished\":\"2019-05-02T12:13:11+00:00\",\"dateModified\":\"2019-06-06T09:36:37+00:00\",\"author\":{\"@id\":\"https:\/\/cortomaltese.com\/fr\/#\/schema\/person\/5204dd292c3d1105df4b66cc0749217e\"},\"description\":\"Corto Maltese - Un viaggio straordinario. Du 25 avril au 9 septembre 2019, l'exposition se tiendra dans les salles Mann \u00e0 Naples.\",\"breadcrumb\":{\"@id\":\"https:\/\/cortomaltese.com\/fr\/corto-maltese-un-viaggio-straordinario\/#breadcrumb\"},\"inLanguage\":\"fr-FR\",\"potentialAction\":[{\"@type\":\"ReadAction\",\"target\":[\"https:\/\/cortomaltese.com\/fr\/corto-maltese-un-viaggio-straordinario\/\"]}]},{\"@type\":\"ImageObject\",\"inLanguage\":\"fr-FR\",\"@id\":\"https:\/\/cortomaltese.com\/fr\/corto-maltese-un-viaggio-straordinario\/#primaryimage\",\"url\":\"https:\/\/cortomaltese.com\/fr\/wp-content\/uploads\/sites\/3\/Corto_Maltese-un_viaggio_straordinario-Napoli-2019-Comicon.jpg\",\"contentUrl\":\"https:\/\/cortomaltese.com\/fr\/wp-content\/uploads\/sites\/3\/Corto_Maltese-un_viaggio_straordinario-Napoli-2019-Comicon.jpg\",\"width\":637,\"height\":900,\"caption\":\"Corto Maltese - Un viaggio straordinario\"},{\"@type\":\"BreadcrumbList\",\"@id\":\"https:\/\/cortomaltese.com\/fr\/corto-maltese-un-viaggio-straordinario\/#breadcrumb\",\"itemListElement\":[{\"@type\":\"ListItem\",\"position\":1,\"name\":\"Accueil\",\"item\":\"https:\/\/cortomaltese.com\/fr\/\"},{\"@type\":\"ListItem\",\"position\":2,\"name\":\"Corto Maltese &#8211; Un viaggio straordinario\"}]},{\"@type\":\"WebSite\",\"@id\":\"https:\/\/cortomaltese.com\/fr\/#website\",\"url\":\"https:\/\/cortomaltese.com\/fr\/\",\"name\":\"cortomaltese fran\u00e7ais\",\"description\":\"Il sito ufficiale\",\"potentialAction\":[{\"@type\":\"SearchAction\",\"target\":{\"@type\":\"EntryPoint\",\"urlTemplate\":\"https:\/\/cortomaltese.com\/fr\/?s={search_term_string}\"},\"query-input\":{\"@type\":\"PropertyValueSpecification\",\"valueRequired\":true,\"valueName\":\"search_term_string\"}}],\"inLanguage\":\"fr-FR\"},{\"@type\":\"Person\",\"@id\":\"https:\/\/cortomaltese.com\/fr\/#\/schema\/person\/5204dd292c3d1105df4b66cc0749217e\",\"name\":\"Corto Maltese\",\"image\":{\"@type\":\"ImageObject\",\"inLanguage\":\"fr-FR\",\"@id\":\"https:\/\/cortomaltese.com\/fr\/#\/schema\/person\/image\/\",\"url\":\"https:\/\/secure.gravatar.com\/avatar\/2ad4be5824b38545bbca3ce52ffd9add?s=96&d=mm&r=g\",\"contentUrl\":\"https:\/\/secure.gravatar.com\/avatar\/2ad4be5824b38545bbca3ce52ffd9add?s=96&d=mm&r=g\",\"caption\":\"Corto Maltese\"},\"url\":\"https:\/\/cortomaltese.com\/fr\/author\/cortomaltese\/\"}]}<\/script>\n<!-- \/ Yoast SEO plugin. -->","yoast_head_json":{"title":"Corto Maltese - Un viaggio straordinario - cortomaltese fran\u00e7ais","description":"Corto Maltese - Un viaggio straordinario. Du 25 avril au 9 septembre 2019, l'exposition se tiendra dans les salles Mann \u00e0 Naples.","robots":{"index":"index","follow":"follow","max-snippet":"max-snippet:-1","max-image-preview":"max-image-preview:large","max-video-preview":"max-video-preview:-1"},"canonical":"https:\/\/cortomaltese.com\/fr\/corto-maltese-un-viaggio-straordinario\/","og_locale":"fr_FR","og_type":"article","og_title":"Corto Maltese - Un viaggio straordinario - cortomaltese fran\u00e7ais","og_description":"Corto Maltese - Un viaggio straordinario. Du 25 avril au 9 septembre 2019, l'exposition se tiendra dans les salles Mann \u00e0 Naples.","og_url":"https:\/\/cortomaltese.com\/fr\/corto-maltese-un-viaggio-straordinario\/","og_site_name":"cortomaltese fran\u00e7ais","article_published_time":"2019-05-02T12:13:11+00:00","article_modified_time":"2019-06-06T09:36:37+00:00","og_image":[{"width":637,"height":900,"url":"https:\/\/cortomaltese.com\/fr\/wp-content\/uploads\/sites\/3\/Corto_Maltese-un_viaggio_straordinario-Napoli-2019-Comicon.jpg","type":"image\/jpeg"}],"author":"Corto Maltese","twitter_card":"summary_large_image","twitter_misc":{"\u00c9crit par":"Corto Maltese","Dur\u00e9e de lecture estim\u00e9e":"7 minutes"},"schema":{"@context":"https:\/\/schema.org","@graph":[{"@type":"WebPage","@id":"https:\/\/cortomaltese.com\/fr\/corto-maltese-un-viaggio-straordinario\/","url":"https:\/\/cortomaltese.com\/fr\/corto-maltese-un-viaggio-straordinario\/","name":"Corto Maltese - Un viaggio straordinario - cortomaltese fran\u00e7ais","isPartOf":{"@id":"https:\/\/cortomaltese.com\/fr\/#website"},"primaryImageOfPage":{"@id":"https:\/\/cortomaltese.com\/fr\/corto-maltese-un-viaggio-straordinario\/#primaryimage"},"image":{"@id":"https:\/\/cortomaltese.com\/fr\/corto-maltese-un-viaggio-straordinario\/#primaryimage"},"thumbnailUrl":"https:\/\/cortomaltese.com\/fr\/wp-content\/uploads\/sites\/3\/Corto_Maltese-un_viaggio_straordinario-Napoli-2019-Comicon.jpg","datePublished":"2019-05-02T12:13:11+00:00","dateModified":"2019-06-06T09:36:37+00:00","author":{"@id":"https:\/\/cortomaltese.com\/fr\/#\/schema\/person\/5204dd292c3d1105df4b66cc0749217e"},"description":"Corto Maltese - Un viaggio straordinario. Du 25 avril au 9 septembre 2019, l'exposition se tiendra dans les salles Mann \u00e0 Naples.","breadcrumb":{"@id":"https:\/\/cortomaltese.com\/fr\/corto-maltese-un-viaggio-straordinario\/#breadcrumb"},"inLanguage":"fr-FR","potentialAction":[{"@type":"ReadAction","target":["https:\/\/cortomaltese.com\/fr\/corto-maltese-un-viaggio-straordinario\/"]}]},{"@type":"ImageObject","inLanguage":"fr-FR","@id":"https:\/\/cortomaltese.com\/fr\/corto-maltese-un-viaggio-straordinario\/#primaryimage","url":"https:\/\/cortomaltese.com\/fr\/wp-content\/uploads\/sites\/3\/Corto_Maltese-un_viaggio_straordinario-Napoli-2019-Comicon.jpg","contentUrl":"https:\/\/cortomaltese.com\/fr\/wp-content\/uploads\/sites\/3\/Corto_Maltese-un_viaggio_straordinario-Napoli-2019-Comicon.jpg","width":637,"height":900,"caption":"Corto Maltese - Un viaggio straordinario"},{"@type":"BreadcrumbList","@id":"https:\/\/cortomaltese.com\/fr\/corto-maltese-un-viaggio-straordinario\/#breadcrumb","itemListElement":[{"@type":"ListItem","position":1,"name":"Accueil","item":"https:\/\/cortomaltese.com\/fr\/"},{"@type":"ListItem","position":2,"name":"Corto Maltese &#8211; Un viaggio straordinario"}]},{"@type":"WebSite","@id":"https:\/\/cortomaltese.com\/fr\/#website","url":"https:\/\/cortomaltese.com\/fr\/","name":"cortomaltese fran\u00e7ais","description":"Il sito ufficiale","potentialAction":[{"@type":"SearchAction","target":{"@type":"EntryPoint","urlTemplate":"https:\/\/cortomaltese.com\/fr\/?s={search_term_string}"},"query-input":{"@type":"PropertyValueSpecification","valueRequired":true,"valueName":"search_term_string"}}],"inLanguage":"fr-FR"},{"@type":"Person","@id":"https:\/\/cortomaltese.com\/fr\/#\/schema\/person\/5204dd292c3d1105df4b66cc0749217e","name":"Corto Maltese","image":{"@type":"ImageObject","inLanguage":"fr-FR","@id":"https:\/\/cortomaltese.com\/fr\/#\/schema\/person\/image\/","url":"https:\/\/secure.gravatar.com\/avatar\/2ad4be5824b38545bbca3ce52ffd9add?s=96&d=mm&r=g","contentUrl":"https:\/\/secure.gravatar.com\/avatar\/2ad4be5824b38545bbca3ce52ffd9add?s=96&d=mm&r=g","caption":"Corto Maltese"},"url":"https:\/\/cortomaltese.com\/fr\/author\/cortomaltese\/"}]}},"_links":{"self":[{"href":"https:\/\/cortomaltese.com\/fr\/wp-json\/wp\/v2\/posts\/14498","targetHints":{"allow":["GET"]}}],"collection":[{"href":"https:\/\/cortomaltese.com\/fr\/wp-json\/wp\/v2\/posts"}],"about":[{"href":"https:\/\/cortomaltese.com\/fr\/wp-json\/wp\/v2\/types\/post"}],"author":[{"embeddable":true,"href":"https:\/\/cortomaltese.com\/fr\/wp-json\/wp\/v2\/users\/1"}],"replies":[{"embeddable":true,"href":"https:\/\/cortomaltese.com\/fr\/wp-json\/wp\/v2\/comments?post=14498"}],"version-history":[{"count":0,"href":"https:\/\/cortomaltese.com\/fr\/wp-json\/wp\/v2\/posts\/14498\/revisions"}],"wp:featuredmedia":[{"embeddable":true,"href":"https:\/\/cortomaltese.com\/fr\/wp-json\/wp\/v2\/media\/14499"}],"wp:attachment":[{"href":"https:\/\/cortomaltese.com\/fr\/wp-json\/wp\/v2\/media?parent=14498"}],"wp:term":[{"taxonomy":"category","embeddable":true,"href":"https:\/\/cortomaltese.com\/fr\/wp-json\/wp\/v2\/categories?post=14498"},{"taxonomy":"post_tag","embeddable":true,"href":"https:\/\/cortomaltese.com\/fr\/wp-json\/wp\/v2\/tags?post=14498"}],"curies":[{"name":"wp","href":"https:\/\/api.w.org\/{rel}","templated":true}]}}