{"id":14302,"date":"2018-07-09T10:55:26","date_gmt":"2018-07-09T08:55:26","guid":{"rendered":"https:\/\/cortomaltese.com\/fr\/?p=14302"},"modified":"2018-09-06T16:12:02","modified_gmt":"2018-09-06T14:12:02","slug":"une-veritable-immersion-dans-le-monde-de-hugo-pratt","status":"publish","type":"post","link":"https:\/\/cortomaltese.com\/fr\/une-veritable-immersion-dans-le-monde-de-hugo-pratt\/","title":{"rendered":"Une v\u00e9ritable immersion dans le monde de Hugo Pratt"},"content":{"rendered":"<p><div class=\"fusion-fullwidth fullwidth-box fusion-builder-row-1 nonhundred-percent-fullwidth non-hundred-percent-height-scrolling\" style=\"--awb-border-radius-top-left:0px;--awb-border-radius-top-right:0px;--awb-border-radius-bottom-right:0px;--awb-border-radius-bottom-left:0px;--awb-padding-top:20px;--awb-padding-bottom:20px;--awb-flex-wrap:wrap;\" ><div class=\"fusion-builder-row fusion-row\"><div class=\"fusion-layout-column fusion_builder_column fusion-builder-column-0 fusion_builder_column_1_1 1_1 fusion-one-full fusion-column-first fusion-column-last\" style=\"--awb-bg-size:cover;\"><div class=\"fusion-column-wrapper fusion-flex-column-wrapper-legacy\"><div class=\"fusion-column-content-centered\"><div class=\"fusion-column-content\"><div class=\"fusion-text fusion-text-1\"><h1>Une v\u00e9ritable immersion dans le monde de Hugo Pratt<\/h1>\n<h2><strong>Une Invitation au Voyage Litt\u00e9raire et Dessin\u00e9<\/strong><\/h2>\n<div class=\"fusion-sep-clear\"><\/div><div class=\"fusion-separator fusion-clearfix\" style=\"float:left;margin-top:40px;margin-bottom:40px;width:100%;max-width:40%;\"><div class=\"fusion-separator-border sep-single sep-solid\" style=\"--awb-height:20px;--awb-amount:20px;--awb-sep-color:#e00000;border-color:#e00000;border-top-width:4px;\"><\/div><\/div><div class=\"fusion-sep-clear\"><\/div>\n<h2><strong>Plongez dans l\u2019univers d\u2019Hugo Pratt, cet artiste qui a marqu\u00e9 durablement le paysage de la bande dessin\u00e9e en donnant naissance \u00e0 Corto Maltese, le marin romantique ; incarnation parfaite de l\u2019anti h\u00e9ros.<\/strong><\/h2>\n<\/div><div class=\"fusion-text fusion-text-2\"><h2><strong><span style=\"color: #e00000;\">Mus\u00e9e des Confluences &#8211; Lyon<br \/>\nDu 7 avril 2018 au 24 mars 2019<\/span><\/strong><\/h2>\n<\/div><div class=\"fusion-text fusion-text-3\"><h2><a href=\"http:\/\/www.expositionpratt.fr\/\" target=\"_blank\" rel=\"noopener\">www.expositionpratt.fr<\/a><\/h2>\n<\/div><\/div><\/div><div class=\"fusion-clearfix\"><\/div><\/div><\/div><\/div><\/div><div class=\"fusion-fullwidth fullwidth-box fusion-builder-row-2 nonhundred-percent-fullwidth non-hundred-percent-height-scrolling\" style=\"--awb-border-radius-top-left:0px;--awb-border-radius-top-right:0px;--awb-border-radius-bottom-right:0px;--awb-border-radius-bottom-left:0px;--awb-padding-top:0px;--awb-padding-bottom:0px;--awb-margin-top:0px;--awb-flex-wrap:wrap;\" ><div class=\"fusion-builder-row fusion-row\"><div class=\"fusion-layout-column fusion_builder_column fusion-builder-column-1 fusion_builder_column_1_1 1_1 fusion-one-full fusion-column-first fusion-column-last\" style=\"--awb-bg-size:cover;\"><div class=\"fusion-column-wrapper fusion-flex-column-wrapper-legacy\"><div class=\"fusion-image-element fusion-image-align-center in-legacy-container\" style=\"text-align:center;--awb-caption-title-font-family:var(--h2_typography-font-family);--awb-caption-title-font-weight:var(--h2_typography-font-weight);--awb-caption-title-font-style:var(--h2_typography-font-style);--awb-caption-title-size:var(--h2_typography-font-size);--awb-caption-title-transform:var(--h2_typography-text-transform);--awb-caption-title-line-height:var(--h2_typography-line-height);--awb-caption-title-letter-spacing:var(--h2_typography-letter-spacing);\"><div class=\"imageframe-align-center\"><span class=\" fusion-imageframe imageframe-none imageframe-1 hover-type-none\"><a href=\"https:\/\/cortomaltese.com\/fr\/wp-content\/uploads\/sites\/3\/cortomaltese_Lignes-Horizons-catalogo-1280x548.jpg\" class=\"fusion-lightbox\" data-rel=\"iLightbox[181d17de217f3c7784d]\" data-title=\"Hugo Pratt Lignes d\u2019horizons\" title=\"Hugo Pratt Lignes d\u2019horizons\"><img decoding=\"async\" width=\"1599\" height=\"685\" alt=\"Hugo Pratt Lignes d\u2019horizons\" src=\"https:\/\/cortomaltese.com\/fr\/wp-content\/uploads\/sites\/3\/cortomaltese_Lignes-Horizons-catalogo.jpg\" class=\"img-responsive wp-image-14232\" srcset=\"https:\/\/cortomaltese.com\/fr\/wp-content\/uploads\/sites\/3\/cortomaltese_Lignes-Horizons-catalogo-200x86.jpg 200w, https:\/\/cortomaltese.com\/fr\/wp-content\/uploads\/sites\/3\/cortomaltese_Lignes-Horizons-catalogo-400x171.jpg 400w, https:\/\/cortomaltese.com\/fr\/wp-content\/uploads\/sites\/3\/cortomaltese_Lignes-Horizons-catalogo-600x257.jpg 600w, https:\/\/cortomaltese.com\/fr\/wp-content\/uploads\/sites\/3\/cortomaltese_Lignes-Horizons-catalogo-800x343.jpg 800w, https:\/\/cortomaltese.com\/fr\/wp-content\/uploads\/sites\/3\/cortomaltese_Lignes-Horizons-catalogo-1200x514.jpg 1200w, https:\/\/cortomaltese.com\/fr\/wp-content\/uploads\/sites\/3\/cortomaltese_Lignes-Horizons-catalogo.jpg 1599w\" sizes=\"(max-width: 800px) 100vw, 1200px\" \/><\/a><\/span><\/div><\/div><div class=\"fusion-clearfix\"><\/div><\/div><\/div><div class=\"fusion-layout-column fusion_builder_column fusion-builder-column-2 fusion_builder_column_1_1 1_1 fusion-one-full fusion-column-first fusion-column-last\" style=\"--awb-padding-top:40px;--awb-bg-size:cover;\"><div class=\"fusion-column-wrapper fusion-flex-column-wrapper-legacy\"><div class=\"fusion-text fusion-text-4\"><h2><strong>Le catalogue de l\u2019exposition<\/strong><\/h2>\n<div class=\"fusion-sep-clear\"><\/div><div class=\"fusion-separator fusion-clearfix\" style=\"float:left;margin-top:40px;margin-bottom:40px;width:100%;max-width:40%;\"><div class=\"fusion-separator-border sep-single sep-solid\" style=\"--awb-height:20px;--awb-amount:20px;--awb-sep-color:#e00000;border-color:#e00000;border-top-width:4px;\"><\/div><\/div><div class=\"fusion-sep-clear\"><\/div>\n<\/div><div class=\"fusion-text fusion-text-5\"><h3>Publi\u00e9 par la R\u00e9union des Mus\u00e9es Nationaux (RMN) en co\u00e9dition avec <a href=\"http:\/\/www.cong-pratt.com\/fr\/\" target=\"_blank\" rel=\"noopener\">Cong<\/a>, l&#8217;ensemble de ce catalogue, tr\u00e8s immersif, offre une travers\u00e9e de l\u2019\u0153uvre de l\u2019artiste gr\u00e2ce \u00e0 de tr\u00e8s nombreuses planches originales, voire in\u00e9dites, des archives, des photographies, notamment du c\u00e9l\u00e8bre photographe suisse Marco D\u2019Anna qui a parcouru les lieux de Corto Maltese avec l\u2019\u00e9crivain Marco Steiner.<\/h3>\n<h3>Sous la direction de Patrizia Zanotti et Michel Pierre.<\/h3>\n<\/div><div class=\"fusion-clearfix\"><\/div><\/div><\/div><\/div><\/div><div class=\"fusion-fullwidth fullwidth-box fusion-builder-row-3 nonhundred-percent-fullwidth non-hundred-percent-height-scrolling\" style=\"--awb-border-radius-top-left:0px;--awb-border-radius-top-right:0px;--awb-border-radius-bottom-right:0px;--awb-border-radius-bottom-left:0px;--awb-padding-top:20px;--awb-padding-bottom:20px;--awb-flex-wrap:wrap;\" ><div class=\"fusion-builder-row fusion-row\"><div class=\"fusion-layout-column fusion_builder_column fusion-builder-column-3 fusion_builder_column_1_1 1_1 fusion-one-full fusion-column-first fusion-column-last\" style=\"--awb-bg-size:cover;\"><div class=\"fusion-column-wrapper fusion-flex-column-wrapper-legacy\"><div class=\"fusion-text fusion-text-6\"><h2><strong><span style=\"color: #e00000;\">A para\u00eetre le 4 Avril 2018<\/span><\/strong><\/h2>\n<\/div><div class=\"fusion-text fusion-text-7\"><p><strong>Les \u00e9ditions Rmn-Grand Palais <\/strong><br \/>\nLangue: Fran\u00e7ais<br \/>\nFormat: Reli\u00e9<br \/>\nDimensions: 23,3 \u00d7 25,7 \u00d7 2,4 cm<br \/>\n240 pages \u00e0 couleur<br \/>\n\u20ac\u00a039,90<\/p>\n<p>EAN 9782711871025<\/p>\n<\/div><div class=\"fusion-clearfix\"><\/div><\/div><\/div><\/div><\/div><\/p>\n","protected":false},"excerpt":{"rendered":"<p>Une v\u00e9ritable immersion dans le monde d&#8217;Hugo Pratt. Une invitation \u00e0 un voyage litt\u00e9raire et visuel. <br \/><strong>Mus\u00e9e des Confluences, Lyon. <br \/>Du 7 avril 2018 au 24 mars 2019<\/strong>.<\/p>\n","protected":false},"author":1,"featured_media":14232,"comment_status":"closed","ping_status":"open","sticky":false,"template":"","format":"standard","meta":{"footnotes":""},"categories":[7],"tags":[],"class_list":["post-14302","post","type-post","status-publish","format-standard","has-post-thumbnail","hentry","category-nouveautes"],"yoast_head":"<!-- This site is optimized with the Yoast SEO plugin v26.5 - https:\/\/yoast.com\/wordpress\/plugins\/seo\/ -->\n<title>Une v\u00e9ritable immersion dans le monde de Hugo Pratt - cortomaltese fran\u00e7ais<\/title>\n<meta name=\"robots\" content=\"index, follow, max-snippet:-1, max-image-preview:large, max-video-preview:-1\" \/>\n<link rel=\"canonical\" href=\"https:\/\/cortomaltese.com\/fr\/une-veritable-immersion-dans-le-monde-de-hugo-pratt\/\" \/>\n<meta property=\"og:locale\" content=\"fr_FR\" \/>\n<meta property=\"og:type\" content=\"article\" \/>\n<meta property=\"og:title\" content=\"Une v\u00e9ritable immersion dans le monde de Hugo Pratt - cortomaltese fran\u00e7ais\" \/>\n<meta property=\"og:description\" content=\"Une v\u00e9ritable immersion dans le monde d&#039;Hugo Pratt. Une invitation \u00e0 un voyage litt\u00e9raire et visuel. Mus\u00e9e des Confluences, Lyon. Du 7 avril 2018 au 24 mars 2019.\" \/>\n<meta property=\"og:url\" content=\"https:\/\/cortomaltese.com\/fr\/une-veritable-immersion-dans-le-monde-de-hugo-pratt\/\" \/>\n<meta property=\"og:site_name\" content=\"cortomaltese fran\u00e7ais\" \/>\n<meta property=\"article:published_time\" content=\"2018-07-09T08:55:26+00:00\" \/>\n<meta property=\"article:modified_time\" content=\"2018-09-06T14:12:02+00:00\" \/>\n<meta property=\"og:image\" content=\"https:\/\/cortomaltese.com\/fr\/wp-content\/uploads\/sites\/3\/cortomaltese_Lignes-Horizons-catalogo.jpg\" \/>\n\t<meta property=\"og:image:width\" content=\"1599\" \/>\n\t<meta property=\"og:image:height\" content=\"685\" \/>\n\t<meta property=\"og:image:type\" content=\"image\/jpeg\" \/>\n<meta name=\"author\" content=\"Corto Maltese\" \/>\n<meta name=\"twitter:card\" content=\"summary_large_image\" \/>\n<meta name=\"twitter:label1\" content=\"\u00c9crit par\" \/>\n\t<meta name=\"twitter:data1\" content=\"Corto Maltese\" \/>\n\t<meta name=\"twitter:label2\" content=\"Dur\u00e9e de lecture estim\u00e9e\" \/>\n\t<meta name=\"twitter:data2\" content=\"4 minutes\" \/>\n<script type=\"application\/ld+json\" class=\"yoast-schema-graph\">{\"@context\":\"https:\/\/schema.org\",\"@graph\":[{\"@type\":\"WebPage\",\"@id\":\"https:\/\/cortomaltese.com\/fr\/une-veritable-immersion-dans-le-monde-de-hugo-pratt\/\",\"url\":\"https:\/\/cortomaltese.com\/fr\/une-veritable-immersion-dans-le-monde-de-hugo-pratt\/\",\"name\":\"Une v\u00e9ritable immersion dans le monde de Hugo Pratt - cortomaltese fran\u00e7ais\",\"isPartOf\":{\"@id\":\"https:\/\/cortomaltese.com\/fr\/#website\"},\"primaryImageOfPage\":{\"@id\":\"https:\/\/cortomaltese.com\/fr\/une-veritable-immersion-dans-le-monde-de-hugo-pratt\/#primaryimage\"},\"image\":{\"@id\":\"https:\/\/cortomaltese.com\/fr\/une-veritable-immersion-dans-le-monde-de-hugo-pratt\/#primaryimage\"},\"thumbnailUrl\":\"https:\/\/cortomaltese.com\/fr\/wp-content\/uploads\/sites\/3\/cortomaltese_Lignes-Horizons-catalogo.jpg\",\"datePublished\":\"2018-07-09T08:55:26+00:00\",\"dateModified\":\"2018-09-06T14:12:02+00:00\",\"author\":{\"@id\":\"https:\/\/cortomaltese.com\/fr\/#\/schema\/person\/5204dd292c3d1105df4b66cc0749217e\"},\"breadcrumb\":{\"@id\":\"https:\/\/cortomaltese.com\/fr\/une-veritable-immersion-dans-le-monde-de-hugo-pratt\/#breadcrumb\"},\"inLanguage\":\"fr-FR\",\"potentialAction\":[{\"@type\":\"ReadAction\",\"target\":[\"https:\/\/cortomaltese.com\/fr\/une-veritable-immersion-dans-le-monde-de-hugo-pratt\/\"]}]},{\"@type\":\"ImageObject\",\"inLanguage\":\"fr-FR\",\"@id\":\"https:\/\/cortomaltese.com\/fr\/une-veritable-immersion-dans-le-monde-de-hugo-pratt\/#primaryimage\",\"url\":\"https:\/\/cortomaltese.com\/fr\/wp-content\/uploads\/sites\/3\/cortomaltese_Lignes-Horizons-catalogo.jpg\",\"contentUrl\":\"https:\/\/cortomaltese.com\/fr\/wp-content\/uploads\/sites\/3\/cortomaltese_Lignes-Horizons-catalogo.jpg\",\"width\":1599,\"height\":685,\"caption\":\"Hugo Pratt Lignes d\u2019horizons\"},{\"@type\":\"BreadcrumbList\",\"@id\":\"https:\/\/cortomaltese.com\/fr\/une-veritable-immersion-dans-le-monde-de-hugo-pratt\/#breadcrumb\",\"itemListElement\":[{\"@type\":\"ListItem\",\"position\":1,\"name\":\"Accueil\",\"item\":\"https:\/\/cortomaltese.com\/fr\/\"},{\"@type\":\"ListItem\",\"position\":2,\"name\":\"Une v\u00e9ritable immersion dans le monde de Hugo Pratt\"}]},{\"@type\":\"WebSite\",\"@id\":\"https:\/\/cortomaltese.com\/fr\/#website\",\"url\":\"https:\/\/cortomaltese.com\/fr\/\",\"name\":\"cortomaltese fran\u00e7ais\",\"description\":\"Il sito ufficiale\",\"potentialAction\":[{\"@type\":\"SearchAction\",\"target\":{\"@type\":\"EntryPoint\",\"urlTemplate\":\"https:\/\/cortomaltese.com\/fr\/?s={search_term_string}\"},\"query-input\":{\"@type\":\"PropertyValueSpecification\",\"valueRequired\":true,\"valueName\":\"search_term_string\"}}],\"inLanguage\":\"fr-FR\"},{\"@type\":\"Person\",\"@id\":\"https:\/\/cortomaltese.com\/fr\/#\/schema\/person\/5204dd292c3d1105df4b66cc0749217e\",\"name\":\"Corto Maltese\",\"image\":{\"@type\":\"ImageObject\",\"inLanguage\":\"fr-FR\",\"@id\":\"https:\/\/cortomaltese.com\/fr\/#\/schema\/person\/image\/\",\"url\":\"https:\/\/secure.gravatar.com\/avatar\/2ad4be5824b38545bbca3ce52ffd9add?s=96&d=mm&r=g\",\"contentUrl\":\"https:\/\/secure.gravatar.com\/avatar\/2ad4be5824b38545bbca3ce52ffd9add?s=96&d=mm&r=g\",\"caption\":\"Corto Maltese\"},\"url\":\"https:\/\/cortomaltese.com\/fr\/author\/cortomaltese\/\"}]}<\/script>\n<!-- \/ Yoast SEO plugin. -->","yoast_head_json":{"title":"Une v\u00e9ritable immersion dans le monde de Hugo Pratt - cortomaltese fran\u00e7ais","robots":{"index":"index","follow":"follow","max-snippet":"max-snippet:-1","max-image-preview":"max-image-preview:large","max-video-preview":"max-video-preview:-1"},"canonical":"https:\/\/cortomaltese.com\/fr\/une-veritable-immersion-dans-le-monde-de-hugo-pratt\/","og_locale":"fr_FR","og_type":"article","og_title":"Une v\u00e9ritable immersion dans le monde de Hugo Pratt - cortomaltese fran\u00e7ais","og_description":"Une v\u00e9ritable immersion dans le monde d'Hugo Pratt. Une invitation \u00e0 un voyage litt\u00e9raire et visuel. Mus\u00e9e des Confluences, Lyon. Du 7 avril 2018 au 24 mars 2019.","og_url":"https:\/\/cortomaltese.com\/fr\/une-veritable-immersion-dans-le-monde-de-hugo-pratt\/","og_site_name":"cortomaltese fran\u00e7ais","article_published_time":"2018-07-09T08:55:26+00:00","article_modified_time":"2018-09-06T14:12:02+00:00","og_image":[{"width":1599,"height":685,"url":"https:\/\/cortomaltese.com\/fr\/wp-content\/uploads\/sites\/3\/cortomaltese_Lignes-Horizons-catalogo.jpg","type":"image\/jpeg"}],"author":"Corto Maltese","twitter_card":"summary_large_image","twitter_misc":{"\u00c9crit par":"Corto Maltese","Dur\u00e9e de lecture estim\u00e9e":"4 minutes"},"schema":{"@context":"https:\/\/schema.org","@graph":[{"@type":"WebPage","@id":"https:\/\/cortomaltese.com\/fr\/une-veritable-immersion-dans-le-monde-de-hugo-pratt\/","url":"https:\/\/cortomaltese.com\/fr\/une-veritable-immersion-dans-le-monde-de-hugo-pratt\/","name":"Une v\u00e9ritable immersion dans le monde de Hugo Pratt - cortomaltese fran\u00e7ais","isPartOf":{"@id":"https:\/\/cortomaltese.com\/fr\/#website"},"primaryImageOfPage":{"@id":"https:\/\/cortomaltese.com\/fr\/une-veritable-immersion-dans-le-monde-de-hugo-pratt\/#primaryimage"},"image":{"@id":"https:\/\/cortomaltese.com\/fr\/une-veritable-immersion-dans-le-monde-de-hugo-pratt\/#primaryimage"},"thumbnailUrl":"https:\/\/cortomaltese.com\/fr\/wp-content\/uploads\/sites\/3\/cortomaltese_Lignes-Horizons-catalogo.jpg","datePublished":"2018-07-09T08:55:26+00:00","dateModified":"2018-09-06T14:12:02+00:00","author":{"@id":"https:\/\/cortomaltese.com\/fr\/#\/schema\/person\/5204dd292c3d1105df4b66cc0749217e"},"breadcrumb":{"@id":"https:\/\/cortomaltese.com\/fr\/une-veritable-immersion-dans-le-monde-de-hugo-pratt\/#breadcrumb"},"inLanguage":"fr-FR","potentialAction":[{"@type":"ReadAction","target":["https:\/\/cortomaltese.com\/fr\/une-veritable-immersion-dans-le-monde-de-hugo-pratt\/"]}]},{"@type":"ImageObject","inLanguage":"fr-FR","@id":"https:\/\/cortomaltese.com\/fr\/une-veritable-immersion-dans-le-monde-de-hugo-pratt\/#primaryimage","url":"https:\/\/cortomaltese.com\/fr\/wp-content\/uploads\/sites\/3\/cortomaltese_Lignes-Horizons-catalogo.jpg","contentUrl":"https:\/\/cortomaltese.com\/fr\/wp-content\/uploads\/sites\/3\/cortomaltese_Lignes-Horizons-catalogo.jpg","width":1599,"height":685,"caption":"Hugo Pratt Lignes d\u2019horizons"},{"@type":"BreadcrumbList","@id":"https:\/\/cortomaltese.com\/fr\/une-veritable-immersion-dans-le-monde-de-hugo-pratt\/#breadcrumb","itemListElement":[{"@type":"ListItem","position":1,"name":"Accueil","item":"https:\/\/cortomaltese.com\/fr\/"},{"@type":"ListItem","position":2,"name":"Une v\u00e9ritable immersion dans le monde de Hugo Pratt"}]},{"@type":"WebSite","@id":"https:\/\/cortomaltese.com\/fr\/#website","url":"https:\/\/cortomaltese.com\/fr\/","name":"cortomaltese fran\u00e7ais","description":"Il sito ufficiale","potentialAction":[{"@type":"SearchAction","target":{"@type":"EntryPoint","urlTemplate":"https:\/\/cortomaltese.com\/fr\/?s={search_term_string}"},"query-input":{"@type":"PropertyValueSpecification","valueRequired":true,"valueName":"search_term_string"}}],"inLanguage":"fr-FR"},{"@type":"Person","@id":"https:\/\/cortomaltese.com\/fr\/#\/schema\/person\/5204dd292c3d1105df4b66cc0749217e","name":"Corto Maltese","image":{"@type":"ImageObject","inLanguage":"fr-FR","@id":"https:\/\/cortomaltese.com\/fr\/#\/schema\/person\/image\/","url":"https:\/\/secure.gravatar.com\/avatar\/2ad4be5824b38545bbca3ce52ffd9add?s=96&d=mm&r=g","contentUrl":"https:\/\/secure.gravatar.com\/avatar\/2ad4be5824b38545bbca3ce52ffd9add?s=96&d=mm&r=g","caption":"Corto Maltese"},"url":"https:\/\/cortomaltese.com\/fr\/author\/cortomaltese\/"}]}},"_links":{"self":[{"href":"https:\/\/cortomaltese.com\/fr\/wp-json\/wp\/v2\/posts\/14302","targetHints":{"allow":["GET"]}}],"collection":[{"href":"https:\/\/cortomaltese.com\/fr\/wp-json\/wp\/v2\/posts"}],"about":[{"href":"https:\/\/cortomaltese.com\/fr\/wp-json\/wp\/v2\/types\/post"}],"author":[{"embeddable":true,"href":"https:\/\/cortomaltese.com\/fr\/wp-json\/wp\/v2\/users\/1"}],"replies":[{"embeddable":true,"href":"https:\/\/cortomaltese.com\/fr\/wp-json\/wp\/v2\/comments?post=14302"}],"version-history":[{"count":0,"href":"https:\/\/cortomaltese.com\/fr\/wp-json\/wp\/v2\/posts\/14302\/revisions"}],"wp:featuredmedia":[{"embeddable":true,"href":"https:\/\/cortomaltese.com\/fr\/wp-json\/wp\/v2\/media\/14232"}],"wp:attachment":[{"href":"https:\/\/cortomaltese.com\/fr\/wp-json\/wp\/v2\/media?parent=14302"}],"wp:term":[{"taxonomy":"category","embeddable":true,"href":"https:\/\/cortomaltese.com\/fr\/wp-json\/wp\/v2\/categories?post=14302"},{"taxonomy":"post_tag","embeddable":true,"href":"https:\/\/cortomaltese.com\/fr\/wp-json\/wp\/v2\/tags?post=14302"}],"curies":[{"name":"wp","href":"https:\/\/api.w.org\/{rel}","templated":true}]}}