{"id":14290,"date":"2018-06-21T18:45:30","date_gmt":"2018-06-21T16:45:30","guid":{"rendered":"https:\/\/cortomaltese.com\/fr\/?p=14290"},"modified":"2018-07-02T13:09:30","modified_gmt":"2018-07-02T11:09:30","slug":"hugo-pratt-fondazione-cominelli","status":"publish","type":"post","link":"https:\/\/cortomaltese.com\/fr\/hugo-pratt-fondazione-cominelli\/","title":{"rendered":"Hugo Pratt \u2013 Fondazione Cominelli"},"content":{"rendered":"<p><div class=\"fusion-fullwidth fullwidth-box fusion-builder-row-1 nonhundred-percent-fullwidth non-hundred-percent-height-scrolling\" style=\"--awb-border-radius-top-left:0px;--awb-border-radius-top-right:0px;--awb-border-radius-bottom-right:0px;--awb-border-radius-bottom-left:0px;--awb-padding-top:20px;--awb-padding-bottom:20px;--awb-flex-wrap:wrap;\" ><div class=\"fusion-builder-row fusion-row\"><div class=\"fusion-layout-column fusion_builder_column fusion-builder-column-0 fusion_builder_column_1_1 1_1 fusion-one-full fusion-column-first fusion-column-last\" style=\"--awb-bg-size:cover;\"><div class=\"fusion-column-wrapper fusion-flex-column-wrapper-legacy\"><div class=\"fusion-text fusion-text-1\"><h1>HUGO PRATT<br \/>\n<span style=\"color: #e00000;\">19 tavole, una storia, esposte alla Fondazione Cominelli\u00a0<\/span><\/h1>\n<h2>Dal 24 Giugno al 19 Agosto 2018 a Cisano di San Felice del Benaco (BS)<\/h2>\n<div class=\"fusion-sep-clear\"><\/div><div class=\"fusion-separator fusion-clearfix\" style=\"float:left;margin-top:40px;margin-bottom:40px;width:100%;max-width:40%;\"><div class=\"fusion-separator-border sep-single sep-solid\" style=\"--awb-height:20px;--awb-amount:20px;--awb-sep-color:#e00000;border-color:#e00000;border-top-width:4px;\"><\/div><\/div><div class=\"fusion-sep-clear\"><\/div>\n<\/div><div class=\"fusion-text fusion-text-2\"><h3><strong> Tavole create alla fine degli anni \u201960 per la presentazione di un progetto televisivo su testi di Alberto Ongaro e Nino Vascon mai realizzato. <\/strong><\/h3>\n<\/div><div class=\"fusion-clearfix\"><\/div><\/div><\/div><div class=\"fusion-layout-column fusion_builder_column fusion-builder-column-1 fusion_builder_column_1_1 1_1 fusion-one-full fusion-column-first fusion-column-last\" style=\"--awb-bg-size:cover;\"><div class=\"fusion-column-wrapper fusion-flex-column-wrapper-legacy\"><div class=\"fusion-column-content-centered\"><div class=\"fusion-column-content\"><div class=\"fusion-image-element in-legacy-container\" style=\"--awb-caption-title-font-family:var(--h2_typography-font-family);--awb-caption-title-font-weight:var(--h2_typography-font-weight);--awb-caption-title-font-style:var(--h2_typography-font-style);--awb-caption-title-size:var(--h2_typography-font-size);--awb-caption-title-transform:var(--h2_typography-text-transform);--awb-caption-title-line-height:var(--h2_typography-line-height);--awb-caption-title-letter-spacing:var(--h2_typography-letter-spacing);\"><span class=\" fusion-imageframe imageframe-none imageframe-1 hover-type-none\"><a href=\"https:\/\/cortomaltese.com\/fr\/wp-content\/uploads\/sites\/3\/Hugo_Pratt-mostra-2018-Palazzo_Cominelli.jpg\" class=\"fusion-lightbox\" data-rel=\"iLightbox[c0f9e21cadc0ae37598]\" data-title=\"Hugo Pratt \u2013 Fondazione Cominelli 2018\" title=\"Hugo Pratt \u2013 Fondazione Cominelli 2018\"><img decoding=\"async\" width=\"700\" height=\"1000\" alt=\"Hugo Pratt - Fondazione Cominelli 2018\" src=\"https:\/\/cortomaltese.com\/fr\/wp-content\/uploads\/sites\/3\/Hugo_Pratt-mostra-2018-Palazzo_Cominelli.jpg\" class=\"img-responsive wp-image-14291\" srcset=\"https:\/\/cortomaltese.com\/fr\/wp-content\/uploads\/sites\/3\/Hugo_Pratt-mostra-2018-Palazzo_Cominelli-200x286.jpg 200w, https:\/\/cortomaltese.com\/fr\/wp-content\/uploads\/sites\/3\/Hugo_Pratt-mostra-2018-Palazzo_Cominelli-400x571.jpg 400w, https:\/\/cortomaltese.com\/fr\/wp-content\/uploads\/sites\/3\/Hugo_Pratt-mostra-2018-Palazzo_Cominelli-600x857.jpg 600w, https:\/\/cortomaltese.com\/fr\/wp-content\/uploads\/sites\/3\/Hugo_Pratt-mostra-2018-Palazzo_Cominelli.jpg 700w\" sizes=\"(max-width: 800px) 100vw, 700px\" \/><\/a><\/span><\/div><\/div><\/div><div class=\"fusion-clearfix\"><\/div><\/div><\/div><\/div><\/div><div class=\"fusion-fullwidth fullwidth-box fusion-builder-row-2 nonhundred-percent-fullwidth non-hundred-percent-height-scrolling\" style=\"--awb-border-radius-top-left:0px;--awb-border-radius-top-right:0px;--awb-border-radius-bottom-right:0px;--awb-border-radius-bottom-left:0px;--awb-flex-wrap:wrap;\" ><div class=\"fusion-builder-row fusion-row\"><div class=\"fusion-layout-column fusion_builder_column fusion-builder-column-2 fusion_builder_column_1_1 1_1 fusion-one-full fusion-column-first fusion-column-last\" style=\"--awb-bg-size:cover;\"><div class=\"fusion-column-wrapper fusion-flex-column-wrapper-legacy\"><div class=\"awb-gallery-wrapper awb-gallery-wrapper-1 button-span-no\"><div style=\"margin:-5px;--awb-bordersize:0px;\" class=\"fusion-gallery fusion-gallery-container fusion-grid-2 fusion-columns-total-4 fusion-gallery-layout-grid fusion-gallery-1\"><div style=\"padding:5px;\" class=\"fusion-grid-column fusion-gallery-column fusion-gallery-column-2 hover-type-none\"><div class=\"fusion-gallery-image\"><a href=\"https:\/\/cortomaltese.com\/fr\/wp-content\/uploads\/sites\/3\/012_FotoCominelli_2018_2706-e1530529711895.jpg\" rel=\"noreferrer\" data-rel=\"iLightbox[gallery_image_1]\" class=\"fusion-lightbox\" target=\"_self\"><img decoding=\"async\" src=\"https:\/\/cortomaltese.com\/fr\/wp-content\/uploads\/sites\/3\/012_FotoCominelli_2018_2706-e1530529711895.jpg\" width=\"1200\" height=\"870\" alt=\"Hugo Pratt \u2013 Fondazione Cominelli\" title=\"Hugo Pratt \u2013 Fondazione Cominelli\" aria-label=\"Hugo Pratt \u2013 Fondazione Cominelli\" class=\"img-responsive wp-image-14299\" srcset=\"https:\/\/cortomaltese.com\/fr\/wp-content\/uploads\/sites\/3\/012_FotoCominelli_2018_2706-e1530529711895-200x145.jpg 200w, https:\/\/cortomaltese.com\/fr\/wp-content\/uploads\/sites\/3\/012_FotoCominelli_2018_2706-e1530529711895-400x290.jpg 400w, https:\/\/cortomaltese.com\/fr\/wp-content\/uploads\/sites\/3\/012_FotoCominelli_2018_2706-e1530529711895-600x435.jpg 600w, https:\/\/cortomaltese.com\/fr\/wp-content\/uploads\/sites\/3\/012_FotoCominelli_2018_2706-e1530529711895-800x580.jpg 800w, https:\/\/cortomaltese.com\/fr\/wp-content\/uploads\/sites\/3\/012_FotoCominelli_2018_2706-e1530529711895.jpg 1200w\" sizes=\"(min-width: 2200px) 100vw, (min-width: 732px) 548px, (min-width: 640px) 732px, \" \/><\/a><\/div><\/div><div style=\"padding:5px;\" class=\"fusion-grid-column fusion-gallery-column fusion-gallery-column-2 hover-type-none\"><div class=\"fusion-gallery-image\"><a href=\"https:\/\/cortomaltese.com\/fr\/wp-content\/uploads\/sites\/3\/04_FotoCominelli_2018_2706-e1530529670673.jpg\" rel=\"noreferrer\" data-rel=\"iLightbox[gallery_image_1]\" class=\"fusion-lightbox\" target=\"_self\"><img decoding=\"async\" src=\"https:\/\/cortomaltese.com\/fr\/wp-content\/uploads\/sites\/3\/04_FotoCominelli_2018_2706-e1530529670673.jpg\" width=\"1200\" height=\"870\" alt=\"Hugo Pratt \u2013 Fondazione Cominelli\" title=\"Hugo Pratt \u2013 Fondazione Cominelli\" aria-label=\"Hugo Pratt \u2013 Fondazione Cominelli\" class=\"img-responsive wp-image-14298\" srcset=\"https:\/\/cortomaltese.com\/fr\/wp-content\/uploads\/sites\/3\/04_FotoCominelli_2018_2706-e1530529670673-200x145.jpg 200w, https:\/\/cortomaltese.com\/fr\/wp-content\/uploads\/sites\/3\/04_FotoCominelli_2018_2706-e1530529670673-400x290.jpg 400w, https:\/\/cortomaltese.com\/fr\/wp-content\/uploads\/sites\/3\/04_FotoCominelli_2018_2706-e1530529670673-600x435.jpg 600w, https:\/\/cortomaltese.com\/fr\/wp-content\/uploads\/sites\/3\/04_FotoCominelli_2018_2706-e1530529670673-800x580.jpg 800w, https:\/\/cortomaltese.com\/fr\/wp-content\/uploads\/sites\/3\/04_FotoCominelli_2018_2706-e1530529670673.jpg 1200w\" sizes=\"(min-width: 2200px) 100vw, (min-width: 732px) 548px, (min-width: 640px) 732px, \" \/><\/a><\/div><\/div><div class=\"clearfix\"><\/div><div style=\"padding:5px;\" class=\"fusion-grid-column fusion-gallery-column fusion-gallery-column-2 hover-type-none\"><div class=\"fusion-gallery-image\"><a href=\"https:\/\/cortomaltese.com\/fr\/wp-content\/uploads\/sites\/3\/03_FotoCominelli_2018_2706-e1530529640876.jpg\" rel=\"noreferrer\" data-rel=\"iLightbox[gallery_image_1]\" class=\"fusion-lightbox\" target=\"_self\"><img decoding=\"async\" src=\"https:\/\/cortomaltese.com\/fr\/wp-content\/uploads\/sites\/3\/03_FotoCominelli_2018_2706-e1530529640876.jpg\" width=\"1200\" height=\"870\" alt=\"Hugo Pratt \u2013 Fondazione Cominelli\" title=\"Hugo Pratt \u2013 Fondazione Cominelli\" aria-label=\"Hugo Pratt \u2013 Fondazione Cominelli\" class=\"img-responsive wp-image-14297\" srcset=\"https:\/\/cortomaltese.com\/fr\/wp-content\/uploads\/sites\/3\/03_FotoCominelli_2018_2706-e1530529640876-200x145.jpg 200w, https:\/\/cortomaltese.com\/fr\/wp-content\/uploads\/sites\/3\/03_FotoCominelli_2018_2706-e1530529640876-400x290.jpg 400w, https:\/\/cortomaltese.com\/fr\/wp-content\/uploads\/sites\/3\/03_FotoCominelli_2018_2706-e1530529640876-600x435.jpg 600w, https:\/\/cortomaltese.com\/fr\/wp-content\/uploads\/sites\/3\/03_FotoCominelli_2018_2706-e1530529640876-800x580.jpg 800w, https:\/\/cortomaltese.com\/fr\/wp-content\/uploads\/sites\/3\/03_FotoCominelli_2018_2706-e1530529640876.jpg 1200w\" sizes=\"(min-width: 2200px) 100vw, (min-width: 732px) 548px, (min-width: 640px) 732px, \" \/><\/a><\/div><\/div><div style=\"padding:5px;\" class=\"fusion-grid-column fusion-gallery-column fusion-gallery-column-2 hover-type-none\"><div class=\"fusion-gallery-image\"><a href=\"https:\/\/cortomaltese.com\/fr\/wp-content\/uploads\/sites\/3\/01_FotoCominelli_2018_2706-e1530529588377.jpg\" rel=\"noreferrer\" data-rel=\"iLightbox[gallery_image_1]\" class=\"fusion-lightbox\" target=\"_self\"><img decoding=\"async\" src=\"https:\/\/cortomaltese.com\/fr\/wp-content\/uploads\/sites\/3\/01_FotoCominelli_2018_2706-e1530529588377.jpg\" width=\"1200\" height=\"870\" alt=\"Hugo Pratt \u2013 Fondazione Cominelli\" title=\"Hugo Pratt \u2013 Fondazione Cominelli\" aria-label=\"Hugo Pratt \u2013 Fondazione Cominelli\" class=\"img-responsive wp-image-14296\" srcset=\"https:\/\/cortomaltese.com\/fr\/wp-content\/uploads\/sites\/3\/01_FotoCominelli_2018_2706-e1530529588377-200x145.jpg 200w, https:\/\/cortomaltese.com\/fr\/wp-content\/uploads\/sites\/3\/01_FotoCominelli_2018_2706-e1530529588377-400x290.jpg 400w, https:\/\/cortomaltese.com\/fr\/wp-content\/uploads\/sites\/3\/01_FotoCominelli_2018_2706-e1530529588377-600x435.jpg 600w, https:\/\/cortomaltese.com\/fr\/wp-content\/uploads\/sites\/3\/01_FotoCominelli_2018_2706-e1530529588377-800x580.jpg 800w, https:\/\/cortomaltese.com\/fr\/wp-content\/uploads\/sites\/3\/01_FotoCominelli_2018_2706-e1530529588377.jpg 1200w\" sizes=\"(min-width: 2200px) 100vw, (min-width: 732px) 548px, (min-width: 640px) 732px, \" \/><\/a><\/div><\/div><div class=\"clearfix\"><\/div><\/div><\/div><div class=\"fusion-clearfix\"><\/div><\/div><\/div><\/div><\/div><div class=\"fusion-fullwidth fullwidth-box fusion-builder-row-3 nonhundred-percent-fullwidth non-hundred-percent-height-scrolling\" style=\"--awb-border-radius-top-left:0px;--awb-border-radius-top-right:0px;--awb-border-radius-bottom-right:0px;--awb-border-radius-bottom-left:0px;--awb-flex-wrap:wrap;\" ><div class=\"fusion-builder-row fusion-row\"><div class=\"fusion-layout-column fusion_builder_column fusion-builder-column-3 fusion_builder_column_1_1 1_1 fusion-one-full fusion-column-first fusion-column-last\" style=\"--awb-bg-size:cover;\"><div class=\"fusion-column-wrapper fusion-flex-column-wrapper-legacy\"><div class=\"fusion-sep-clear\"><\/div><div class=\"fusion-separator fusion-clearfix\" style=\"float:left;margin-top:40px;margin-bottom:40px;width:100%;max-width:40%;\"><div class=\"fusion-separator-border sep-single sep-solid\" style=\"--awb-height:20px;--awb-amount:20px;--awb-sep-color:#e00000;border-color:#e00000;border-top-width:4px;\"><\/div><\/div><div class=\"fusion-sep-clear\"><\/div><div class=\"fusion-text fusion-text-3\"><h3><strong>Rassegna stampa<\/strong><\/h3>\n<\/div><div class=\"fusion-text fusion-text-4\"><h5><strong>14\/06\/2018 BIT CULTURALI<\/strong><br \/>\n<span style=\"color: #b80606;\">HUGO PRATT. 19 TAVOLE, UNA STORIA<\/span><br \/>\n<a href=\"https:\/\/www.bitculturali.it\/2018\/06\/mostre-eventi\/hugo-pratt-mostra-fondazione-cominelli\/\">https:\/\/www.bitculturali.it\/2018\/06\/mostre-eventi\/hugo-pratt-mostra-fondazione-cominelli\/<\/a><\/h5>\n<h5><strong>18\/06\/2018 BRESCIATODAY<\/strong><br \/>\n<span style=\"color: #b80606;\">SAN FELICE DEL BENACO: HUGO PRATT &#8220;19 TAVOLE, UNA STORIA&#8221;<\/span><br \/>\n<a href=\"http:\/\/www.bresciatoday.it\/eventi\/mostre\/hugo-pratt-san-felice.html\">http:\/\/www.bresciatoday.it\/eventi\/mostre\/hugo-pratt-san-felice.html<\/a><\/h5>\n<h5><strong>21\/06\/2018 BRESCIAOGGI<\/strong><br \/>\n<span style=\"color: #b80606;\">FANTASIA DISEGNATA<\/span><br \/>\n<a href=\"http:\/\/www.bresciaoggi.it\/home\/cultura\/fantasia-disegnata-1.6583937\">http:\/\/www.bresciaoggi.it\/home\/cultura\/fantasia-disegnata-1.6583937<\/a><\/h5>\n<h5><strong>24\/06\/2018 GIORNALE DI BRESCIA<\/strong><br \/>\n<span style=\"color: #b80606;\">HUGO PRATT\u00a0\u2013 INFINITI RACCONTI<\/span><br \/>\n<a href=\"https:\/\/agenda.giornaledibrescia.it\/agenda\/eventi\/dettaglio?record=204002\">https:\/\/agenda.giornaledibrescia.it\/agenda\/eventi\/dettaglio?record=204002<\/a><\/h5>\n<\/div><div class=\"fusion-image-element fusion-image-align-left in-legacy-container\" style=\"text-align:left;--awb-max-width:200px;--awb-caption-title-font-family:var(--h2_typography-font-family);--awb-caption-title-font-weight:var(--h2_typography-font-weight);--awb-caption-title-font-style:var(--h2_typography-font-style);--awb-caption-title-size:var(--h2_typography-font-size);--awb-caption-title-transform:var(--h2_typography-text-transform);--awb-caption-title-line-height:var(--h2_typography-line-height);--awb-caption-title-letter-spacing:var(--h2_typography-letter-spacing);\"><span class=\" fusion-imageframe imageframe-none imageframe-2 hover-type-none\" style=\"margin-right:25px;float:left;\"><a href=\"https:\/\/cortomaltese.com\/fr\/wp-content\/uploads\/sites\/3\/PressCorSera_2018_2706.jpg\" class=\"fusion-lightbox\" data-rel=\"iLightbox[e7e2db1013f7bb3334f]\" data-title=\"Hugo Pratt \u2013 Fondazione Cominelli\" title=\"Hugo Pratt \u2013 Fondazione Cominelli\"><img decoding=\"async\" width=\"655\" height=\"960\" alt=\"Hugo Pratt \u2013 Fondazione Cominelli\" src=\"https:\/\/cortomaltese.com\/fr\/wp-content\/uploads\/sites\/3\/PressCorSera_2018_2706.jpg\" class=\"img-responsive wp-image-14300\" srcset=\"https:\/\/cortomaltese.com\/fr\/wp-content\/uploads\/sites\/3\/PressCorSera_2018_2706-200x293.jpg 200w, https:\/\/cortomaltese.com\/fr\/wp-content\/uploads\/sites\/3\/PressCorSera_2018_2706-400x586.jpg 400w, https:\/\/cortomaltese.com\/fr\/wp-content\/uploads\/sites\/3\/PressCorSera_2018_2706-600x879.jpg 600w, https:\/\/cortomaltese.com\/fr\/wp-content\/uploads\/sites\/3\/PressCorSera_2018_2706.jpg 655w\" sizes=\"(max-width: 800px) 100vw, 655px\" \/><\/a><\/span><\/div><div class=\"fusion-clearfix\"><\/div><\/div><\/div><\/div><\/div><\/p>\n","protected":false},"excerpt":{"rendered":"","protected":false},"author":1,"featured_media":14291,"comment_status":"closed","ping_status":"open","sticky":false,"template":"","format":"standard","meta":{"footnotes":""},"categories":[18],"tags":[],"class_list":["post-14290","post","type-post","status-publish","format-standard","has-post-thumbnail","hentry","category-evenements"],"yoast_head":"<!-- This site is optimized with the Yoast SEO plugin v26.5 - https:\/\/yoast.com\/wordpress\/plugins\/seo\/ -->\n<title>Hugo Pratt \u2013 Fondazione Cominelli - cortomaltese fran\u00e7ais<\/title>\n<meta name=\"description\" content=\"HUGO PRATT, 19 tables, une histoire, expos\u00e9e \u00e0 la Fondation Raffaele Cominelli. Du 24 juin au 19 ao\u00fbt 2018 au Palazzo Cominelli \u00e0 Rome\" \/>\n<meta name=\"robots\" content=\"index, follow, max-snippet:-1, max-image-preview:large, max-video-preview:-1\" \/>\n<link rel=\"canonical\" href=\"https:\/\/cortomaltese.com\/fr\/hugo-pratt-fondazione-cominelli\/\" \/>\n<meta property=\"og:locale\" content=\"fr_FR\" \/>\n<meta property=\"og:type\" content=\"article\" \/>\n<meta property=\"og:title\" content=\"Hugo Pratt \u2013 Fondazione Cominelli - cortomaltese fran\u00e7ais\" \/>\n<meta property=\"og:description\" content=\"HUGO PRATT, 19 tables, une histoire, expos\u00e9e \u00e0 la Fondation Raffaele Cominelli. Du 24 juin au 19 ao\u00fbt 2018 au Palazzo Cominelli \u00e0 Rome\" \/>\n<meta property=\"og:url\" content=\"https:\/\/cortomaltese.com\/fr\/hugo-pratt-fondazione-cominelli\/\" \/>\n<meta property=\"og:site_name\" content=\"cortomaltese fran\u00e7ais\" \/>\n<meta property=\"article:published_time\" content=\"2018-06-21T16:45:30+00:00\" \/>\n<meta property=\"article:modified_time\" content=\"2018-07-02T11:09:30+00:00\" \/>\n<meta property=\"og:image\" content=\"https:\/\/cortomaltese.com\/fr\/wp-content\/uploads\/sites\/3\/Hugo_Pratt-mostra-2018-Palazzo_Cominelli.jpg\" \/>\n\t<meta property=\"og:image:width\" content=\"700\" \/>\n\t<meta property=\"og:image:height\" content=\"1000\" \/>\n\t<meta property=\"og:image:type\" content=\"image\/jpeg\" \/>\n<meta name=\"author\" content=\"Corto Maltese\" \/>\n<meta name=\"twitter:card\" content=\"summary_large_image\" \/>\n<meta name=\"twitter:label1\" content=\"\u00c9crit par\" \/>\n\t<meta name=\"twitter:data1\" content=\"Corto Maltese\" \/>\n\t<meta name=\"twitter:label2\" content=\"Dur\u00e9e de lecture estim\u00e9e\" \/>\n\t<meta name=\"twitter:data2\" content=\"5 minutes\" \/>\n<script type=\"application\/ld+json\" class=\"yoast-schema-graph\">{\"@context\":\"https:\/\/schema.org\",\"@graph\":[{\"@type\":\"WebPage\",\"@id\":\"https:\/\/cortomaltese.com\/fr\/hugo-pratt-fondazione-cominelli\/\",\"url\":\"https:\/\/cortomaltese.com\/fr\/hugo-pratt-fondazione-cominelli\/\",\"name\":\"Hugo Pratt \u2013 Fondazione Cominelli - cortomaltese fran\u00e7ais\",\"isPartOf\":{\"@id\":\"https:\/\/cortomaltese.com\/fr\/#website\"},\"primaryImageOfPage\":{\"@id\":\"https:\/\/cortomaltese.com\/fr\/hugo-pratt-fondazione-cominelli\/#primaryimage\"},\"image\":{\"@id\":\"https:\/\/cortomaltese.com\/fr\/hugo-pratt-fondazione-cominelli\/#primaryimage\"},\"thumbnailUrl\":\"https:\/\/cortomaltese.com\/fr\/wp-content\/uploads\/sites\/3\/Hugo_Pratt-mostra-2018-Palazzo_Cominelli.jpg\",\"datePublished\":\"2018-06-21T16:45:30+00:00\",\"dateModified\":\"2018-07-02T11:09:30+00:00\",\"author\":{\"@id\":\"https:\/\/cortomaltese.com\/fr\/#\/schema\/person\/5204dd292c3d1105df4b66cc0749217e\"},\"description\":\"HUGO PRATT, 19 tables, une histoire, expos\u00e9e \u00e0 la Fondation Raffaele Cominelli. Du 24 juin au 19 ao\u00fbt 2018 au Palazzo Cominelli \u00e0 Rome\",\"breadcrumb\":{\"@id\":\"https:\/\/cortomaltese.com\/fr\/hugo-pratt-fondazione-cominelli\/#breadcrumb\"},\"inLanguage\":\"fr-FR\",\"potentialAction\":[{\"@type\":\"ReadAction\",\"target\":[\"https:\/\/cortomaltese.com\/fr\/hugo-pratt-fondazione-cominelli\/\"]}]},{\"@type\":\"ImageObject\",\"inLanguage\":\"fr-FR\",\"@id\":\"https:\/\/cortomaltese.com\/fr\/hugo-pratt-fondazione-cominelli\/#primaryimage\",\"url\":\"https:\/\/cortomaltese.com\/fr\/wp-content\/uploads\/sites\/3\/Hugo_Pratt-mostra-2018-Palazzo_Cominelli.jpg\",\"contentUrl\":\"https:\/\/cortomaltese.com\/fr\/wp-content\/uploads\/sites\/3\/Hugo_Pratt-mostra-2018-Palazzo_Cominelli.jpg\",\"width\":700,\"height\":1000,\"caption\":\"Hugo Pratt \u2013 Fondazione Cominelli 2018\"},{\"@type\":\"BreadcrumbList\",\"@id\":\"https:\/\/cortomaltese.com\/fr\/hugo-pratt-fondazione-cominelli\/#breadcrumb\",\"itemListElement\":[{\"@type\":\"ListItem\",\"position\":1,\"name\":\"Accueil\",\"item\":\"https:\/\/cortomaltese.com\/fr\/\"},{\"@type\":\"ListItem\",\"position\":2,\"name\":\"Hugo Pratt \u2013 Fondazione Cominelli\"}]},{\"@type\":\"WebSite\",\"@id\":\"https:\/\/cortomaltese.com\/fr\/#website\",\"url\":\"https:\/\/cortomaltese.com\/fr\/\",\"name\":\"cortomaltese fran\u00e7ais\",\"description\":\"Il sito ufficiale\",\"potentialAction\":[{\"@type\":\"SearchAction\",\"target\":{\"@type\":\"EntryPoint\",\"urlTemplate\":\"https:\/\/cortomaltese.com\/fr\/?s={search_term_string}\"},\"query-input\":{\"@type\":\"PropertyValueSpecification\",\"valueRequired\":true,\"valueName\":\"search_term_string\"}}],\"inLanguage\":\"fr-FR\"},{\"@type\":\"Person\",\"@id\":\"https:\/\/cortomaltese.com\/fr\/#\/schema\/person\/5204dd292c3d1105df4b66cc0749217e\",\"name\":\"Corto Maltese\",\"image\":{\"@type\":\"ImageObject\",\"inLanguage\":\"fr-FR\",\"@id\":\"https:\/\/cortomaltese.com\/fr\/#\/schema\/person\/image\/\",\"url\":\"https:\/\/secure.gravatar.com\/avatar\/2ad4be5824b38545bbca3ce52ffd9add?s=96&d=mm&r=g\",\"contentUrl\":\"https:\/\/secure.gravatar.com\/avatar\/2ad4be5824b38545bbca3ce52ffd9add?s=96&d=mm&r=g\",\"caption\":\"Corto Maltese\"},\"url\":\"https:\/\/cortomaltese.com\/fr\/author\/cortomaltese\/\"}]}<\/script>\n<!-- \/ Yoast SEO plugin. -->","yoast_head_json":{"title":"Hugo Pratt \u2013 Fondazione Cominelli - cortomaltese fran\u00e7ais","description":"HUGO PRATT, 19 tables, une histoire, expos\u00e9e \u00e0 la Fondation Raffaele Cominelli. Du 24 juin au 19 ao\u00fbt 2018 au Palazzo Cominelli \u00e0 Rome","robots":{"index":"index","follow":"follow","max-snippet":"max-snippet:-1","max-image-preview":"max-image-preview:large","max-video-preview":"max-video-preview:-1"},"canonical":"https:\/\/cortomaltese.com\/fr\/hugo-pratt-fondazione-cominelli\/","og_locale":"fr_FR","og_type":"article","og_title":"Hugo Pratt \u2013 Fondazione Cominelli - cortomaltese fran\u00e7ais","og_description":"HUGO PRATT, 19 tables, une histoire, expos\u00e9e \u00e0 la Fondation Raffaele Cominelli. Du 24 juin au 19 ao\u00fbt 2018 au Palazzo Cominelli \u00e0 Rome","og_url":"https:\/\/cortomaltese.com\/fr\/hugo-pratt-fondazione-cominelli\/","og_site_name":"cortomaltese fran\u00e7ais","article_published_time":"2018-06-21T16:45:30+00:00","article_modified_time":"2018-07-02T11:09:30+00:00","og_image":[{"width":700,"height":1000,"url":"https:\/\/cortomaltese.com\/fr\/wp-content\/uploads\/sites\/3\/Hugo_Pratt-mostra-2018-Palazzo_Cominelli.jpg","type":"image\/jpeg"}],"author":"Corto Maltese","twitter_card":"summary_large_image","twitter_misc":{"\u00c9crit par":"Corto Maltese","Dur\u00e9e de lecture estim\u00e9e":"5 minutes"},"schema":{"@context":"https:\/\/schema.org","@graph":[{"@type":"WebPage","@id":"https:\/\/cortomaltese.com\/fr\/hugo-pratt-fondazione-cominelli\/","url":"https:\/\/cortomaltese.com\/fr\/hugo-pratt-fondazione-cominelli\/","name":"Hugo Pratt \u2013 Fondazione Cominelli - cortomaltese fran\u00e7ais","isPartOf":{"@id":"https:\/\/cortomaltese.com\/fr\/#website"},"primaryImageOfPage":{"@id":"https:\/\/cortomaltese.com\/fr\/hugo-pratt-fondazione-cominelli\/#primaryimage"},"image":{"@id":"https:\/\/cortomaltese.com\/fr\/hugo-pratt-fondazione-cominelli\/#primaryimage"},"thumbnailUrl":"https:\/\/cortomaltese.com\/fr\/wp-content\/uploads\/sites\/3\/Hugo_Pratt-mostra-2018-Palazzo_Cominelli.jpg","datePublished":"2018-06-21T16:45:30+00:00","dateModified":"2018-07-02T11:09:30+00:00","author":{"@id":"https:\/\/cortomaltese.com\/fr\/#\/schema\/person\/5204dd292c3d1105df4b66cc0749217e"},"description":"HUGO PRATT, 19 tables, une histoire, expos\u00e9e \u00e0 la Fondation Raffaele Cominelli. Du 24 juin au 19 ao\u00fbt 2018 au Palazzo Cominelli \u00e0 Rome","breadcrumb":{"@id":"https:\/\/cortomaltese.com\/fr\/hugo-pratt-fondazione-cominelli\/#breadcrumb"},"inLanguage":"fr-FR","potentialAction":[{"@type":"ReadAction","target":["https:\/\/cortomaltese.com\/fr\/hugo-pratt-fondazione-cominelli\/"]}]},{"@type":"ImageObject","inLanguage":"fr-FR","@id":"https:\/\/cortomaltese.com\/fr\/hugo-pratt-fondazione-cominelli\/#primaryimage","url":"https:\/\/cortomaltese.com\/fr\/wp-content\/uploads\/sites\/3\/Hugo_Pratt-mostra-2018-Palazzo_Cominelli.jpg","contentUrl":"https:\/\/cortomaltese.com\/fr\/wp-content\/uploads\/sites\/3\/Hugo_Pratt-mostra-2018-Palazzo_Cominelli.jpg","width":700,"height":1000,"caption":"Hugo Pratt \u2013 Fondazione Cominelli 2018"},{"@type":"BreadcrumbList","@id":"https:\/\/cortomaltese.com\/fr\/hugo-pratt-fondazione-cominelli\/#breadcrumb","itemListElement":[{"@type":"ListItem","position":1,"name":"Accueil","item":"https:\/\/cortomaltese.com\/fr\/"},{"@type":"ListItem","position":2,"name":"Hugo Pratt \u2013 Fondazione Cominelli"}]},{"@type":"WebSite","@id":"https:\/\/cortomaltese.com\/fr\/#website","url":"https:\/\/cortomaltese.com\/fr\/","name":"cortomaltese fran\u00e7ais","description":"Il sito ufficiale","potentialAction":[{"@type":"SearchAction","target":{"@type":"EntryPoint","urlTemplate":"https:\/\/cortomaltese.com\/fr\/?s={search_term_string}"},"query-input":{"@type":"PropertyValueSpecification","valueRequired":true,"valueName":"search_term_string"}}],"inLanguage":"fr-FR"},{"@type":"Person","@id":"https:\/\/cortomaltese.com\/fr\/#\/schema\/person\/5204dd292c3d1105df4b66cc0749217e","name":"Corto Maltese","image":{"@type":"ImageObject","inLanguage":"fr-FR","@id":"https:\/\/cortomaltese.com\/fr\/#\/schema\/person\/image\/","url":"https:\/\/secure.gravatar.com\/avatar\/2ad4be5824b38545bbca3ce52ffd9add?s=96&d=mm&r=g","contentUrl":"https:\/\/secure.gravatar.com\/avatar\/2ad4be5824b38545bbca3ce52ffd9add?s=96&d=mm&r=g","caption":"Corto Maltese"},"url":"https:\/\/cortomaltese.com\/fr\/author\/cortomaltese\/"}]}},"_links":{"self":[{"href":"https:\/\/cortomaltese.com\/fr\/wp-json\/wp\/v2\/posts\/14290","targetHints":{"allow":["GET"]}}],"collection":[{"href":"https:\/\/cortomaltese.com\/fr\/wp-json\/wp\/v2\/posts"}],"about":[{"href":"https:\/\/cortomaltese.com\/fr\/wp-json\/wp\/v2\/types\/post"}],"author":[{"embeddable":true,"href":"https:\/\/cortomaltese.com\/fr\/wp-json\/wp\/v2\/users\/1"}],"replies":[{"embeddable":true,"href":"https:\/\/cortomaltese.com\/fr\/wp-json\/wp\/v2\/comments?post=14290"}],"version-history":[{"count":0,"href":"https:\/\/cortomaltese.com\/fr\/wp-json\/wp\/v2\/posts\/14290\/revisions"}],"wp:featuredmedia":[{"embeddable":true,"href":"https:\/\/cortomaltese.com\/fr\/wp-json\/wp\/v2\/media\/14291"}],"wp:attachment":[{"href":"https:\/\/cortomaltese.com\/fr\/wp-json\/wp\/v2\/media?parent=14290"}],"wp:term":[{"taxonomy":"category","embeddable":true,"href":"https:\/\/cortomaltese.com\/fr\/wp-json\/wp\/v2\/categories?post=14290"},{"taxonomy":"post_tag","embeddable":true,"href":"https:\/\/cortomaltese.com\/fr\/wp-json\/wp\/v2\/tags?post=14290"}],"curies":[{"name":"wp","href":"https:\/\/api.w.org\/{rel}","templated":true}]}}