{"id":14282,"date":"2018-05-31T15:24:41","date_gmt":"2018-05-31T13:24:41","guid":{"rendered":"https:\/\/cortomaltese.com\/fr\/?p=14282"},"modified":"2018-06-01T09:10:24","modified_gmt":"2018-06-01T07:10:24","slug":"corto-revient-hugo-pratt-fait-la-couverture-su-magazine-telerama","status":"publish","type":"post","link":"https:\/\/cortomaltese.com\/fr\/corto-revient-hugo-pratt-fait-la-couverture-su-magazine-telerama\/","title":{"rendered":"Corto revient, Hugo Pratt fait la couverture su magazine T\u00e9l\u00e9rama"},"content":{"rendered":"<p><div class=\"fusion-fullwidth fullwidth-box fusion-builder-row-1 nonhundred-percent-fullwidth non-hundred-percent-height-scrolling\" style=\"--awb-border-radius-top-left:0px;--awb-border-radius-top-right:0px;--awb-border-radius-bottom-right:0px;--awb-border-radius-bottom-left:0px;--awb-padding-top:20px;--awb-padding-bottom:20px;--awb-flex-wrap:wrap;\" ><div class=\"fusion-builder-row fusion-row\"><div class=\"fusion-layout-column fusion_builder_column fusion-builder-column-0 fusion_builder_column_1_1 1_1 fusion-one-full fusion-column-first fusion-column-last\" style=\"--awb-bg-size:cover;\"><div class=\"fusion-column-wrapper fusion-flex-column-wrapper-legacy\"><div class=\"fusion-text fusion-text-1\"><h1>Corto revient, Hugo Pratt fait la couverture su magazine T\u00e9l\u00e9rama<\/h1>\n<h2><strong> En 1991 le magazine culturel T\u00e9l\u00e9rama mettait en premi\u00e9re page Corto Maltese.<\/strong><\/h2>\n<h2><span style=\"color: #e00000;\"><strong>27 ans plus tard c&#8217;est de nouveau le h\u00e9ros d&#8217;Hugo Pratt qui fait la couverture du num\u00e9ro 3566 de Mai 2018.<\/strong><\/span><\/h2>\n<h2><strong>Le magazine, contient un \u00e9dito et deux articles.<\/strong><\/h2>\n<div class=\"fusion-sep-clear\"><\/div><div class=\"fusion-separator fusion-clearfix\" style=\"float:left;margin-top:40px;margin-bottom:40px;width:100%;max-width:40%;\"><div class=\"fusion-separator-border sep-single sep-solid\" style=\"--awb-height:20px;--awb-amount:20px;--awb-sep-color:#e00000;border-color:#e00000;border-top-width:4px;\"><\/div><\/div><div class=\"fusion-sep-clear\"><\/div>\n<\/div><div class=\"fusion-clearfix\"><\/div><\/div><\/div><\/div><\/div><div class=\"fusion-fullwidth fullwidth-box fusion-builder-row-2 nonhundred-percent-fullwidth non-hundred-percent-height-scrolling fusion-equal-height-columns\" style=\"--awb-border-radius-top-left:0px;--awb-border-radius-top-right:0px;--awb-border-radius-bottom-right:0px;--awb-border-radius-bottom-left:0px;--awb-padding-bottom:0px;--awb-margin-bottom:0px;--awb-flex-wrap:wrap;\" ><div class=\"fusion-builder-row fusion-row\"><div class=\"fusion-layout-column fusion_builder_column fusion-builder-column-1 fusion_builder_column_1_1 1_1 fusion-one-full fusion-column-first fusion-column-last\" style=\"--awb-bg-size:cover;\"><div class=\"fusion-column-wrapper fusion-flex-column-wrapper-legacy\"><div class=\"fusion-column-content-centered\"><div class=\"fusion-column-content\"><div class=\"fusion-image-element in-legacy-container\" style=\"--awb-caption-title-font-family:var(--h2_typography-font-family);--awb-caption-title-font-weight:var(--h2_typography-font-weight);--awb-caption-title-font-style:var(--h2_typography-font-style);--awb-caption-title-size:var(--h2_typography-font-size);--awb-caption-title-transform:var(--h2_typography-text-transform);--awb-caption-title-line-height:var(--h2_typography-line-height);--awb-caption-title-letter-spacing:var(--h2_typography-letter-spacing);\"><span class=\" fusion-imageframe imageframe-none imageframe-1 hover-type-none\"><a href=\"https:\/\/cortomaltese.com\/fr\/wp-content\/uploads\/sites\/3\/Hugo_Pratt_couverture_2018_-magazine_Telerama.jpg\" class=\"fusion-lightbox\" data-rel=\"iLightbox[157e1cc5cb53d3236a6]\" data-title=\"Corto revient, Hugo Pratt fait la couverture su magazine T\u00e9l\u00e9rama\" title=\"Corto revient, Hugo Pratt fait la couverture su magazine T\u00e9l\u00e9rama\"><img decoding=\"async\" width=\"683\" height=\"900\" alt=\"Corto revient, Hugo Pratt fait la couverture su magazine T\u00e9l\u00e9rama\" src=\"https:\/\/cortomaltese.com\/fr\/wp-content\/uploads\/sites\/3\/Hugo_Pratt_couverture_2018_-magazine_Telerama.jpg\" class=\"img-responsive wp-image-14283\" srcset=\"https:\/\/cortomaltese.com\/fr\/wp-content\/uploads\/sites\/3\/Hugo_Pratt_couverture_2018_-magazine_Telerama-200x264.jpg 200w, https:\/\/cortomaltese.com\/fr\/wp-content\/uploads\/sites\/3\/Hugo_Pratt_couverture_2018_-magazine_Telerama-400x527.jpg 400w, https:\/\/cortomaltese.com\/fr\/wp-content\/uploads\/sites\/3\/Hugo_Pratt_couverture_2018_-magazine_Telerama-600x791.jpg 600w, https:\/\/cortomaltese.com\/fr\/wp-content\/uploads\/sites\/3\/Hugo_Pratt_couverture_2018_-magazine_Telerama.jpg 683w\" sizes=\"(max-width: 800px) 100vw, 683px\" \/><\/a><\/span><\/div><\/div><\/div><div class=\"fusion-clearfix\"><\/div><\/div><\/div><\/div><\/div><\/p>\n","protected":false},"excerpt":{"rendered":"","protected":false},"author":1,"featured_media":14283,"comment_status":"closed","ping_status":"open","sticky":false,"template":"","format":"standard","meta":{"footnotes":""},"categories":[18],"tags":[],"class_list":["post-14282","post","type-post","status-publish","format-standard","has-post-thumbnail","hentry","category-evenements"],"yoast_head":"<!-- This site is optimized with the Yoast SEO plugin v26.5 - https:\/\/yoast.com\/wordpress\/plugins\/seo\/ -->\n<title>Corto revient, Hugo Pratt fait la couverture su magazine T\u00e9l\u00e9rama - cortomaltese fran\u00e7ais<\/title>\n<meta name=\"robots\" content=\"index, follow, max-snippet:-1, max-image-preview:large, max-video-preview:-1\" \/>\n<link rel=\"canonical\" href=\"https:\/\/cortomaltese.com\/fr\/corto-revient-hugo-pratt-fait-la-couverture-su-magazine-telerama\/\" \/>\n<meta property=\"og:locale\" content=\"fr_FR\" \/>\n<meta property=\"og:type\" content=\"article\" \/>\n<meta property=\"og:title\" content=\"Corto revient, Hugo Pratt fait la couverture su magazine T\u00e9l\u00e9rama - cortomaltese fran\u00e7ais\" \/>\n<meta property=\"og:url\" content=\"https:\/\/cortomaltese.com\/fr\/corto-revient-hugo-pratt-fait-la-couverture-su-magazine-telerama\/\" \/>\n<meta property=\"og:site_name\" content=\"cortomaltese fran\u00e7ais\" \/>\n<meta property=\"article:published_time\" content=\"2018-05-31T13:24:41+00:00\" \/>\n<meta property=\"article:modified_time\" content=\"2018-06-01T07:10:24+00:00\" \/>\n<meta property=\"og:image\" content=\"https:\/\/cortomaltese.com\/fr\/wp-content\/uploads\/sites\/3\/Hugo_Pratt_couverture_2018_-magazine_Telerama.jpg\" \/>\n\t<meta property=\"og:image:width\" content=\"683\" \/>\n\t<meta property=\"og:image:height\" content=\"900\" \/>\n\t<meta property=\"og:image:type\" content=\"image\/jpeg\" \/>\n<meta name=\"author\" content=\"Corto Maltese\" \/>\n<meta name=\"twitter:card\" content=\"summary_large_image\" \/>\n<meta name=\"twitter:label1\" content=\"\u00c9crit par\" \/>\n\t<meta name=\"twitter:data1\" content=\"Corto Maltese\" \/>\n\t<meta name=\"twitter:label2\" content=\"Dur\u00e9e de lecture estim\u00e9e\" \/>\n\t<meta name=\"twitter:data2\" content=\"2 minutes\" \/>\n<script type=\"application\/ld+json\" class=\"yoast-schema-graph\">{\"@context\":\"https:\/\/schema.org\",\"@graph\":[{\"@type\":\"WebPage\",\"@id\":\"https:\/\/cortomaltese.com\/fr\/corto-revient-hugo-pratt-fait-la-couverture-su-magazine-telerama\/\",\"url\":\"https:\/\/cortomaltese.com\/fr\/corto-revient-hugo-pratt-fait-la-couverture-su-magazine-telerama\/\",\"name\":\"Corto revient, Hugo Pratt fait la couverture su magazine T\u00e9l\u00e9rama - cortomaltese fran\u00e7ais\",\"isPartOf\":{\"@id\":\"https:\/\/cortomaltese.com\/fr\/#website\"},\"primaryImageOfPage\":{\"@id\":\"https:\/\/cortomaltese.com\/fr\/corto-revient-hugo-pratt-fait-la-couverture-su-magazine-telerama\/#primaryimage\"},\"image\":{\"@id\":\"https:\/\/cortomaltese.com\/fr\/corto-revient-hugo-pratt-fait-la-couverture-su-magazine-telerama\/#primaryimage\"},\"thumbnailUrl\":\"https:\/\/cortomaltese.com\/fr\/wp-content\/uploads\/sites\/3\/Hugo_Pratt_couverture_2018_-magazine_Telerama.jpg\",\"datePublished\":\"2018-05-31T13:24:41+00:00\",\"dateModified\":\"2018-06-01T07:10:24+00:00\",\"author\":{\"@id\":\"https:\/\/cortomaltese.com\/fr\/#\/schema\/person\/5204dd292c3d1105df4b66cc0749217e\"},\"breadcrumb\":{\"@id\":\"https:\/\/cortomaltese.com\/fr\/corto-revient-hugo-pratt-fait-la-couverture-su-magazine-telerama\/#breadcrumb\"},\"inLanguage\":\"fr-FR\",\"potentialAction\":[{\"@type\":\"ReadAction\",\"target\":[\"https:\/\/cortomaltese.com\/fr\/corto-revient-hugo-pratt-fait-la-couverture-su-magazine-telerama\/\"]}]},{\"@type\":\"ImageObject\",\"inLanguage\":\"fr-FR\",\"@id\":\"https:\/\/cortomaltese.com\/fr\/corto-revient-hugo-pratt-fait-la-couverture-su-magazine-telerama\/#primaryimage\",\"url\":\"https:\/\/cortomaltese.com\/fr\/wp-content\/uploads\/sites\/3\/Hugo_Pratt_couverture_2018_-magazine_Telerama.jpg\",\"contentUrl\":\"https:\/\/cortomaltese.com\/fr\/wp-content\/uploads\/sites\/3\/Hugo_Pratt_couverture_2018_-magazine_Telerama.jpg\",\"width\":683,\"height\":900,\"caption\":\"Corto revient, Hugo Pratt fait la couverture su magazine T\u00e9l\u00e9rama\"},{\"@type\":\"BreadcrumbList\",\"@id\":\"https:\/\/cortomaltese.com\/fr\/corto-revient-hugo-pratt-fait-la-couverture-su-magazine-telerama\/#breadcrumb\",\"itemListElement\":[{\"@type\":\"ListItem\",\"position\":1,\"name\":\"Accueil\",\"item\":\"https:\/\/cortomaltese.com\/fr\/\"},{\"@type\":\"ListItem\",\"position\":2,\"name\":\"Corto revient, Hugo Pratt fait la couverture su magazine T\u00e9l\u00e9rama\"}]},{\"@type\":\"WebSite\",\"@id\":\"https:\/\/cortomaltese.com\/fr\/#website\",\"url\":\"https:\/\/cortomaltese.com\/fr\/\",\"name\":\"cortomaltese fran\u00e7ais\",\"description\":\"Il sito ufficiale\",\"potentialAction\":[{\"@type\":\"SearchAction\",\"target\":{\"@type\":\"EntryPoint\",\"urlTemplate\":\"https:\/\/cortomaltese.com\/fr\/?s={search_term_string}\"},\"query-input\":{\"@type\":\"PropertyValueSpecification\",\"valueRequired\":true,\"valueName\":\"search_term_string\"}}],\"inLanguage\":\"fr-FR\"},{\"@type\":\"Person\",\"@id\":\"https:\/\/cortomaltese.com\/fr\/#\/schema\/person\/5204dd292c3d1105df4b66cc0749217e\",\"name\":\"Corto Maltese\",\"image\":{\"@type\":\"ImageObject\",\"inLanguage\":\"fr-FR\",\"@id\":\"https:\/\/cortomaltese.com\/fr\/#\/schema\/person\/image\/\",\"url\":\"https:\/\/secure.gravatar.com\/avatar\/2ad4be5824b38545bbca3ce52ffd9add?s=96&d=mm&r=g\",\"contentUrl\":\"https:\/\/secure.gravatar.com\/avatar\/2ad4be5824b38545bbca3ce52ffd9add?s=96&d=mm&r=g\",\"caption\":\"Corto Maltese\"},\"url\":\"https:\/\/cortomaltese.com\/fr\/author\/cortomaltese\/\"}]}<\/script>\n<!-- \/ Yoast SEO plugin. -->","yoast_head_json":{"title":"Corto revient, Hugo Pratt fait la couverture su magazine T\u00e9l\u00e9rama - cortomaltese fran\u00e7ais","robots":{"index":"index","follow":"follow","max-snippet":"max-snippet:-1","max-image-preview":"max-image-preview:large","max-video-preview":"max-video-preview:-1"},"canonical":"https:\/\/cortomaltese.com\/fr\/corto-revient-hugo-pratt-fait-la-couverture-su-magazine-telerama\/","og_locale":"fr_FR","og_type":"article","og_title":"Corto revient, Hugo Pratt fait la couverture su magazine T\u00e9l\u00e9rama - cortomaltese fran\u00e7ais","og_url":"https:\/\/cortomaltese.com\/fr\/corto-revient-hugo-pratt-fait-la-couverture-su-magazine-telerama\/","og_site_name":"cortomaltese fran\u00e7ais","article_published_time":"2018-05-31T13:24:41+00:00","article_modified_time":"2018-06-01T07:10:24+00:00","og_image":[{"width":683,"height":900,"url":"https:\/\/cortomaltese.com\/fr\/wp-content\/uploads\/sites\/3\/Hugo_Pratt_couverture_2018_-magazine_Telerama.jpg","type":"image\/jpeg"}],"author":"Corto Maltese","twitter_card":"summary_large_image","twitter_misc":{"\u00c9crit par":"Corto Maltese","Dur\u00e9e de lecture estim\u00e9e":"2 minutes"},"schema":{"@context":"https:\/\/schema.org","@graph":[{"@type":"WebPage","@id":"https:\/\/cortomaltese.com\/fr\/corto-revient-hugo-pratt-fait-la-couverture-su-magazine-telerama\/","url":"https:\/\/cortomaltese.com\/fr\/corto-revient-hugo-pratt-fait-la-couverture-su-magazine-telerama\/","name":"Corto revient, Hugo Pratt fait la couverture su magazine T\u00e9l\u00e9rama - cortomaltese fran\u00e7ais","isPartOf":{"@id":"https:\/\/cortomaltese.com\/fr\/#website"},"primaryImageOfPage":{"@id":"https:\/\/cortomaltese.com\/fr\/corto-revient-hugo-pratt-fait-la-couverture-su-magazine-telerama\/#primaryimage"},"image":{"@id":"https:\/\/cortomaltese.com\/fr\/corto-revient-hugo-pratt-fait-la-couverture-su-magazine-telerama\/#primaryimage"},"thumbnailUrl":"https:\/\/cortomaltese.com\/fr\/wp-content\/uploads\/sites\/3\/Hugo_Pratt_couverture_2018_-magazine_Telerama.jpg","datePublished":"2018-05-31T13:24:41+00:00","dateModified":"2018-06-01T07:10:24+00:00","author":{"@id":"https:\/\/cortomaltese.com\/fr\/#\/schema\/person\/5204dd292c3d1105df4b66cc0749217e"},"breadcrumb":{"@id":"https:\/\/cortomaltese.com\/fr\/corto-revient-hugo-pratt-fait-la-couverture-su-magazine-telerama\/#breadcrumb"},"inLanguage":"fr-FR","potentialAction":[{"@type":"ReadAction","target":["https:\/\/cortomaltese.com\/fr\/corto-revient-hugo-pratt-fait-la-couverture-su-magazine-telerama\/"]}]},{"@type":"ImageObject","inLanguage":"fr-FR","@id":"https:\/\/cortomaltese.com\/fr\/corto-revient-hugo-pratt-fait-la-couverture-su-magazine-telerama\/#primaryimage","url":"https:\/\/cortomaltese.com\/fr\/wp-content\/uploads\/sites\/3\/Hugo_Pratt_couverture_2018_-magazine_Telerama.jpg","contentUrl":"https:\/\/cortomaltese.com\/fr\/wp-content\/uploads\/sites\/3\/Hugo_Pratt_couverture_2018_-magazine_Telerama.jpg","width":683,"height":900,"caption":"Corto revient, Hugo Pratt fait la couverture su magazine T\u00e9l\u00e9rama"},{"@type":"BreadcrumbList","@id":"https:\/\/cortomaltese.com\/fr\/corto-revient-hugo-pratt-fait-la-couverture-su-magazine-telerama\/#breadcrumb","itemListElement":[{"@type":"ListItem","position":1,"name":"Accueil","item":"https:\/\/cortomaltese.com\/fr\/"},{"@type":"ListItem","position":2,"name":"Corto revient, Hugo Pratt fait la couverture su magazine T\u00e9l\u00e9rama"}]},{"@type":"WebSite","@id":"https:\/\/cortomaltese.com\/fr\/#website","url":"https:\/\/cortomaltese.com\/fr\/","name":"cortomaltese fran\u00e7ais","description":"Il sito ufficiale","potentialAction":[{"@type":"SearchAction","target":{"@type":"EntryPoint","urlTemplate":"https:\/\/cortomaltese.com\/fr\/?s={search_term_string}"},"query-input":{"@type":"PropertyValueSpecification","valueRequired":true,"valueName":"search_term_string"}}],"inLanguage":"fr-FR"},{"@type":"Person","@id":"https:\/\/cortomaltese.com\/fr\/#\/schema\/person\/5204dd292c3d1105df4b66cc0749217e","name":"Corto Maltese","image":{"@type":"ImageObject","inLanguage":"fr-FR","@id":"https:\/\/cortomaltese.com\/fr\/#\/schema\/person\/image\/","url":"https:\/\/secure.gravatar.com\/avatar\/2ad4be5824b38545bbca3ce52ffd9add?s=96&d=mm&r=g","contentUrl":"https:\/\/secure.gravatar.com\/avatar\/2ad4be5824b38545bbca3ce52ffd9add?s=96&d=mm&r=g","caption":"Corto Maltese"},"url":"https:\/\/cortomaltese.com\/fr\/author\/cortomaltese\/"}]}},"_links":{"self":[{"href":"https:\/\/cortomaltese.com\/fr\/wp-json\/wp\/v2\/posts\/14282","targetHints":{"allow":["GET"]}}],"collection":[{"href":"https:\/\/cortomaltese.com\/fr\/wp-json\/wp\/v2\/posts"}],"about":[{"href":"https:\/\/cortomaltese.com\/fr\/wp-json\/wp\/v2\/types\/post"}],"author":[{"embeddable":true,"href":"https:\/\/cortomaltese.com\/fr\/wp-json\/wp\/v2\/users\/1"}],"replies":[{"embeddable":true,"href":"https:\/\/cortomaltese.com\/fr\/wp-json\/wp\/v2\/comments?post=14282"}],"version-history":[{"count":0,"href":"https:\/\/cortomaltese.com\/fr\/wp-json\/wp\/v2\/posts\/14282\/revisions"}],"wp:featuredmedia":[{"embeddable":true,"href":"https:\/\/cortomaltese.com\/fr\/wp-json\/wp\/v2\/media\/14283"}],"wp:attachment":[{"href":"https:\/\/cortomaltese.com\/fr\/wp-json\/wp\/v2\/media?parent=14282"}],"wp:term":[{"taxonomy":"category","embeddable":true,"href":"https:\/\/cortomaltese.com\/fr\/wp-json\/wp\/v2\/categories?post=14282"},{"taxonomy":"post_tag","embeddable":true,"href":"https:\/\/cortomaltese.com\/fr\/wp-json\/wp\/v2\/tags?post=14282"}],"curies":[{"name":"wp","href":"https:\/\/api.w.org\/{rel}","templated":true}]}}