{"id":14203,"date":"2017-10-30T17:47:38","date_gmt":"2017-10-30T16:47:38","guid":{"rendered":"https:\/\/cortomaltese.com\/fr\/?p=14203"},"modified":"2017-10-30T17:47:38","modified_gmt":"2017-10-30T16:47:38","slug":"una-ballata-per-corto-maltese","status":"publish","type":"post","link":"https:\/\/cortomaltese.com\/fr\/una-ballata-per-corto-maltese\/","title":{"rendered":"Una ballata per Corto Maltese"},"content":{"rendered":"<p><div class=\"fusion-fullwidth fullwidth-box fusion-builder-row-1 nonhundred-percent-fullwidth non-hundred-percent-height-scrolling\" style=\"--awb-border-radius-top-left:0px;--awb-border-radius-top-right:0px;--awb-border-radius-bottom-right:0px;--awb-border-radius-bottom-left:0px;--awb-padding-top:20px;--awb-padding-bottom:20px;--awb-flex-wrap:wrap;\" ><div class=\"fusion-builder-row fusion-row\"><div class=\"fusion-layout-column fusion_builder_column fusion-builder-column-0 fusion_builder_column_1_1 1_1 fusion-one-full fusion-column-first fusion-column-last\" style=\"--awb-bg-size:cover;\"><div class=\"fusion-column-wrapper fusion-flex-column-wrapper-legacy\"><div class=\"fusion-text fusion-text-1\"><h2><strong> A Lucca, il primo novembre, il Teatro del Giglio presenta <\/strong><\/h2>\n<h1>Una ballata per Corto Maltese<\/h1>\n<div class=\"fusion-sep-clear\"><\/div><div class=\"fusion-separator fusion-clearfix\" style=\"float:left;margin-top:40px;margin-bottom:40px;width:100%;max-width:40%;\"><div class=\"fusion-separator-border sep-single sep-solid\" style=\"--awb-height:20px;--awb-amount:20px;--awb-sep-color:#e00000;border-color:#e00000;border-top-width:4px;\"><\/div><\/div><div class=\"fusion-sep-clear\"><\/div>\n<\/div><div class=\"fusion-text fusion-text-2\"><h3><strong> In collaborazione con Rizzoli-Lizard e Cong S.A., il Teatro del Giglio di Lucca propone l\u2019adattamento teatrale dell\u2019esordio del marinaio di Hugo Pratt in occasione dei 50 anni dalla prima pubblicazione. <\/strong><\/h3>\n<\/div><div class=\"fusion-text fusion-text-3\"><h2><strong><span style=\"color: #ff0000;\">Mercoledi 1 Novembre 2017 ore 20.30<\/span><\/strong><\/h2>\n<\/div><div class=\"fusion-clearfix\"><\/div><\/div><\/div><\/div><\/div><div class=\"fusion-fullwidth fullwidth-box fusion-builder-row-2 nonhundred-percent-fullwidth non-hundred-percent-height-scrolling\" style=\"--awb-border-radius-top-left:0px;--awb-border-radius-top-right:0px;--awb-border-radius-bottom-right:0px;--awb-border-radius-bottom-left:0px;--awb-padding-bottom:0px;--awb-margin-bottom:0px;--awb-flex-wrap:wrap;\" ><div class=\"fusion-builder-row fusion-row\"><div class=\"fusion-layout-column fusion_builder_column fusion-builder-column-1 fusion_builder_column_1_1 1_1 fusion-one-full fusion-column-first fusion-column-last fusion-column-no-min-height\" style=\"--awb-bg-size:cover;\"><div class=\"fusion-column-wrapper fusion-flex-column-wrapper-legacy\"><div class=\"fusion-column-content-centered\"><div class=\"fusion-column-content\"><div class=\"fusion-image-element in-legacy-container\" style=\"--awb-caption-title-font-family:var(--h2_typography-font-family);--awb-caption-title-font-weight:var(--h2_typography-font-weight);--awb-caption-title-font-style:var(--h2_typography-font-style);--awb-caption-title-size:var(--h2_typography-font-size);--awb-caption-title-transform:var(--h2_typography-text-transform);--awb-caption-title-line-height:var(--h2_typography-line-height);--awb-caption-title-letter-spacing:var(--h2_typography-letter-spacing);\"><span class=\" fusion-imageframe imageframe-none imageframe-1 hover-type-none\"><a href=\"https:\/\/cortomaltese.com\/fr\/wp-content\/uploads\/sites\/3\/Una-ballata-per-Corto-Maltese.jpg\" class=\"fusion-lightbox\" data-rel=\"iLightbox[68aea3de9ebd08026db]\" data-title=\"Una ballata per Corto Maltese\" title=\"Una ballata per Corto Maltese\"><img decoding=\"async\" width=\"800\" height=\"900\" alt=\"Una ballata per Corto Maltese\" src=\"https:\/\/cortomaltese.com\/fr\/wp-content\/uploads\/sites\/3\/Una-ballata-per-Corto-Maltese.jpg\" class=\"img-responsive wp-image-14202\" srcset=\"https:\/\/cortomaltese.com\/fr\/wp-content\/uploads\/sites\/3\/Una-ballata-per-Corto-Maltese-200x225.jpg 200w, https:\/\/cortomaltese.com\/fr\/wp-content\/uploads\/sites\/3\/Una-ballata-per-Corto-Maltese-400x450.jpg 400w, https:\/\/cortomaltese.com\/fr\/wp-content\/uploads\/sites\/3\/Una-ballata-per-Corto-Maltese-600x675.jpg 600w, https:\/\/cortomaltese.com\/fr\/wp-content\/uploads\/sites\/3\/Una-ballata-per-Corto-Maltese.jpg 800w\" sizes=\"(max-width: 800px) 100vw, 800px\" \/><\/a><\/span><\/div><\/div><\/div><div class=\"fusion-clearfix\"><\/div><\/div><\/div><div class=\"fusion-layout-column fusion_builder_column fusion-builder-column-2 fusion_builder_column_1_1 1_1 fusion-one-full fusion-column-first fusion-column-last fusion-column-no-min-height\" style=\"--awb-bg-size:cover;\"><div class=\"fusion-column-wrapper fusion-flex-column-wrapper-legacy\"><div class=\"fusion-column-content-centered\"><div class=\"fusion-column-content\"><div class=\"fusion-text fusion-text-4\"><p><span class=\"fusion-dropcap dropcap\">S<\/span>ar\u00e0 un\u2019occasione unica per immergersi nelle atmosfere evocate da Hugo Pratt, attraverso una scenografia suggestiva e una messa in scena serrata.<br \/>\nRegista e autore della riduzione teatrale \u00e8 <strong>Nicola Zavagli<\/strong>, che avr\u00e0 per attori <strong>Ennio Coltorti<\/strong>, <strong>Emiliano Coltorti<\/strong>, <strong>Mario Grossi<\/strong>, <strong>Neva Leoni<\/strong>, <strong>Michele Lisi<\/strong>, <strong>Manuel Meli<\/strong>. Il coordinamento del progetto \u00e8 a cura di <strong>Cristina Poccardi<\/strong>.<\/p>\n<\/div><\/div><\/div><div class=\"fusion-clearfix\"><\/div><\/div><\/div><\/div><\/div><div class=\"fusion-fullwidth fullwidth-box fusion-builder-row-3 nonhundred-percent-fullwidth non-hundred-percent-height-scrolling\" style=\"--awb-border-radius-top-left:0px;--awb-border-radius-top-right:0px;--awb-border-radius-bottom-right:0px;--awb-border-radius-bottom-left:0px;--awb-padding-top:20px;--awb-padding-bottom:20px;--awb-flex-wrap:wrap;\" ><div class=\"fusion-builder-row fusion-row\"><div class=\"fusion-layout-column fusion_builder_column fusion-builder-column-3 fusion_builder_column_1_1 1_1 fusion-one-full fusion-column-first fusion-column-last\" style=\"--awb-bg-size:cover;\"><div class=\"fusion-column-wrapper fusion-flex-column-wrapper-legacy\"><div class=\"fusion-text fusion-text-5\"><p><strong> TEATRO DEL GIGLIO, LUCCA <\/strong><br \/>\nIngresso libero per i possessori di biglietto Lucca Comics &amp; Games<\/p>\n<\/div><div class=\"fusion-clearfix\"><\/div><\/div><\/div><\/div><\/div><\/p>\n","protected":false},"excerpt":{"rendered":"","protected":false},"author":1,"featured_media":14202,"comment_status":"closed","ping_status":"open","sticky":false,"template":"","format":"standard","meta":{"footnotes":""},"categories":[18],"tags":[],"class_list":["post-14203","post","type-post","status-publish","format-standard","has-post-thumbnail","hentry","category-evenements"],"yoast_head":"<!-- This site is optimized with the Yoast SEO plugin v26.5 - https:\/\/yoast.com\/wordpress\/plugins\/seo\/ -->\n<title>Una ballata per Corto Maltese - cortomaltese fran\u00e7ais<\/title>\n<meta name=\"description\" content=\"In collaborazione con Rizzoli-Lizard e Cong S.A, a Lucca il primo novembre, ore 20,30, il Teatro del Giglio presenta Una ballata per Corto Maltese.\" \/>\n<meta name=\"robots\" content=\"index, follow, max-snippet:-1, max-image-preview:large, max-video-preview:-1\" \/>\n<link rel=\"canonical\" href=\"https:\/\/cortomaltese.com\/fr\/una-ballata-per-corto-maltese\/\" \/>\n<meta property=\"og:locale\" content=\"fr_FR\" \/>\n<meta property=\"og:type\" content=\"article\" \/>\n<meta property=\"og:title\" content=\"Una ballata per Corto Maltese - cortomaltese fran\u00e7ais\" \/>\n<meta property=\"og:description\" content=\"In collaborazione con Rizzoli-Lizard e Cong S.A, a Lucca il primo novembre, ore 20,30, il Teatro del Giglio presenta Una ballata per Corto Maltese.\" \/>\n<meta property=\"og:url\" content=\"https:\/\/cortomaltese.com\/fr\/una-ballata-per-corto-maltese\/\" \/>\n<meta property=\"og:site_name\" content=\"cortomaltese fran\u00e7ais\" \/>\n<meta property=\"article:published_time\" content=\"2017-10-30T16:47:38+00:00\" \/>\n<meta property=\"og:image\" content=\"https:\/\/cortomaltese.com\/fr\/wp-content\/uploads\/sites\/3\/Una-ballata-per-Corto-Maltese.jpg\" \/>\n\t<meta property=\"og:image:width\" content=\"800\" \/>\n\t<meta property=\"og:image:height\" content=\"900\" \/>\n\t<meta property=\"og:image:type\" content=\"image\/jpeg\" \/>\n<meta name=\"author\" content=\"Corto Maltese\" \/>\n<meta name=\"twitter:card\" content=\"summary_large_image\" \/>\n<meta name=\"twitter:label1\" content=\"\u00c9crit par\" \/>\n\t<meta name=\"twitter:data1\" content=\"Corto Maltese\" \/>\n\t<meta name=\"twitter:label2\" content=\"Dur\u00e9e de lecture estim\u00e9e\" \/>\n\t<meta name=\"twitter:data2\" content=\"3 minutes\" \/>\n<script type=\"application\/ld+json\" class=\"yoast-schema-graph\">{\"@context\":\"https:\/\/schema.org\",\"@graph\":[{\"@type\":\"WebPage\",\"@id\":\"https:\/\/cortomaltese.com\/fr\/una-ballata-per-corto-maltese\/\",\"url\":\"https:\/\/cortomaltese.com\/fr\/una-ballata-per-corto-maltese\/\",\"name\":\"Una ballata per Corto Maltese - cortomaltese fran\u00e7ais\",\"isPartOf\":{\"@id\":\"https:\/\/cortomaltese.com\/fr\/#website\"},\"primaryImageOfPage\":{\"@id\":\"https:\/\/cortomaltese.com\/fr\/una-ballata-per-corto-maltese\/#primaryimage\"},\"image\":{\"@id\":\"https:\/\/cortomaltese.com\/fr\/una-ballata-per-corto-maltese\/#primaryimage\"},\"thumbnailUrl\":\"https:\/\/cortomaltese.com\/fr\/wp-content\/uploads\/sites\/3\/Una-ballata-per-Corto-Maltese.jpg\",\"datePublished\":\"2017-10-30T16:47:38+00:00\",\"author\":{\"@id\":\"https:\/\/cortomaltese.com\/fr\/#\/schema\/person\/5204dd292c3d1105df4b66cc0749217e\"},\"description\":\"In collaborazione con Rizzoli-Lizard e Cong S.A, a Lucca il primo novembre, ore 20,30, il Teatro del Giglio presenta Una ballata per Corto Maltese.\",\"breadcrumb\":{\"@id\":\"https:\/\/cortomaltese.com\/fr\/una-ballata-per-corto-maltese\/#breadcrumb\"},\"inLanguage\":\"fr-FR\",\"potentialAction\":[{\"@type\":\"ReadAction\",\"target\":[\"https:\/\/cortomaltese.com\/fr\/una-ballata-per-corto-maltese\/\"]}]},{\"@type\":\"ImageObject\",\"inLanguage\":\"fr-FR\",\"@id\":\"https:\/\/cortomaltese.com\/fr\/una-ballata-per-corto-maltese\/#primaryimage\",\"url\":\"https:\/\/cortomaltese.com\/fr\/wp-content\/uploads\/sites\/3\/Una-ballata-per-Corto-Maltese.jpg\",\"contentUrl\":\"https:\/\/cortomaltese.com\/fr\/wp-content\/uploads\/sites\/3\/Una-ballata-per-Corto-Maltese.jpg\",\"width\":800,\"height\":900,\"caption\":\"Una ballata per Corto Maltese\"},{\"@type\":\"BreadcrumbList\",\"@id\":\"https:\/\/cortomaltese.com\/fr\/una-ballata-per-corto-maltese\/#breadcrumb\",\"itemListElement\":[{\"@type\":\"ListItem\",\"position\":1,\"name\":\"Accueil\",\"item\":\"https:\/\/cortomaltese.com\/fr\/\"},{\"@type\":\"ListItem\",\"position\":2,\"name\":\"Una ballata per Corto Maltese\"}]},{\"@type\":\"WebSite\",\"@id\":\"https:\/\/cortomaltese.com\/fr\/#website\",\"url\":\"https:\/\/cortomaltese.com\/fr\/\",\"name\":\"cortomaltese fran\u00e7ais\",\"description\":\"Il sito ufficiale\",\"potentialAction\":[{\"@type\":\"SearchAction\",\"target\":{\"@type\":\"EntryPoint\",\"urlTemplate\":\"https:\/\/cortomaltese.com\/fr\/?s={search_term_string}\"},\"query-input\":{\"@type\":\"PropertyValueSpecification\",\"valueRequired\":true,\"valueName\":\"search_term_string\"}}],\"inLanguage\":\"fr-FR\"},{\"@type\":\"Person\",\"@id\":\"https:\/\/cortomaltese.com\/fr\/#\/schema\/person\/5204dd292c3d1105df4b66cc0749217e\",\"name\":\"Corto Maltese\",\"image\":{\"@type\":\"ImageObject\",\"inLanguage\":\"fr-FR\",\"@id\":\"https:\/\/cortomaltese.com\/fr\/#\/schema\/person\/image\/\",\"url\":\"https:\/\/secure.gravatar.com\/avatar\/2ad4be5824b38545bbca3ce52ffd9add?s=96&d=mm&r=g\",\"contentUrl\":\"https:\/\/secure.gravatar.com\/avatar\/2ad4be5824b38545bbca3ce52ffd9add?s=96&d=mm&r=g\",\"caption\":\"Corto Maltese\"},\"url\":\"https:\/\/cortomaltese.com\/fr\/author\/cortomaltese\/\"}]}<\/script>\n<!-- \/ Yoast SEO plugin. -->","yoast_head_json":{"title":"Una ballata per Corto Maltese - cortomaltese fran\u00e7ais","description":"In collaborazione con Rizzoli-Lizard e Cong S.A, a Lucca il primo novembre, ore 20,30, il Teatro del Giglio presenta Una ballata per Corto Maltese.","robots":{"index":"index","follow":"follow","max-snippet":"max-snippet:-1","max-image-preview":"max-image-preview:large","max-video-preview":"max-video-preview:-1"},"canonical":"https:\/\/cortomaltese.com\/fr\/una-ballata-per-corto-maltese\/","og_locale":"fr_FR","og_type":"article","og_title":"Una ballata per Corto Maltese - cortomaltese fran\u00e7ais","og_description":"In collaborazione con Rizzoli-Lizard e Cong S.A, a Lucca il primo novembre, ore 20,30, il Teatro del Giglio presenta Una ballata per Corto Maltese.","og_url":"https:\/\/cortomaltese.com\/fr\/una-ballata-per-corto-maltese\/","og_site_name":"cortomaltese fran\u00e7ais","article_published_time":"2017-10-30T16:47:38+00:00","og_image":[{"width":800,"height":900,"url":"https:\/\/cortomaltese.com\/fr\/wp-content\/uploads\/sites\/3\/Una-ballata-per-Corto-Maltese.jpg","type":"image\/jpeg"}],"author":"Corto Maltese","twitter_card":"summary_large_image","twitter_misc":{"\u00c9crit par":"Corto Maltese","Dur\u00e9e de lecture estim\u00e9e":"3 minutes"},"schema":{"@context":"https:\/\/schema.org","@graph":[{"@type":"WebPage","@id":"https:\/\/cortomaltese.com\/fr\/una-ballata-per-corto-maltese\/","url":"https:\/\/cortomaltese.com\/fr\/una-ballata-per-corto-maltese\/","name":"Una ballata per Corto Maltese - cortomaltese fran\u00e7ais","isPartOf":{"@id":"https:\/\/cortomaltese.com\/fr\/#website"},"primaryImageOfPage":{"@id":"https:\/\/cortomaltese.com\/fr\/una-ballata-per-corto-maltese\/#primaryimage"},"image":{"@id":"https:\/\/cortomaltese.com\/fr\/una-ballata-per-corto-maltese\/#primaryimage"},"thumbnailUrl":"https:\/\/cortomaltese.com\/fr\/wp-content\/uploads\/sites\/3\/Una-ballata-per-Corto-Maltese.jpg","datePublished":"2017-10-30T16:47:38+00:00","author":{"@id":"https:\/\/cortomaltese.com\/fr\/#\/schema\/person\/5204dd292c3d1105df4b66cc0749217e"},"description":"In collaborazione con Rizzoli-Lizard e Cong S.A, a Lucca il primo novembre, ore 20,30, il Teatro del Giglio presenta Una ballata per Corto Maltese.","breadcrumb":{"@id":"https:\/\/cortomaltese.com\/fr\/una-ballata-per-corto-maltese\/#breadcrumb"},"inLanguage":"fr-FR","potentialAction":[{"@type":"ReadAction","target":["https:\/\/cortomaltese.com\/fr\/una-ballata-per-corto-maltese\/"]}]},{"@type":"ImageObject","inLanguage":"fr-FR","@id":"https:\/\/cortomaltese.com\/fr\/una-ballata-per-corto-maltese\/#primaryimage","url":"https:\/\/cortomaltese.com\/fr\/wp-content\/uploads\/sites\/3\/Una-ballata-per-Corto-Maltese.jpg","contentUrl":"https:\/\/cortomaltese.com\/fr\/wp-content\/uploads\/sites\/3\/Una-ballata-per-Corto-Maltese.jpg","width":800,"height":900,"caption":"Una ballata per Corto Maltese"},{"@type":"BreadcrumbList","@id":"https:\/\/cortomaltese.com\/fr\/una-ballata-per-corto-maltese\/#breadcrumb","itemListElement":[{"@type":"ListItem","position":1,"name":"Accueil","item":"https:\/\/cortomaltese.com\/fr\/"},{"@type":"ListItem","position":2,"name":"Una ballata per Corto Maltese"}]},{"@type":"WebSite","@id":"https:\/\/cortomaltese.com\/fr\/#website","url":"https:\/\/cortomaltese.com\/fr\/","name":"cortomaltese fran\u00e7ais","description":"Il sito ufficiale","potentialAction":[{"@type":"SearchAction","target":{"@type":"EntryPoint","urlTemplate":"https:\/\/cortomaltese.com\/fr\/?s={search_term_string}"},"query-input":{"@type":"PropertyValueSpecification","valueRequired":true,"valueName":"search_term_string"}}],"inLanguage":"fr-FR"},{"@type":"Person","@id":"https:\/\/cortomaltese.com\/fr\/#\/schema\/person\/5204dd292c3d1105df4b66cc0749217e","name":"Corto Maltese","image":{"@type":"ImageObject","inLanguage":"fr-FR","@id":"https:\/\/cortomaltese.com\/fr\/#\/schema\/person\/image\/","url":"https:\/\/secure.gravatar.com\/avatar\/2ad4be5824b38545bbca3ce52ffd9add?s=96&d=mm&r=g","contentUrl":"https:\/\/secure.gravatar.com\/avatar\/2ad4be5824b38545bbca3ce52ffd9add?s=96&d=mm&r=g","caption":"Corto Maltese"},"url":"https:\/\/cortomaltese.com\/fr\/author\/cortomaltese\/"}]}},"_links":{"self":[{"href":"https:\/\/cortomaltese.com\/fr\/wp-json\/wp\/v2\/posts\/14203","targetHints":{"allow":["GET"]}}],"collection":[{"href":"https:\/\/cortomaltese.com\/fr\/wp-json\/wp\/v2\/posts"}],"about":[{"href":"https:\/\/cortomaltese.com\/fr\/wp-json\/wp\/v2\/types\/post"}],"author":[{"embeddable":true,"href":"https:\/\/cortomaltese.com\/fr\/wp-json\/wp\/v2\/users\/1"}],"replies":[{"embeddable":true,"href":"https:\/\/cortomaltese.com\/fr\/wp-json\/wp\/v2\/comments?post=14203"}],"version-history":[{"count":0,"href":"https:\/\/cortomaltese.com\/fr\/wp-json\/wp\/v2\/posts\/14203\/revisions"}],"wp:featuredmedia":[{"embeddable":true,"href":"https:\/\/cortomaltese.com\/fr\/wp-json\/wp\/v2\/media\/14202"}],"wp:attachment":[{"href":"https:\/\/cortomaltese.com\/fr\/wp-json\/wp\/v2\/media?parent=14203"}],"wp:term":[{"taxonomy":"category","embeddable":true,"href":"https:\/\/cortomaltese.com\/fr\/wp-json\/wp\/v2\/categories?post=14203"},{"taxonomy":"post_tag","embeddable":true,"href":"https:\/\/cortomaltese.com\/fr\/wp-json\/wp\/v2\/tags?post=14203"}],"curies":[{"name":"wp","href":"https:\/\/api.w.org\/{rel}","templated":true}]}}