{"id":14176,"date":"2017-10-02T10:04:34","date_gmt":"2017-10-02T08:04:34","guid":{"rendered":"https:\/\/cortomaltese.com\/fr\/?p=14176"},"modified":"2017-10-02T10:04:34","modified_gmt":"2017-10-02T08:04:34","slug":"corto-maltese-mer-ouest-france","status":"publish","type":"post","link":"https:\/\/cortomaltese.com\/fr\/corto-maltese-mer-ouest-france\/","title":{"rendered":"Corto Maltese et la mer &#8211; Ouest France"},"content":{"rendered":"<div class=\"fusion-fullwidth fullwidth-box fusion-builder-row-1 nonhundred-percent-fullwidth non-hundred-percent-height-scrolling\" style=\"--awb-border-radius-top-left:0px;--awb-border-radius-top-right:0px;--awb-border-radius-bottom-right:0px;--awb-border-radius-bottom-left:0px;--awb-padding-top:20px;--awb-padding-bottom:20px;--awb-flex-wrap:wrap;\" ><div class=\"fusion-builder-row fusion-row\"><div class=\"fusion-layout-column fusion_builder_column fusion-builder-column-0 fusion_builder_column_1_1 1_1 fusion-one-full fusion-column-first fusion-column-last\" style=\"--awb-bg-size:cover;\"><div class=\"fusion-column-wrapper fusion-flex-column-wrapper-legacy\"><div class=\"fusion-text fusion-text-1\"><h1>Ouest France<br \/>\n\u201cCORTO MALTESE ET LA MER\u201d<\/h1>\n<h2><strong> Le hors-s\u00e9rie Corto Maltese et la mer sera en vente chez vos marchands de journaux d\u00e8s le 3 octobre. <\/strong><\/h2>\n<p><div class=\"fusion-sep-clear\"><\/div><div class=\"fusion-separator fusion-clearfix\" style=\"float:left;margin-top:40px;margin-bottom:40px;width:100%;max-width:40%;\"><div class=\"fusion-separator-border sep-single sep-solid\" style=\"--awb-height:20px;--awb-amount:20px;--awb-sep-color:#e00000;border-color:#e00000;border-top-width:4px;\"><\/div><\/div><div class=\"fusion-sep-clear\"><\/div><span class=\"fusion-dropcap dropcap\">O<\/span>uest-France vous invite \u00e0 d\u00e9couvrir ou red\u00e9couvrir la vie de Corto Maltese, capitaine de la marine marchande, n\u00e9 \u00e0 Malte, se jouant des fronti\u00e8res, comme le montrent d\u00e9j\u00e0 ses origines avec un p\u00e8re britannique et une m\u00e8re gitane de Gibraltar.<br \/>\nCe hors-s\u00e9rie fait voyager sur toutes les mers de la plan\u00e8te, permet de revisiter des escales \u00e9vocatrices, comme Zanzibar, Buenos-Aires, Hong-Kong, les c\u00f4tes br\u00e9siliennes, Venise&#8230;<\/p>\n<p>Un voyage au long cours, n&#8217;\u00e9vitant pas pour autant d&#8217;autres sc\u00e9narios rocambolesques loin de l&#8217;\u00e9l\u00e9ment maritime, comme en Amazonie, en Sib\u00e9rie&#8230;<\/p>\n<\/div><div class=\"fusion-sep-clear\"><\/div><div class=\"fusion-separator fusion-full-width-sep\" style=\"margin-left: auto;margin-right: auto;margin-top:40px;width:100%;\"><\/div><div class=\"fusion-sep-clear\"><\/div><div class=\"fusion-image-element in-legacy-container\" style=\"--awb-caption-title-font-family:var(--h2_typography-font-family);--awb-caption-title-font-weight:var(--h2_typography-font-weight);--awb-caption-title-font-style:var(--h2_typography-font-style);--awb-caption-title-size:var(--h2_typography-font-size);--awb-caption-title-transform:var(--h2_typography-text-transform);--awb-caption-title-line-height:var(--h2_typography-line-height);--awb-caption-title-letter-spacing:var(--h2_typography-letter-spacing);\"><span class=\" fusion-imageframe imageframe-none imageframe-1 hover-type-none\"><a href=\"https:\/\/cortomaltese.com\/fr\/wp-content\/uploads\/sites\/3\/2017_0928_couv-corto.jpg\" class=\"fusion-lightbox\" data-rel=\"iLightbox[5070f15df2bb9ec8ad3]\" data-caption=\"Le hors-s\u00e9rie Corto Maltese et la mer sera en vente chez vos marchands de journaux d\u00e8s le 3 octobre\" data-title=\"Corto maltese et la mer -Ouest France\" title=\"Corto maltese et la mer -Ouest France\"><img decoding=\"async\" width=\"900\" height=\"1166\" alt=\"Corto Maltese et la mer - Ouest France\" src=\"https:\/\/cortomaltese.com\/fr\/wp-content\/uploads\/sites\/3\/2017_0928_couv-corto.jpg\" class=\"img-responsive wp-image-14177\" srcset=\"https:\/\/cortomaltese.com\/fr\/wp-content\/uploads\/sites\/3\/2017_0928_couv-corto-200x259.jpg 200w, https:\/\/cortomaltese.com\/fr\/wp-content\/uploads\/sites\/3\/2017_0928_couv-corto-400x518.jpg 400w, https:\/\/cortomaltese.com\/fr\/wp-content\/uploads\/sites\/3\/2017_0928_couv-corto-600x777.jpg 600w, https:\/\/cortomaltese.com\/fr\/wp-content\/uploads\/sites\/3\/2017_0928_couv-corto-800x1036.jpg 800w, https:\/\/cortomaltese.com\/fr\/wp-content\/uploads\/sites\/3\/2017_0928_couv-corto.jpg 900w\" sizes=\"(max-width: 800px) 100vw, 900px\" \/><\/a><\/span><\/div><div class=\"fusion-clearfix\"><\/div><\/div><\/div><\/div><\/div>\n","protected":false},"excerpt":{"rendered":"","protected":false},"author":1,"featured_media":14177,"comment_status":"closed","ping_status":"open","sticky":false,"template":"","format":"standard","meta":{"footnotes":""},"categories":[18],"tags":[],"class_list":["post-14176","post","type-post","status-publish","format-standard","has-post-thumbnail","hentry","category-evenements"],"yoast_head":"<!-- This site is optimized with the Yoast SEO plugin v26.5 - https:\/\/yoast.com\/wordpress\/plugins\/seo\/ -->\n<title>Corto Maltese et la mer - Ouest France - cortomaltese fran\u00e7ais<\/title>\n<meta name=\"description\" content=\"Le hors-s\u00e9rie Corto Maltese et la mer sera en vente chez vos marchands de journaux d\u00e8s le 3 octobre.\" \/>\n<meta name=\"robots\" content=\"index, follow, max-snippet:-1, max-image-preview:large, max-video-preview:-1\" \/>\n<link rel=\"canonical\" href=\"https:\/\/cortomaltese.com\/fr\/corto-maltese-mer-ouest-france\/\" \/>\n<meta property=\"og:locale\" content=\"fr_FR\" \/>\n<meta property=\"og:type\" content=\"article\" \/>\n<meta property=\"og:title\" content=\"Corto Maltese et la mer - Ouest France - cortomaltese fran\u00e7ais\" \/>\n<meta property=\"og:description\" content=\"Le hors-s\u00e9rie Corto Maltese et la mer sera en vente chez vos marchands de journaux d\u00e8s le 3 octobre.\" \/>\n<meta property=\"og:url\" content=\"https:\/\/cortomaltese.com\/fr\/corto-maltese-mer-ouest-france\/\" \/>\n<meta property=\"og:site_name\" content=\"cortomaltese fran\u00e7ais\" \/>\n<meta property=\"article:published_time\" content=\"2017-10-02T08:04:34+00:00\" \/>\n<meta property=\"og:image\" content=\"https:\/\/cortomaltese.com\/fr\/wp-content\/uploads\/sites\/3\/2017_0928_couv-corto.jpg\" \/>\n\t<meta property=\"og:image:width\" content=\"900\" \/>\n\t<meta property=\"og:image:height\" content=\"1166\" \/>\n\t<meta property=\"og:image:type\" content=\"image\/jpeg\" \/>\n<meta name=\"author\" content=\"Corto Maltese\" \/>\n<meta name=\"twitter:card\" content=\"summary_large_image\" \/>\n<meta name=\"twitter:label1\" content=\"\u00c9crit par\" \/>\n\t<meta name=\"twitter:data1\" content=\"Corto Maltese\" \/>\n\t<meta name=\"twitter:label2\" content=\"Dur\u00e9e de lecture estim\u00e9e\" \/>\n\t<meta name=\"twitter:data2\" content=\"2 minutes\" \/>\n<script type=\"application\/ld+json\" class=\"yoast-schema-graph\">{\"@context\":\"https:\/\/schema.org\",\"@graph\":[{\"@type\":\"WebPage\",\"@id\":\"https:\/\/cortomaltese.com\/fr\/corto-maltese-mer-ouest-france\/\",\"url\":\"https:\/\/cortomaltese.com\/fr\/corto-maltese-mer-ouest-france\/\",\"name\":\"Corto Maltese et la mer - Ouest France - cortomaltese fran\u00e7ais\",\"isPartOf\":{\"@id\":\"https:\/\/cortomaltese.com\/fr\/#website\"},\"primaryImageOfPage\":{\"@id\":\"https:\/\/cortomaltese.com\/fr\/corto-maltese-mer-ouest-france\/#primaryimage\"},\"image\":{\"@id\":\"https:\/\/cortomaltese.com\/fr\/corto-maltese-mer-ouest-france\/#primaryimage\"},\"thumbnailUrl\":\"https:\/\/cortomaltese.com\/fr\/wp-content\/uploads\/sites\/3\/2017_0928_couv-corto.jpg\",\"datePublished\":\"2017-10-02T08:04:34+00:00\",\"author\":{\"@id\":\"https:\/\/cortomaltese.com\/fr\/#\/schema\/person\/5204dd292c3d1105df4b66cc0749217e\"},\"description\":\"Le hors-s\u00e9rie Corto Maltese et la mer sera en vente chez vos marchands de journaux d\u00e8s le 3 octobre.\",\"breadcrumb\":{\"@id\":\"https:\/\/cortomaltese.com\/fr\/corto-maltese-mer-ouest-france\/#breadcrumb\"},\"inLanguage\":\"fr-FR\",\"potentialAction\":[{\"@type\":\"ReadAction\",\"target\":[\"https:\/\/cortomaltese.com\/fr\/corto-maltese-mer-ouest-france\/\"]}]},{\"@type\":\"ImageObject\",\"inLanguage\":\"fr-FR\",\"@id\":\"https:\/\/cortomaltese.com\/fr\/corto-maltese-mer-ouest-france\/#primaryimage\",\"url\":\"https:\/\/cortomaltese.com\/fr\/wp-content\/uploads\/sites\/3\/2017_0928_couv-corto.jpg\",\"contentUrl\":\"https:\/\/cortomaltese.com\/fr\/wp-content\/uploads\/sites\/3\/2017_0928_couv-corto.jpg\",\"width\":900,\"height\":1166,\"caption\":\"Le hors-s\u00e9rie Corto Maltese et la mer sera en vente chez vos marchands de journaux d\u00e8s le 3 octobre\"},{\"@type\":\"BreadcrumbList\",\"@id\":\"https:\/\/cortomaltese.com\/fr\/corto-maltese-mer-ouest-france\/#breadcrumb\",\"itemListElement\":[{\"@type\":\"ListItem\",\"position\":1,\"name\":\"Accueil\",\"item\":\"https:\/\/cortomaltese.com\/fr\/\"},{\"@type\":\"ListItem\",\"position\":2,\"name\":\"Corto Maltese et la mer &#8211; Ouest France\"}]},{\"@type\":\"WebSite\",\"@id\":\"https:\/\/cortomaltese.com\/fr\/#website\",\"url\":\"https:\/\/cortomaltese.com\/fr\/\",\"name\":\"cortomaltese fran\u00e7ais\",\"description\":\"Il sito ufficiale\",\"potentialAction\":[{\"@type\":\"SearchAction\",\"target\":{\"@type\":\"EntryPoint\",\"urlTemplate\":\"https:\/\/cortomaltese.com\/fr\/?s={search_term_string}\"},\"query-input\":{\"@type\":\"PropertyValueSpecification\",\"valueRequired\":true,\"valueName\":\"search_term_string\"}}],\"inLanguage\":\"fr-FR\"},{\"@type\":\"Person\",\"@id\":\"https:\/\/cortomaltese.com\/fr\/#\/schema\/person\/5204dd292c3d1105df4b66cc0749217e\",\"name\":\"Corto Maltese\",\"image\":{\"@type\":\"ImageObject\",\"inLanguage\":\"fr-FR\",\"@id\":\"https:\/\/cortomaltese.com\/fr\/#\/schema\/person\/image\/\",\"url\":\"https:\/\/secure.gravatar.com\/avatar\/2ad4be5824b38545bbca3ce52ffd9add?s=96&d=mm&r=g\",\"contentUrl\":\"https:\/\/secure.gravatar.com\/avatar\/2ad4be5824b38545bbca3ce52ffd9add?s=96&d=mm&r=g\",\"caption\":\"Corto Maltese\"},\"url\":\"https:\/\/cortomaltese.com\/fr\/author\/cortomaltese\/\"}]}<\/script>\n<!-- \/ Yoast SEO plugin. -->","yoast_head_json":{"title":"Corto Maltese et la mer - Ouest France - cortomaltese fran\u00e7ais","description":"Le hors-s\u00e9rie Corto Maltese et la mer sera en vente chez vos marchands de journaux d\u00e8s le 3 octobre.","robots":{"index":"index","follow":"follow","max-snippet":"max-snippet:-1","max-image-preview":"max-image-preview:large","max-video-preview":"max-video-preview:-1"},"canonical":"https:\/\/cortomaltese.com\/fr\/corto-maltese-mer-ouest-france\/","og_locale":"fr_FR","og_type":"article","og_title":"Corto Maltese et la mer - Ouest France - cortomaltese fran\u00e7ais","og_description":"Le hors-s\u00e9rie Corto Maltese et la mer sera en vente chez vos marchands de journaux d\u00e8s le 3 octobre.","og_url":"https:\/\/cortomaltese.com\/fr\/corto-maltese-mer-ouest-france\/","og_site_name":"cortomaltese fran\u00e7ais","article_published_time":"2017-10-02T08:04:34+00:00","og_image":[{"width":900,"height":1166,"url":"https:\/\/cortomaltese.com\/fr\/wp-content\/uploads\/sites\/3\/2017_0928_couv-corto.jpg","type":"image\/jpeg"}],"author":"Corto Maltese","twitter_card":"summary_large_image","twitter_misc":{"\u00c9crit par":"Corto Maltese","Dur\u00e9e de lecture estim\u00e9e":"2 minutes"},"schema":{"@context":"https:\/\/schema.org","@graph":[{"@type":"WebPage","@id":"https:\/\/cortomaltese.com\/fr\/corto-maltese-mer-ouest-france\/","url":"https:\/\/cortomaltese.com\/fr\/corto-maltese-mer-ouest-france\/","name":"Corto Maltese et la mer - Ouest France - cortomaltese fran\u00e7ais","isPartOf":{"@id":"https:\/\/cortomaltese.com\/fr\/#website"},"primaryImageOfPage":{"@id":"https:\/\/cortomaltese.com\/fr\/corto-maltese-mer-ouest-france\/#primaryimage"},"image":{"@id":"https:\/\/cortomaltese.com\/fr\/corto-maltese-mer-ouest-france\/#primaryimage"},"thumbnailUrl":"https:\/\/cortomaltese.com\/fr\/wp-content\/uploads\/sites\/3\/2017_0928_couv-corto.jpg","datePublished":"2017-10-02T08:04:34+00:00","author":{"@id":"https:\/\/cortomaltese.com\/fr\/#\/schema\/person\/5204dd292c3d1105df4b66cc0749217e"},"description":"Le hors-s\u00e9rie Corto Maltese et la mer sera en vente chez vos marchands de journaux d\u00e8s le 3 octobre.","breadcrumb":{"@id":"https:\/\/cortomaltese.com\/fr\/corto-maltese-mer-ouest-france\/#breadcrumb"},"inLanguage":"fr-FR","potentialAction":[{"@type":"ReadAction","target":["https:\/\/cortomaltese.com\/fr\/corto-maltese-mer-ouest-france\/"]}]},{"@type":"ImageObject","inLanguage":"fr-FR","@id":"https:\/\/cortomaltese.com\/fr\/corto-maltese-mer-ouest-france\/#primaryimage","url":"https:\/\/cortomaltese.com\/fr\/wp-content\/uploads\/sites\/3\/2017_0928_couv-corto.jpg","contentUrl":"https:\/\/cortomaltese.com\/fr\/wp-content\/uploads\/sites\/3\/2017_0928_couv-corto.jpg","width":900,"height":1166,"caption":"Le hors-s\u00e9rie Corto Maltese et la mer sera en vente chez vos marchands de journaux d\u00e8s le 3 octobre"},{"@type":"BreadcrumbList","@id":"https:\/\/cortomaltese.com\/fr\/corto-maltese-mer-ouest-france\/#breadcrumb","itemListElement":[{"@type":"ListItem","position":1,"name":"Accueil","item":"https:\/\/cortomaltese.com\/fr\/"},{"@type":"ListItem","position":2,"name":"Corto Maltese et la mer &#8211; Ouest France"}]},{"@type":"WebSite","@id":"https:\/\/cortomaltese.com\/fr\/#website","url":"https:\/\/cortomaltese.com\/fr\/","name":"cortomaltese fran\u00e7ais","description":"Il sito ufficiale","potentialAction":[{"@type":"SearchAction","target":{"@type":"EntryPoint","urlTemplate":"https:\/\/cortomaltese.com\/fr\/?s={search_term_string}"},"query-input":{"@type":"PropertyValueSpecification","valueRequired":true,"valueName":"search_term_string"}}],"inLanguage":"fr-FR"},{"@type":"Person","@id":"https:\/\/cortomaltese.com\/fr\/#\/schema\/person\/5204dd292c3d1105df4b66cc0749217e","name":"Corto Maltese","image":{"@type":"ImageObject","inLanguage":"fr-FR","@id":"https:\/\/cortomaltese.com\/fr\/#\/schema\/person\/image\/","url":"https:\/\/secure.gravatar.com\/avatar\/2ad4be5824b38545bbca3ce52ffd9add?s=96&d=mm&r=g","contentUrl":"https:\/\/secure.gravatar.com\/avatar\/2ad4be5824b38545bbca3ce52ffd9add?s=96&d=mm&r=g","caption":"Corto Maltese"},"url":"https:\/\/cortomaltese.com\/fr\/author\/cortomaltese\/"}]}},"_links":{"self":[{"href":"https:\/\/cortomaltese.com\/fr\/wp-json\/wp\/v2\/posts\/14176","targetHints":{"allow":["GET"]}}],"collection":[{"href":"https:\/\/cortomaltese.com\/fr\/wp-json\/wp\/v2\/posts"}],"about":[{"href":"https:\/\/cortomaltese.com\/fr\/wp-json\/wp\/v2\/types\/post"}],"author":[{"embeddable":true,"href":"https:\/\/cortomaltese.com\/fr\/wp-json\/wp\/v2\/users\/1"}],"replies":[{"embeddable":true,"href":"https:\/\/cortomaltese.com\/fr\/wp-json\/wp\/v2\/comments?post=14176"}],"version-history":[{"count":0,"href":"https:\/\/cortomaltese.com\/fr\/wp-json\/wp\/v2\/posts\/14176\/revisions"}],"wp:featuredmedia":[{"embeddable":true,"href":"https:\/\/cortomaltese.com\/fr\/wp-json\/wp\/v2\/media\/14177"}],"wp:attachment":[{"href":"https:\/\/cortomaltese.com\/fr\/wp-json\/wp\/v2\/media?parent=14176"}],"wp:term":[{"taxonomy":"category","embeddable":true,"href":"https:\/\/cortomaltese.com\/fr\/wp-json\/wp\/v2\/categories?post=14176"},{"taxonomy":"post_tag","embeddable":true,"href":"https:\/\/cortomaltese.com\/fr\/wp-json\/wp\/v2\/tags?post=14176"}],"curies":[{"name":"wp","href":"https:\/\/api.w.org\/{rel}","templated":true}]}}