{"id":1415,"date":"2014-10-29T06:48:51","date_gmt":"2014-10-29T05:48:51","guid":{"rendered":"https:\/\/cortomaltese.com\/fr\/it\/?p=1415"},"modified":"2017-01-27T11:41:50","modified_gmt":"2017-01-27T10:41:50","slug":"ritorno-di-corto-maltese","status":"publish","type":"post","link":"https:\/\/cortomaltese.com\/fr\/ritorno-di-corto-maltese\/","title":{"rendered":"Il ritorno di Corto Maltese"},"content":{"rendered":"<div class=\"fusion-fullwidth fullwidth-box fusion-builder-row-1 nonhundred-percent-fullwidth non-hundred-percent-height-scrolling\" style=\"--awb-background-position:left top;--awb-border-radius-top-left:0px;--awb-border-radius-top-right:0px;--awb-border-radius-bottom-right:0px;--awb-border-radius-bottom-left:0px;--awb-padding-top:20px;--awb-padding-bottom:20px;--awb-border-sizes-top:0px;--awb-border-sizes-bottom:0px;--awb-flex-wrap:wrap;\" ><div class=\"fusion-builder-row fusion-row\"><div class=\"fusion-layout-column fusion_builder_column fusion-builder-column-0 fusion_builder_column_1_1 1_1 fusion-one-full fusion-column-first fusion-column-last fusion-column-no-min-height\" style=\"--awb-bg-size:cover;--awb-margin-bottom:0px;\"><div class=\"fusion-column-wrapper fusion-flex-column-wrapper-legacy\"><div class=\"fusion-text fusion-text-1\"><p><span style=\"color: #dd3333;\"><strong>29 Ottobre 2014<\/strong><\/span><\/p>\n<\/div><div class=\"fusion-text fusion-text-2\"><p><strong>\u00abNon mi disturba l\u2019idea che un giorno qualcuno possa decidere di continuare le avventure di Corto Maltese\u00bb<\/strong>, raccontava Hugo Pratt a Dominique Petitfaux nel libro di conversazioni <em>All\u2019ombra di Corto<\/em>.<\/p>\n<p><span class=\"fusion-dropcap dropcap\">V<\/span>ent\u2019anni dopo la scomparsa di Hugo Pratt, il \u201cgentiluomo di fortuna\u201d torner\u00e0 a incantare i lettori con un\u2019avventura inedita, scritta e illustrata da nuovi autori, che uscir\u00e0 nell\u2019ottobre del 2015. Il volume che dar\u00e0 nuova vita a Corto Maltese sar\u00e0 pubblicato in Italia da Rizzoli Lizard e contemporaneamente in Francia e Olanda da Casterman e in Spagna da Norma Editorial.<br \/>\nDopo \u201cMu \u2013 La citt\u00e0 perduta\u201d pubblicata nel 1992, il celebre marinaio vivr\u00e0 la sua trentesima avventura a partire da un racconto inedito sceneggiato da Juan Diaz Canales (Blacksad) e disegnato da Rub\u00e9n Pellejero (Dieter Lumpen).<\/p>\n<p>In attesa di vedere rinascere Corto Maltese, <strong>Rizzoli Lizard pubblicher\u00e0 il 29 ottobre \u201cEl cacique Blanco\u201d di Hugo Pratt e Alberto Ongaro<\/strong>. Pubblicato in due puntate tra il 1951 e il 1952 sulla rivista \u201cMisterix\u201d, El cacique Blanco \u00e8 inedito in Europa e arriver\u00e0 in Italia dopo pi\u00f9 di sessant\u2019anni dalla sua creazione, in un unico volume che celebra il genio di due grandi maestri del fumetto italiano.<\/p>\n<div class=\"fusion-sep-clear\"><\/div><div class=\"fusion-separator fusion-clearfix\" style=\"float:left;margin-top:20px;margin-bottom:40px;width:100%;max-width:40%;\"><div class=\"fusion-separator-border sep-single sep-solid\" style=\"--awb-height:20px;--awb-amount:20px;--awb-sep-color:#dd3333;border-color:#dd3333;border-top-width:4px;\"><\/div><\/div><div class=\"fusion-sep-clear\"><\/div>\n<p><img decoding=\"async\" class=\"alignleft size-full wp-image-11641\" src=\"https:\/\/cortomaltese.com\/wp-content\/uploads\/sites\/3\/communiqueCorto_GB300914.jpg\" alt=\"communiqueCorto_GB300914\" width=\"1334\" height=\"1709\" srcset=\"https:\/\/cortomaltese.com\/fr\/wp-content\/uploads\/sites\/3\/communiqueCorto_GB300914-200x256.jpg 200w, https:\/\/cortomaltese.com\/fr\/wp-content\/uploads\/sites\/3\/communiqueCorto_GB300914-300x384.jpg 300w, https:\/\/cortomaltese.com\/fr\/wp-content\/uploads\/sites\/3\/communiqueCorto_GB300914-400x512.jpg 400w, https:\/\/cortomaltese.com\/fr\/wp-content\/uploads\/sites\/3\/communiqueCorto_GB300914-600x769.jpg 600w, https:\/\/cortomaltese.com\/fr\/wp-content\/uploads\/sites\/3\/communiqueCorto_GB300914-800x1025.jpg 800w, https:\/\/cortomaltese.com\/fr\/wp-content\/uploads\/sites\/3\/communiqueCorto_GB300914-999x1280.jpg 999w, https:\/\/cortomaltese.com\/fr\/wp-content\/uploads\/sites\/3\/communiqueCorto_GB300914-1200x1537.jpg 1200w, https:\/\/cortomaltese.com\/fr\/wp-content\/uploads\/sites\/3\/communiqueCorto_GB300914.jpg 1334w\" sizes=\"(max-width: 1334px) 100vw, 1334px\" \/><\/p>\n<\/div><div class=\"fusion-clearfix\"><\/div><\/div><\/div><\/div><\/div>\n","protected":false},"excerpt":{"rendered":"","protected":false},"author":1,"featured_media":11928,"comment_status":"closed","ping_status":"closed","sticky":false,"template":"","format":"standard","meta":{"footnotes":""},"categories":[16,18,19],"tags":[],"class_list":["post-1415","post","type-post","status-publish","format-standard","has-post-thumbnail","hentry","category-corto-maltese","category-evenements","category-featured"],"yoast_head":"<!-- This site is optimized with the Yoast SEO plugin v26.5 - https:\/\/yoast.com\/wordpress\/plugins\/seo\/ -->\n<title>Il ritorno di Corto Maltese | Corto Maltese<\/title>\n<meta name=\"description\" content=\"Il ritorno di Corto Maltese 20 anni dopo la scomparsa di Hugo Pratt con un\u2019avventura inedita, scritta e illustrata da nuovi autori, ad ottobre del 2015.\" \/>\n<meta name=\"robots\" content=\"index, follow, max-snippet:-1, max-image-preview:large, max-video-preview:-1\" \/>\n<link rel=\"canonical\" href=\"https:\/\/cortomaltese.com\/fr\/ritorno-di-corto-maltese\/\" \/>\n<meta property=\"og:locale\" content=\"fr_FR\" \/>\n<meta property=\"og:type\" content=\"article\" \/>\n<meta property=\"og:title\" content=\"Il ritorno di Corto Maltese | Corto Maltese\" \/>\n<meta property=\"og:description\" content=\"Il ritorno di Corto Maltese 20 anni dopo la scomparsa di Hugo Pratt con un\u2019avventura inedita, scritta e illustrata da nuovi autori, ad ottobre del 2015.\" \/>\n<meta property=\"og:url\" content=\"https:\/\/cortomaltese.com\/fr\/ritorno-di-corto-maltese\/\" \/>\n<meta property=\"og:site_name\" content=\"cortomaltese fran\u00e7ais\" \/>\n<meta property=\"article:published_time\" content=\"2014-10-29T05:48:51+00:00\" \/>\n<meta property=\"article:modified_time\" content=\"2017-01-27T10:41:50+00:00\" \/>\n<meta name=\"author\" content=\"Corto Maltese\" \/>\n<meta name=\"twitter:card\" content=\"summary_large_image\" \/>\n<meta name=\"twitter:image\" content=\"https:\/\/cortomaltese.com\/fr\/wp-content\/uploads\/sites\/3\/Corto-Maltese-in-Svizzera.jpg\" \/>\n<meta name=\"twitter:label1\" content=\"\u00c9crit par\" \/>\n\t<meta name=\"twitter:data1\" content=\"Corto Maltese\" \/>\n\t<meta name=\"twitter:label2\" content=\"Dur\u00e9e de lecture estim\u00e9e\" \/>\n\t<meta name=\"twitter:data2\" content=\"2 minutes\" \/>\n<script type=\"application\/ld+json\" class=\"yoast-schema-graph\">{\"@context\":\"https:\/\/schema.org\",\"@graph\":[{\"@type\":\"WebPage\",\"@id\":\"https:\/\/cortomaltese.com\/fr\/ritorno-di-corto-maltese\/\",\"url\":\"https:\/\/cortomaltese.com\/fr\/ritorno-di-corto-maltese\/\",\"name\":\"Il ritorno di Corto Maltese | Corto Maltese\",\"isPartOf\":{\"@id\":\"https:\/\/cortomaltese.com\/fr\/#website\"},\"primaryImageOfPage\":{\"@id\":\"https:\/\/cortomaltese.com\/fr\/ritorno-di-corto-maltese\/#primaryimage\"},\"image\":{\"@id\":\"https:\/\/cortomaltese.com\/fr\/ritorno-di-corto-maltese\/#primaryimage\"},\"thumbnailUrl\":\"https:\/\/cortomaltese.com\/fr\/wp-content\/uploads\/sites\/3\/Corto-Maltese-in-Svizzera.jpg\",\"datePublished\":\"2014-10-29T05:48:51+00:00\",\"dateModified\":\"2017-01-27T10:41:50+00:00\",\"author\":{\"@id\":\"https:\/\/cortomaltese.com\/fr\/#\/schema\/person\/5204dd292c3d1105df4b66cc0749217e\"},\"description\":\"Il ritorno di Corto Maltese 20 anni dopo la scomparsa di Hugo Pratt con un\u2019avventura inedita, scritta e illustrata da nuovi autori, ad ottobre del 2015.\",\"breadcrumb\":{\"@id\":\"https:\/\/cortomaltese.com\/fr\/ritorno-di-corto-maltese\/#breadcrumb\"},\"inLanguage\":\"fr-FR\",\"potentialAction\":[{\"@type\":\"ReadAction\",\"target\":[\"https:\/\/cortomaltese.com\/fr\/ritorno-di-corto-maltese\/\"]}]},{\"@type\":\"ImageObject\",\"inLanguage\":\"fr-FR\",\"@id\":\"https:\/\/cortomaltese.com\/fr\/ritorno-di-corto-maltese\/#primaryimage\",\"url\":\"https:\/\/cortomaltese.com\/fr\/wp-content\/uploads\/sites\/3\/Corto-Maltese-in-Svizzera.jpg\",\"contentUrl\":\"https:\/\/cortomaltese.com\/fr\/wp-content\/uploads\/sites\/3\/Corto-Maltese-in-Svizzera.jpg\",\"width\":1000,\"height\":1334},{\"@type\":\"BreadcrumbList\",\"@id\":\"https:\/\/cortomaltese.com\/fr\/ritorno-di-corto-maltese\/#breadcrumb\",\"itemListElement\":[{\"@type\":\"ListItem\",\"position\":1,\"name\":\"Accueil\",\"item\":\"https:\/\/cortomaltese.com\/fr\/\"},{\"@type\":\"ListItem\",\"position\":2,\"name\":\"Il ritorno di Corto Maltese\"}]},{\"@type\":\"WebSite\",\"@id\":\"https:\/\/cortomaltese.com\/fr\/#website\",\"url\":\"https:\/\/cortomaltese.com\/fr\/\",\"name\":\"cortomaltese fran\u00e7ais\",\"description\":\"Il sito ufficiale\",\"potentialAction\":[{\"@type\":\"SearchAction\",\"target\":{\"@type\":\"EntryPoint\",\"urlTemplate\":\"https:\/\/cortomaltese.com\/fr\/?s={search_term_string}\"},\"query-input\":{\"@type\":\"PropertyValueSpecification\",\"valueRequired\":true,\"valueName\":\"search_term_string\"}}],\"inLanguage\":\"fr-FR\"},{\"@type\":\"Person\",\"@id\":\"https:\/\/cortomaltese.com\/fr\/#\/schema\/person\/5204dd292c3d1105df4b66cc0749217e\",\"name\":\"Corto Maltese\",\"image\":{\"@type\":\"ImageObject\",\"inLanguage\":\"fr-FR\",\"@id\":\"https:\/\/cortomaltese.com\/fr\/#\/schema\/person\/image\/\",\"url\":\"https:\/\/secure.gravatar.com\/avatar\/2ad4be5824b38545bbca3ce52ffd9add?s=96&d=mm&r=g\",\"contentUrl\":\"https:\/\/secure.gravatar.com\/avatar\/2ad4be5824b38545bbca3ce52ffd9add?s=96&d=mm&r=g\",\"caption\":\"Corto Maltese\"},\"url\":\"https:\/\/cortomaltese.com\/fr\/author\/cortomaltese\/\"}]}<\/script>\n<!-- \/ Yoast SEO plugin. -->","yoast_head_json":{"title":"Il ritorno di Corto Maltese | Corto Maltese","description":"Il ritorno di Corto Maltese 20 anni dopo la scomparsa di Hugo Pratt con un\u2019avventura inedita, scritta e illustrata da nuovi autori, ad ottobre del 2015.","robots":{"index":"index","follow":"follow","max-snippet":"max-snippet:-1","max-image-preview":"max-image-preview:large","max-video-preview":"max-video-preview:-1"},"canonical":"https:\/\/cortomaltese.com\/fr\/ritorno-di-corto-maltese\/","og_locale":"fr_FR","og_type":"article","og_title":"Il ritorno di Corto Maltese | Corto Maltese","og_description":"Il ritorno di Corto Maltese 20 anni dopo la scomparsa di Hugo Pratt con un\u2019avventura inedita, scritta e illustrata da nuovi autori, ad ottobre del 2015.","og_url":"https:\/\/cortomaltese.com\/fr\/ritorno-di-corto-maltese\/","og_site_name":"cortomaltese fran\u00e7ais","article_published_time":"2014-10-29T05:48:51+00:00","article_modified_time":"2017-01-27T10:41:50+00:00","author":"Corto Maltese","twitter_card":"summary_large_image","twitter_image":"https:\/\/cortomaltese.com\/fr\/wp-content\/uploads\/sites\/3\/Corto-Maltese-in-Svizzera.jpg","twitter_misc":{"\u00c9crit par":"Corto Maltese","Dur\u00e9e de lecture estim\u00e9e":"2 minutes"},"schema":{"@context":"https:\/\/schema.org","@graph":[{"@type":"WebPage","@id":"https:\/\/cortomaltese.com\/fr\/ritorno-di-corto-maltese\/","url":"https:\/\/cortomaltese.com\/fr\/ritorno-di-corto-maltese\/","name":"Il ritorno di Corto Maltese | Corto Maltese","isPartOf":{"@id":"https:\/\/cortomaltese.com\/fr\/#website"},"primaryImageOfPage":{"@id":"https:\/\/cortomaltese.com\/fr\/ritorno-di-corto-maltese\/#primaryimage"},"image":{"@id":"https:\/\/cortomaltese.com\/fr\/ritorno-di-corto-maltese\/#primaryimage"},"thumbnailUrl":"https:\/\/cortomaltese.com\/fr\/wp-content\/uploads\/sites\/3\/Corto-Maltese-in-Svizzera.jpg","datePublished":"2014-10-29T05:48:51+00:00","dateModified":"2017-01-27T10:41:50+00:00","author":{"@id":"https:\/\/cortomaltese.com\/fr\/#\/schema\/person\/5204dd292c3d1105df4b66cc0749217e"},"description":"Il ritorno di Corto Maltese 20 anni dopo la scomparsa di Hugo Pratt con un\u2019avventura inedita, scritta e illustrata da nuovi autori, ad ottobre del 2015.","breadcrumb":{"@id":"https:\/\/cortomaltese.com\/fr\/ritorno-di-corto-maltese\/#breadcrumb"},"inLanguage":"fr-FR","potentialAction":[{"@type":"ReadAction","target":["https:\/\/cortomaltese.com\/fr\/ritorno-di-corto-maltese\/"]}]},{"@type":"ImageObject","inLanguage":"fr-FR","@id":"https:\/\/cortomaltese.com\/fr\/ritorno-di-corto-maltese\/#primaryimage","url":"https:\/\/cortomaltese.com\/fr\/wp-content\/uploads\/sites\/3\/Corto-Maltese-in-Svizzera.jpg","contentUrl":"https:\/\/cortomaltese.com\/fr\/wp-content\/uploads\/sites\/3\/Corto-Maltese-in-Svizzera.jpg","width":1000,"height":1334},{"@type":"BreadcrumbList","@id":"https:\/\/cortomaltese.com\/fr\/ritorno-di-corto-maltese\/#breadcrumb","itemListElement":[{"@type":"ListItem","position":1,"name":"Accueil","item":"https:\/\/cortomaltese.com\/fr\/"},{"@type":"ListItem","position":2,"name":"Il ritorno di Corto Maltese"}]},{"@type":"WebSite","@id":"https:\/\/cortomaltese.com\/fr\/#website","url":"https:\/\/cortomaltese.com\/fr\/","name":"cortomaltese fran\u00e7ais","description":"Il sito ufficiale","potentialAction":[{"@type":"SearchAction","target":{"@type":"EntryPoint","urlTemplate":"https:\/\/cortomaltese.com\/fr\/?s={search_term_string}"},"query-input":{"@type":"PropertyValueSpecification","valueRequired":true,"valueName":"search_term_string"}}],"inLanguage":"fr-FR"},{"@type":"Person","@id":"https:\/\/cortomaltese.com\/fr\/#\/schema\/person\/5204dd292c3d1105df4b66cc0749217e","name":"Corto Maltese","image":{"@type":"ImageObject","inLanguage":"fr-FR","@id":"https:\/\/cortomaltese.com\/fr\/#\/schema\/person\/image\/","url":"https:\/\/secure.gravatar.com\/avatar\/2ad4be5824b38545bbca3ce52ffd9add?s=96&d=mm&r=g","contentUrl":"https:\/\/secure.gravatar.com\/avatar\/2ad4be5824b38545bbca3ce52ffd9add?s=96&d=mm&r=g","caption":"Corto Maltese"},"url":"https:\/\/cortomaltese.com\/fr\/author\/cortomaltese\/"}]}},"_links":{"self":[{"href":"https:\/\/cortomaltese.com\/fr\/wp-json\/wp\/v2\/posts\/1415","targetHints":{"allow":["GET"]}}],"collection":[{"href":"https:\/\/cortomaltese.com\/fr\/wp-json\/wp\/v2\/posts"}],"about":[{"href":"https:\/\/cortomaltese.com\/fr\/wp-json\/wp\/v2\/types\/post"}],"author":[{"embeddable":true,"href":"https:\/\/cortomaltese.com\/fr\/wp-json\/wp\/v2\/users\/1"}],"replies":[{"embeddable":true,"href":"https:\/\/cortomaltese.com\/fr\/wp-json\/wp\/v2\/comments?post=1415"}],"version-history":[{"count":0,"href":"https:\/\/cortomaltese.com\/fr\/wp-json\/wp\/v2\/posts\/1415\/revisions"}],"wp:featuredmedia":[{"embeddable":true,"href":"https:\/\/cortomaltese.com\/fr\/wp-json\/wp\/v2\/media\/11928"}],"wp:attachment":[{"href":"https:\/\/cortomaltese.com\/fr\/wp-json\/wp\/v2\/media?parent=1415"}],"wp:term":[{"taxonomy":"category","embeddable":true,"href":"https:\/\/cortomaltese.com\/fr\/wp-json\/wp\/v2\/categories?post=1415"},{"taxonomy":"post_tag","embeddable":true,"href":"https:\/\/cortomaltese.com\/fr\/wp-json\/wp\/v2\/tags?post=1415"}],"curies":[{"name":"wp","href":"https:\/\/api.w.org\/{rel}","templated":true}]}}