{"id":13215,"date":"2016-06-18T16:33:33","date_gmt":"2016-06-18T14:33:33","guid":{"rendered":"https:\/\/cortomaltese.com\/fr\/?p=13215"},"modified":"2017-01-27T11:41:49","modified_gmt":"2017-01-27T10:41:49","slug":"oltrecorto-omaggio-hugo-pratt","status":"publish","type":"post","link":"https:\/\/cortomaltese.com\/fr\/oltrecorto-omaggio-hugo-pratt\/","title":{"rendered":"OltreCorto. Omaggio a Hugo Pratt"},"content":{"rendered":"<p><div class=\"fusion-fullwidth fullwidth-box fusion-builder-row-1 nonhundred-percent-fullwidth non-hundred-percent-height-scrolling\" style=\"--awb-background-position:left top;--awb-border-radius-top-left:0px;--awb-border-radius-top-right:0px;--awb-border-radius-bottom-right:0px;--awb-border-radius-bottom-left:0px;--awb-padding-top:20px;--awb-padding-bottom:20px;--awb-border-sizes-top:0px;--awb-border-sizes-bottom:0px;--awb-flex-wrap:wrap;\" ><div class=\"fusion-builder-row fusion-row\"><div class=\"fusion-layout-column fusion_builder_column fusion-builder-column-0 fusion_builder_column_1_1 1_1 fusion-one-full fusion-column-first fusion-column-last fusion-column-no-min-height\" style=\"--awb-bg-size:cover;--awb-margin-bottom:0px;\"><div class=\"fusion-column-wrapper fusion-flex-column-wrapper-legacy\"><div class=\"fusion-text fusion-text-1\"><p><strong><span style=\"color: #ff0000;\">Ragusa, 18 giugno 2016 alle ore 21:30 presso la Chiesa SS. Salvatore.<\/span><\/strong><\/p>\n<p class=\"p1\"><img decoding=\"async\" class=\"alignleft wp-image-13216 size-medium\" src=\"https:\/\/cortomaltese.com\/wp-content\/uploads\/sites\/3\/oltrecorto-ragusa-300x111.jpg\" alt=\"oltrecorto-ragusa\" width=\"300\" height=\"111\" srcset=\"https:\/\/cortomaltese.com\/fr\/wp-content\/uploads\/sites\/3\/oltrecorto-ragusa-200x74.jpg 200w, https:\/\/cortomaltese.com\/fr\/wp-content\/uploads\/sites\/3\/oltrecorto-ragusa-300x111.jpg 300w, https:\/\/cortomaltese.com\/fr\/wp-content\/uploads\/sites\/3\/oltrecorto-ragusa-400x148.jpg 400w, https:\/\/cortomaltese.com\/fr\/wp-content\/uploads\/sites\/3\/oltrecorto-ragusa-600x222.jpg 600w, https:\/\/cortomaltese.com\/fr\/wp-content\/uploads\/sites\/3\/oltrecorto-ragusa-800x296.jpg 800w, https:\/\/cortomaltese.com\/fr\/wp-content\/uploads\/sites\/3\/oltrecorto-ragusa.jpg 851w\" sizes=\"(max-width: 300px) 100vw, 300px\" \/>Un appuntamento imperdibile per tutti gli amanti del fumetto d\u2019autore. A Ragusa, in esclusiva per il festival <span style=\"color: #ff0000;\"><a style=\"color: #ff0000;\" href=\"http:\/\/www.atuttovolume.org\/\" target=\"_blank\">A tutto volume<\/a><\/span>, si sono incontrati\u00a0per la prima volta <em>Marco Steiner<\/em>, gi\u00e0 collaboratore di Hugo Pratt e romanziere della giovinezza di Corto Maltese e <em>Ruben Pellejero<\/em> unico disegnatore che ha fatto rivivere il marinaio dopo la scomparsa del grande disegnatore.<br \/>\nOltreCorto \u00e8 il titolo dell\u2019incontro presentazione<span class=\"Apple-converted-space\">\u00a0 <\/span>che vuole fare il punto sulla complessa eredit\u00e0 di Pratt e le prospettive di sviluppo dell\u2019eroe creato dalla sua matita.<span class=\"Apple-converted-space\">\u00a0Con la conduzione di <span style=\"color: #ff0000;\"><a style=\"color: #ff0000;\" href=\"http:\/\/www.internazionale.it\/tag\/autori\/francesco-boille-2\" target=\"_blank\">Francesco Boille<\/a><\/span> (Internazionale) e di <span style=\"color: #ff0000;\"><a style=\"color: #ff0000;\" href=\"https:\/\/www.facebook.com\/vcascone\" target=\"_blank\">Vincenzo Cascone<\/a><\/span> (Extempora) sono stati<\/span>\u00a0presentati il romanzo <span style=\"color: #ff0000;\"><a style=\"color: #ff0000;\" href=\"https:\/\/cortomaltese.com\/fr\/oltremare-marco-steiner\/\" target=\"_blank\">Oltremare<\/a><\/span> di Marco Steiner edito da Sellerio (2015)<span class=\"Apple-converted-space\">\u00a0 <\/span>e <span style=\"color: #ff0000;\"><a style=\"color: #ff0000;\" href=\"https:\/\/cortomaltese.com\/fr\/sotto-il-sole-di-mezzanotte\/\" target=\"_blank\">Sotto il sole di mezzanotte<\/a><\/span> di Canalez\/Pellejero, edito da Rizzoli Lizard (2015).<br \/>\nDurante la serata molto apprezzata la realizzazione dal vivo di una serie di ritratti del celebre marinaio.<\/p>\n<\/div><div class=\"fusion-sep-clear\"><\/div><div class=\"fusion-separator fusion-full-width-sep\" style=\"margin-left: auto;margin-right: auto;margin-top:40px;margin-bottom:20px;width:100%;\"><div class=\"fusion-separator-border sep-single sep-solid\" style=\"--awb-height:20px;--awb-amount:20px;--awb-sep-color:#dd3333;border-color:#dd3333;border-top-width:3px;\"><\/div><\/div><div class=\"fusion-sep-clear\"><\/div><div class=\"fusion-text fusion-text-2\"><p>Una gallery di foto dedicate alla serata e scattate da <span style=\"color: #ff0000;\"><a style=\"color: #ff0000;\" href=\"https:\/\/www.facebook.com\/angelogigliofotografia\" target=\"_blank\">Angelo Giglio<\/a><\/span> dello staff organizzativo del festival <em>A tutto volume<\/em>.<\/p>\n<\/div><div class=\"fusion-clearfix\"><\/div><\/div><\/div><\/div><\/div><div class=\"fusion-fullwidth fullwidth-box fusion-builder-row-2 hundred-percent-fullwidth non-hundred-percent-height-scrolling\" style=\"--awb-border-radius-top-left:0px;--awb-border-radius-top-right:0px;--awb-border-radius-bottom-right:0px;--awb-border-radius-bottom-left:0px;--awb-overflow:visible;--awb-flex-wrap:wrap;\" ><div class=\"fusion-builder-row fusion-row\"><div class=\"fusion-layout-column fusion_builder_column fusion-builder-column-1 fusion_builder_column_1_1 1_1 fusion-one-full fusion-column-first fusion-column-last fusion-column-no-min-height\" style=\"--awb-bg-size:cover;--awb-margin-bottom:0px;\"><div class=\"fusion-column-wrapper fusion-flex-column-wrapper-legacy\"><div class=\"fusion-slider-sc fusion-flexslider-loading flexslider flexslider-hover-type-liftup\" data-slideshow_autoplay=\"1\" data-slideshow_smooth_height=\"0\" data-slideshow_speed=\"7000\" style=\"max-width:100%;height:100%;\"><ul class=\"slides\"><li class=\"image\"><span class=\"fusion-image-hover-element hover-type-liftup\"><img decoding=\"async\" src=\"https:\/\/cortomaltese.com\/wp-content\/uploads\/sites\/3\/OltreCorto-a-Ragusa-giugno-2016-1.jpg\" \/><\/span><\/li><li class=\"image\"><span class=\"fusion-image-hover-element hover-type-liftup\"><img decoding=\"async\" src=\"https:\/\/cortomaltese.com\/wp-content\/uploads\/sites\/3\/OltreCorto-a-Ragusa-giugno-2016-2.jpg\" \/><\/span><\/li><li class=\"image\"><span class=\"fusion-image-hover-element hover-type-liftup\"><img decoding=\"async\" src=\"https:\/\/cortomaltese.com\/wp-content\/uploads\/sites\/3\/OltreCorto-a-Ragusa-giugno-2016-3.jpg\" \/><\/span><\/li><li class=\"image\"><span class=\"fusion-image-hover-element hover-type-liftup\"><img decoding=\"async\" src=\"https:\/\/cortomaltese.com\/wp-content\/uploads\/sites\/3\/OltreCorto-a-Ragusa-giugno-2016-4.jpg\" \/><\/span><\/li><li class=\"image\"><span class=\"fusion-image-hover-element hover-type-liftup\"><img decoding=\"async\" src=\"https:\/\/cortomaltese.com\/wp-content\/uploads\/sites\/3\/OltreCorto-a-Ragusa-giugno-2016-5.jpg\" \/><\/span><\/li><li class=\"image\"><span class=\"fusion-image-hover-element hover-type-liftup\"><img decoding=\"async\" src=\"https:\/\/cortomaltese.com\/wp-content\/uploads\/sites\/3\/OltreCorto-a-Ragusa-giugno-2016-6.jpg\" \/><\/span><\/li><li class=\"image\"><span class=\"fusion-image-hover-element hover-type-liftup\"><img decoding=\"async\" src=\"https:\/\/cortomaltese.com\/wp-content\/uploads\/sites\/3\/OltreCorto-a-Ragusa-giugno-2016-7.jpg\" \/><\/span><\/li><li class=\"image\"><span class=\"fusion-image-hover-element hover-type-liftup\"><img decoding=\"async\" src=\"https:\/\/cortomaltese.com\/wp-content\/uploads\/sites\/3\/OltreCorto-a-Ragusa-giugno-2016-8.jpg\" \/><\/span><\/li><li class=\"image\"><span class=\"fusion-image-hover-element hover-type-liftup\"><img decoding=\"async\" src=\"https:\/\/cortomaltese.com\/wp-content\/uploads\/sites\/3\/OltreCorto-a-Ragusa-giugno-2016-9.jpg\" \/><\/span><\/li><li class=\"image\"><span class=\"fusion-image-hover-element hover-type-liftup\"><img decoding=\"async\" src=\"https:\/\/cortomaltese.com\/wp-content\/uploads\/sites\/3\/OltreCorto-a-Ragusa-giugno-2016-10.jpg\" \/><\/span><\/li><li class=\"image\"><span class=\"fusion-image-hover-element hover-type-liftup\"><img decoding=\"async\" src=\"https:\/\/cortomaltese.com\/wp-content\/uploads\/sites\/3\/OltreCorto-a-Ragusa-giugno-2016-11.jpg\" \/><\/span><\/li><li class=\"image\"><span class=\"fusion-image-hover-element hover-type-liftup\"><img decoding=\"async\" src=\"https:\/\/cortomaltese.com\/wp-content\/uploads\/sites\/3\/OltreCorto-a-Ragusa-giugno-2016-12.jpg\" \/><\/span><\/li><li class=\"image\"><span class=\"fusion-image-hover-element hover-type-liftup\"><img decoding=\"async\" src=\"https:\/\/cortomaltese.com\/wp-content\/uploads\/sites\/3\/OltreCorto-a-Ragusa-giugno-2016-13.jpg\" \/><\/span><\/li><li class=\"image\"><span class=\"fusion-image-hover-element hover-type-liftup\"><img decoding=\"async\" src=\"https:\/\/cortomaltese.com\/wp-content\/uploads\/sites\/3\/OltreCorto-a-Ragusa-giugno-2016-14.jpg\" \/><\/span><\/li><li class=\"image\"><span class=\"fusion-image-hover-element hover-type-liftup\"><img decoding=\"async\" src=\"https:\/\/cortomaltese.com\/wp-content\/uploads\/sites\/3\/OltreCorto-a-Ragusa-giugno-2016-15.jpg\" \/><\/span><\/li><li class=\"image\"><span class=\"fusion-image-hover-element hover-type-liftup\"><img decoding=\"async\" src=\"https:\/\/cortomaltese.com\/wp-content\/uploads\/sites\/3\/OltreCorto-a-Ragusa-giugno-2016-16.jpg\" \/><\/span><\/li><li class=\"image\"><span class=\"fusion-image-hover-element hover-type-liftup\"><img decoding=\"async\" src=\"https:\/\/cortomaltese.com\/wp-content\/uploads\/sites\/3\/OltreCorto-a-Ragusa-giugno-2016-17.jpg\" \/><\/span><\/li><li class=\"image\"><span class=\"fusion-image-hover-element hover-type-liftup\"><img decoding=\"async\" src=\"https:\/\/cortomaltese.com\/wp-content\/uploads\/sites\/3\/OltreCorto-a-Ragusa-giugno-2016-18.jpg\" \/><\/span><\/li><li class=\"image\"><span class=\"fusion-image-hover-element hover-type-liftup\"><img decoding=\"async\" src=\"https:\/\/cortomaltese.com\/wp-content\/uploads\/sites\/3\/OltreCorto-a-Ragusa-giugno-2016-19.jpg\" \/><\/span><\/li><li class=\"image\"><span class=\"fusion-image-hover-element hover-type-liftup\"><img decoding=\"async\" src=\"https:\/\/cortomaltese.com\/wp-content\/uploads\/sites\/3\/OltreCorto-a-Ragusa-giugno-2016-20.jpg\" \/><\/span><\/li><li class=\"image\"><span class=\"fusion-image-hover-element hover-type-liftup\"><img decoding=\"async\" src=\"https:\/\/cortomaltese.com\/wp-content\/uploads\/sites\/3\/OltreCorto-a-Ragusa-giugno-2016-21.jpg\" \/><\/span><\/li><li class=\"image\"><span class=\"fusion-image-hover-element hover-type-liftup\"><img decoding=\"async\" src=\"https:\/\/cortomaltese.com\/wp-content\/uploads\/sites\/3\/OltreCorto-a-Ragusa-giugno-2016-22.jpg\" \/><\/span><\/li><li class=\"image\"><span class=\"fusion-image-hover-element hover-type-liftup\"><img decoding=\"async\" src=\"https:\/\/cortomaltese.com\/wp-content\/uploads\/sites\/3\/OltreCorto-a-Ragusa-giugno-2016-23.jpg\" \/><\/span><\/li><li class=\"image\"><span class=\"fusion-image-hover-element hover-type-liftup\"><img decoding=\"async\" src=\"https:\/\/cortomaltese.com\/wp-content\/uploads\/sites\/3\/OltreCorto-a-Ragusa-giugno-2016-24.jpg\" \/><\/span><\/li><li class=\"image\"><span class=\"fusion-image-hover-element hover-type-liftup\"><img decoding=\"async\" src=\"https:\/\/cortomaltese.com\/wp-content\/uploads\/sites\/3\/OltreCorto-a-Ragusa-giugno-2016-25.jpg\" \/><\/span><\/li><li class=\"image\"><span class=\"fusion-image-hover-element hover-type-liftup\"><img decoding=\"async\" src=\"https:\/\/cortomaltese.com\/wp-content\/uploads\/sites\/3\/OltreCorto-a-Ragusa-giugno-2016-26.jpg\" \/><\/span><\/li><\/ul><\/div><div class=\"fusion-clearfix\"><\/div><\/div><\/div><\/div><\/div><\/p>\n","protected":false},"excerpt":{"rendered":"","protected":false},"author":1,"featured_media":13216,"comment_status":"closed","ping_status":"open","sticky":false,"template":"","format":"standard","meta":{"footnotes":""},"categories":[18,19,17],"tags":[],"class_list":["post-13215","post","type-post","status-publish","format-standard","has-post-thumbnail","hentry","category-evenements","category-featured","category-hugo-pratt"],"yoast_head":"<!-- This site is optimized with the Yoast SEO plugin v26.5 - https:\/\/yoast.com\/wordpress\/plugins\/seo\/ -->\n<title>OltreCorto. Omaggio a Hugo Pratt | Corto Maltese<\/title>\n<meta name=\"description\" content=\"OltreCorto. Omaggio a Hugo Pratt. Ragusa, 17 giugno 2016 alle ore 21:30 presso la Chiesa SS. Salvatore. Un appuntamento per gli amanti del fumetto d\u2019autore.\" \/>\n<meta name=\"robots\" content=\"index, follow, max-snippet:-1, max-image-preview:large, max-video-preview:-1\" \/>\n<link rel=\"canonical\" href=\"https:\/\/cortomaltese.com\/fr\/oltrecorto-omaggio-hugo-pratt\/\" \/>\n<meta property=\"og:locale\" content=\"fr_FR\" \/>\n<meta property=\"og:type\" content=\"article\" \/>\n<meta property=\"og:title\" content=\"OltreCorto. Omaggio a Hugo Pratt | Corto Maltese\" \/>\n<meta property=\"og:description\" content=\"OltreCorto. Omaggio a Hugo Pratt. Ragusa, 17 giugno 2016 alle ore 21:30 presso la Chiesa SS. Salvatore. Un appuntamento per gli amanti del fumetto d\u2019autore.\" \/>\n<meta property=\"og:url\" content=\"https:\/\/cortomaltese.com\/fr\/oltrecorto-omaggio-hugo-pratt\/\" \/>\n<meta property=\"og:site_name\" content=\"cortomaltese fran\u00e7ais\" \/>\n<meta property=\"article:published_time\" content=\"2016-06-18T14:33:33+00:00\" \/>\n<meta property=\"article:modified_time\" content=\"2017-01-27T10:41:49+00:00\" \/>\n<meta name=\"author\" content=\"Corto Maltese\" \/>\n<meta name=\"twitter:card\" content=\"summary_large_image\" \/>\n<meta name=\"twitter:image\" content=\"https:\/\/cortomaltese.com\/fr\/wp-content\/uploads\/sites\/3\/oltrecorto-ragusa.jpg\" \/>\n<meta name=\"twitter:label1\" content=\"\u00c9crit par\" \/>\n\t<meta name=\"twitter:data1\" content=\"Corto Maltese\" \/>\n\t<meta name=\"twitter:label2\" content=\"Dur\u00e9e de lecture estim\u00e9e\" \/>\n\t<meta name=\"twitter:data2\" content=\"5 minutes\" \/>\n<script type=\"application\/ld+json\" class=\"yoast-schema-graph\">{\"@context\":\"https:\/\/schema.org\",\"@graph\":[{\"@type\":\"WebPage\",\"@id\":\"https:\/\/cortomaltese.com\/fr\/oltrecorto-omaggio-hugo-pratt\/\",\"url\":\"https:\/\/cortomaltese.com\/fr\/oltrecorto-omaggio-hugo-pratt\/\",\"name\":\"OltreCorto. Omaggio a Hugo Pratt | Corto Maltese\",\"isPartOf\":{\"@id\":\"https:\/\/cortomaltese.com\/fr\/#website\"},\"primaryImageOfPage\":{\"@id\":\"https:\/\/cortomaltese.com\/fr\/oltrecorto-omaggio-hugo-pratt\/#primaryimage\"},\"image\":{\"@id\":\"https:\/\/cortomaltese.com\/fr\/oltrecorto-omaggio-hugo-pratt\/#primaryimage\"},\"thumbnailUrl\":\"https:\/\/cortomaltese.com\/fr\/wp-content\/uploads\/sites\/3\/oltrecorto-ragusa.jpg\",\"datePublished\":\"2016-06-18T14:33:33+00:00\",\"dateModified\":\"2017-01-27T10:41:49+00:00\",\"author\":{\"@id\":\"https:\/\/cortomaltese.com\/fr\/#\/schema\/person\/5204dd292c3d1105df4b66cc0749217e\"},\"description\":\"OltreCorto. Omaggio a Hugo Pratt. Ragusa, 17 giugno 2016 alle ore 21:30 presso la Chiesa SS. Salvatore. Un appuntamento per gli amanti del fumetto d\u2019autore.\",\"breadcrumb\":{\"@id\":\"https:\/\/cortomaltese.com\/fr\/oltrecorto-omaggio-hugo-pratt\/#breadcrumb\"},\"inLanguage\":\"fr-FR\",\"potentialAction\":[{\"@type\":\"ReadAction\",\"target\":[\"https:\/\/cortomaltese.com\/fr\/oltrecorto-omaggio-hugo-pratt\/\"]}]},{\"@type\":\"ImageObject\",\"inLanguage\":\"fr-FR\",\"@id\":\"https:\/\/cortomaltese.com\/fr\/oltrecorto-omaggio-hugo-pratt\/#primaryimage\",\"url\":\"https:\/\/cortomaltese.com\/fr\/wp-content\/uploads\/sites\/3\/oltrecorto-ragusa.jpg\",\"contentUrl\":\"https:\/\/cortomaltese.com\/fr\/wp-content\/uploads\/sites\/3\/oltrecorto-ragusa.jpg\",\"width\":851,\"height\":315,\"caption\":\"locandina dell'evento OltreCorto, omaggio a Hugo Pratt che si tiene a Ragusa\"},{\"@type\":\"BreadcrumbList\",\"@id\":\"https:\/\/cortomaltese.com\/fr\/oltrecorto-omaggio-hugo-pratt\/#breadcrumb\",\"itemListElement\":[{\"@type\":\"ListItem\",\"position\":1,\"name\":\"Accueil\",\"item\":\"https:\/\/cortomaltese.com\/fr\/\"},{\"@type\":\"ListItem\",\"position\":2,\"name\":\"OltreCorto. Omaggio a Hugo Pratt\"}]},{\"@type\":\"WebSite\",\"@id\":\"https:\/\/cortomaltese.com\/fr\/#website\",\"url\":\"https:\/\/cortomaltese.com\/fr\/\",\"name\":\"cortomaltese fran\u00e7ais\",\"description\":\"Il sito ufficiale\",\"potentialAction\":[{\"@type\":\"SearchAction\",\"target\":{\"@type\":\"EntryPoint\",\"urlTemplate\":\"https:\/\/cortomaltese.com\/fr\/?s={search_term_string}\"},\"query-input\":{\"@type\":\"PropertyValueSpecification\",\"valueRequired\":true,\"valueName\":\"search_term_string\"}}],\"inLanguage\":\"fr-FR\"},{\"@type\":\"Person\",\"@id\":\"https:\/\/cortomaltese.com\/fr\/#\/schema\/person\/5204dd292c3d1105df4b66cc0749217e\",\"name\":\"Corto Maltese\",\"image\":{\"@type\":\"ImageObject\",\"inLanguage\":\"fr-FR\",\"@id\":\"https:\/\/cortomaltese.com\/fr\/#\/schema\/person\/image\/\",\"url\":\"https:\/\/secure.gravatar.com\/avatar\/2ad4be5824b38545bbca3ce52ffd9add?s=96&d=mm&r=g\",\"contentUrl\":\"https:\/\/secure.gravatar.com\/avatar\/2ad4be5824b38545bbca3ce52ffd9add?s=96&d=mm&r=g\",\"caption\":\"Corto Maltese\"},\"url\":\"https:\/\/cortomaltese.com\/fr\/author\/cortomaltese\/\"}]}<\/script>\n<!-- \/ Yoast SEO plugin. -->","yoast_head_json":{"title":"OltreCorto. Omaggio a Hugo Pratt | Corto Maltese","description":"OltreCorto. Omaggio a Hugo Pratt. Ragusa, 17 giugno 2016 alle ore 21:30 presso la Chiesa SS. Salvatore. Un appuntamento per gli amanti del fumetto d\u2019autore.","robots":{"index":"index","follow":"follow","max-snippet":"max-snippet:-1","max-image-preview":"max-image-preview:large","max-video-preview":"max-video-preview:-1"},"canonical":"https:\/\/cortomaltese.com\/fr\/oltrecorto-omaggio-hugo-pratt\/","og_locale":"fr_FR","og_type":"article","og_title":"OltreCorto. Omaggio a Hugo Pratt | Corto Maltese","og_description":"OltreCorto. Omaggio a Hugo Pratt. Ragusa, 17 giugno 2016 alle ore 21:30 presso la Chiesa SS. Salvatore. Un appuntamento per gli amanti del fumetto d\u2019autore.","og_url":"https:\/\/cortomaltese.com\/fr\/oltrecorto-omaggio-hugo-pratt\/","og_site_name":"cortomaltese fran\u00e7ais","article_published_time":"2016-06-18T14:33:33+00:00","article_modified_time":"2017-01-27T10:41:49+00:00","author":"Corto Maltese","twitter_card":"summary_large_image","twitter_image":"https:\/\/cortomaltese.com\/fr\/wp-content\/uploads\/sites\/3\/oltrecorto-ragusa.jpg","twitter_misc":{"\u00c9crit par":"Corto Maltese","Dur\u00e9e de lecture estim\u00e9e":"5 minutes"},"schema":{"@context":"https:\/\/schema.org","@graph":[{"@type":"WebPage","@id":"https:\/\/cortomaltese.com\/fr\/oltrecorto-omaggio-hugo-pratt\/","url":"https:\/\/cortomaltese.com\/fr\/oltrecorto-omaggio-hugo-pratt\/","name":"OltreCorto. Omaggio a Hugo Pratt | Corto Maltese","isPartOf":{"@id":"https:\/\/cortomaltese.com\/fr\/#website"},"primaryImageOfPage":{"@id":"https:\/\/cortomaltese.com\/fr\/oltrecorto-omaggio-hugo-pratt\/#primaryimage"},"image":{"@id":"https:\/\/cortomaltese.com\/fr\/oltrecorto-omaggio-hugo-pratt\/#primaryimage"},"thumbnailUrl":"https:\/\/cortomaltese.com\/fr\/wp-content\/uploads\/sites\/3\/oltrecorto-ragusa.jpg","datePublished":"2016-06-18T14:33:33+00:00","dateModified":"2017-01-27T10:41:49+00:00","author":{"@id":"https:\/\/cortomaltese.com\/fr\/#\/schema\/person\/5204dd292c3d1105df4b66cc0749217e"},"description":"OltreCorto. Omaggio a Hugo Pratt. Ragusa, 17 giugno 2016 alle ore 21:30 presso la Chiesa SS. Salvatore. Un appuntamento per gli amanti del fumetto d\u2019autore.","breadcrumb":{"@id":"https:\/\/cortomaltese.com\/fr\/oltrecorto-omaggio-hugo-pratt\/#breadcrumb"},"inLanguage":"fr-FR","potentialAction":[{"@type":"ReadAction","target":["https:\/\/cortomaltese.com\/fr\/oltrecorto-omaggio-hugo-pratt\/"]}]},{"@type":"ImageObject","inLanguage":"fr-FR","@id":"https:\/\/cortomaltese.com\/fr\/oltrecorto-omaggio-hugo-pratt\/#primaryimage","url":"https:\/\/cortomaltese.com\/fr\/wp-content\/uploads\/sites\/3\/oltrecorto-ragusa.jpg","contentUrl":"https:\/\/cortomaltese.com\/fr\/wp-content\/uploads\/sites\/3\/oltrecorto-ragusa.jpg","width":851,"height":315,"caption":"locandina dell'evento OltreCorto, omaggio a Hugo Pratt che si tiene a Ragusa"},{"@type":"BreadcrumbList","@id":"https:\/\/cortomaltese.com\/fr\/oltrecorto-omaggio-hugo-pratt\/#breadcrumb","itemListElement":[{"@type":"ListItem","position":1,"name":"Accueil","item":"https:\/\/cortomaltese.com\/fr\/"},{"@type":"ListItem","position":2,"name":"OltreCorto. Omaggio a Hugo Pratt"}]},{"@type":"WebSite","@id":"https:\/\/cortomaltese.com\/fr\/#website","url":"https:\/\/cortomaltese.com\/fr\/","name":"cortomaltese fran\u00e7ais","description":"Il sito ufficiale","potentialAction":[{"@type":"SearchAction","target":{"@type":"EntryPoint","urlTemplate":"https:\/\/cortomaltese.com\/fr\/?s={search_term_string}"},"query-input":{"@type":"PropertyValueSpecification","valueRequired":true,"valueName":"search_term_string"}}],"inLanguage":"fr-FR"},{"@type":"Person","@id":"https:\/\/cortomaltese.com\/fr\/#\/schema\/person\/5204dd292c3d1105df4b66cc0749217e","name":"Corto Maltese","image":{"@type":"ImageObject","inLanguage":"fr-FR","@id":"https:\/\/cortomaltese.com\/fr\/#\/schema\/person\/image\/","url":"https:\/\/secure.gravatar.com\/avatar\/2ad4be5824b38545bbca3ce52ffd9add?s=96&d=mm&r=g","contentUrl":"https:\/\/secure.gravatar.com\/avatar\/2ad4be5824b38545bbca3ce52ffd9add?s=96&d=mm&r=g","caption":"Corto Maltese"},"url":"https:\/\/cortomaltese.com\/fr\/author\/cortomaltese\/"}]}},"_links":{"self":[{"href":"https:\/\/cortomaltese.com\/fr\/wp-json\/wp\/v2\/posts\/13215","targetHints":{"allow":["GET"]}}],"collection":[{"href":"https:\/\/cortomaltese.com\/fr\/wp-json\/wp\/v2\/posts"}],"about":[{"href":"https:\/\/cortomaltese.com\/fr\/wp-json\/wp\/v2\/types\/post"}],"author":[{"embeddable":true,"href":"https:\/\/cortomaltese.com\/fr\/wp-json\/wp\/v2\/users\/1"}],"replies":[{"embeddable":true,"href":"https:\/\/cortomaltese.com\/fr\/wp-json\/wp\/v2\/comments?post=13215"}],"version-history":[{"count":0,"href":"https:\/\/cortomaltese.com\/fr\/wp-json\/wp\/v2\/posts\/13215\/revisions"}],"wp:featuredmedia":[{"embeddable":true,"href":"https:\/\/cortomaltese.com\/fr\/wp-json\/wp\/v2\/media\/13216"}],"wp:attachment":[{"href":"https:\/\/cortomaltese.com\/fr\/wp-json\/wp\/v2\/media?parent=13215"}],"wp:term":[{"taxonomy":"category","embeddable":true,"href":"https:\/\/cortomaltese.com\/fr\/wp-json\/wp\/v2\/categories?post=13215"},{"taxonomy":"post_tag","embeddable":true,"href":"https:\/\/cortomaltese.com\/fr\/wp-json\/wp\/v2\/tags?post=13215"}],"curies":[{"name":"wp","href":"https:\/\/api.w.org\/{rel}","templated":true}]}}