{"id":12963,"date":"2014-08-27T16:40:05","date_gmt":"2014-08-27T15:40:05","guid":{"rendered":"https:\/\/cortomaltese.com\/fr\/?p=12963"},"modified":"2017-01-27T11:41:50","modified_gmt":"2017-01-27T10:41:50","slug":"hugo-pratt-la-rencontre-de-buenos-aires","status":"publish","type":"post","link":"https:\/\/cortomaltese.com\/fr\/hugo-pratt-la-rencontre-de-buenos-aires\/","title":{"rendered":"Hugo Pratt: La rencontre de Buenos Aires"},"content":{"rendered":"<div class=\"fusion-fullwidth fullwidth-box fusion-builder-row-1 nonhundred-percent-fullwidth non-hundred-percent-height-scrolling\" style=\"--awb-background-position:left top;--awb-border-radius-top-left:0px;--awb-border-radius-top-right:0px;--awb-border-radius-bottom-right:0px;--awb-border-radius-bottom-left:0px;--awb-padding-top:20px;--awb-padding-bottom:20px;--awb-border-sizes-top:0px;--awb-border-sizes-bottom:0px;--awb-flex-wrap:wrap;\" ><div class=\"fusion-builder-row fusion-row\"><div class=\"fusion-layout-column fusion_builder_column fusion-builder-column-0 fusion_builder_column_1_1 1_1 fusion-one-full fusion-column-first fusion-column-last fusion-column-no-min-height\" style=\"--awb-bg-size:cover;--awb-margin-bottom:0px;\"><div class=\"fusion-column-wrapper fusion-flex-column-wrapper-legacy\"><div class=\"fusion-text fusion-text-1\"><p>Hugo Pratt a mis beaucoup de son talent \u00e0 placer Corto Maltese au coeur de l\u2019Histoire. Le gentilhomme de fortune ne croise-t-il pas Jack London ou Butch Cassidy? Cette nouvelle, sous forme de fiction document\u00e9e, franchit le pas.<\/p>\n<p>On y retrouve Corto au couchant de sa vie \u00e9prouvant le besoin de se livrer. Il n\u2019est plus marin, mais il aime toujours les tr\u00e9sors et la litt\u00e9rature. D\u00e9barqu\u00e9 en octobre 1952 \u00e0 Buenos Aires, il cherche \u00e0 rencontrer J. L. Borges afin de lui soumettre un curieux parchemin. C\u2019est dans un bordel, de mani\u00e8re fortuite, qu\u2019il croise un jeune Italien interpr\u00e9tant un air que lui chantait sa m\u00e8re. Il le retrouve dans une soir\u00e9e mondaine donn\u00e9e par un grand \u00e9diteur de bande dessin\u00e9e. Il enqu\u00eate alors sur ce Hugo Pratt et finit par se convaincre de lui raconter sa vie.<\/p>\n<p><strong>Michel Rime<\/strong>\u00a0est journaliste, po\u00e8te et colleur d\u2019images. Voici des ann\u00e9es qu\u2019il porte un regard attentif \u00e0 la production de la bande dessin\u00e9e, dans le quotidien 24 HEURES. Ce livre est un hommage \u00e0 l\u2019un de ses plus grands auteurs.<\/p>\n<p><span style=\"color: #dd3333;\"><strong><a style=\"color: #dd3333;\" href=\"http:\/\/www.amazon.it\/Hugo-Pratt-rencontre-Buenos-Aires\/dp\/2828914569\" target=\"_blank\">Acheter le livre sur Amazon<\/a><\/strong><\/span><\/p>\n<\/div><div class=\"fusion-sep-clear\"><\/div><div class=\"fusion-separator fusion-clearfix\" style=\"float:left;margin-top:20px;margin-bottom:40px;width:100%;max-width:40%;\"><div class=\"fusion-separator-border sep-single sep-solid\" style=\"--awb-height:20px;--awb-amount:20px;--awb-sep-color:#dd3333;border-color:#dd3333;border-top-width:4px;\"><\/div><\/div><div class=\"fusion-sep-clear\"><\/div><div class=\"fusion-image-element in-legacy-container\" style=\"--awb-caption-title-font-family:var(--h2_typography-font-family);--awb-caption-title-font-weight:var(--h2_typography-font-weight);--awb-caption-title-font-style:var(--h2_typography-font-style);--awb-caption-title-size:var(--h2_typography-font-size);--awb-caption-title-transform:var(--h2_typography-text-transform);--awb-caption-title-line-height:var(--h2_typography-line-height);--awb-caption-title-letter-spacing:var(--h2_typography-letter-spacing);\"><span class=\" fusion-imageframe imageframe-none imageframe-1 hover-type-none\"><img decoding=\"async\" src=\"https:\/\/cortomaltese.com\/wp-content\/uploads\/sites\/3\/cortomaltese-Rime-Hugo-Pratt-2014.jpg\" alt class=\"img-responsive\"\/><\/span><\/div><div class=\"fusion-clearfix\"><\/div><\/div><\/div><\/div><\/div>\n","protected":false},"excerpt":{"rendered":"","protected":false},"author":1,"featured_media":12964,"comment_status":"closed","ping_status":"open","sticky":false,"template":"","format":"standard","meta":{"footnotes":""},"categories":[18],"tags":[],"class_list":["post-12963","post","type-post","status-publish","format-standard","has-post-thumbnail","hentry","category-evenements"],"yoast_head":"<!-- This site is optimized with the Yoast SEO plugin v26.5 - https:\/\/yoast.com\/wordpress\/plugins\/seo\/ -->\n<title>Hugo Pratt: La rencontre de Buenos Aires | Corto Maltese<\/title>\n<meta name=\"description\" content=\"Hugo Pratt: La rencontre de Buenos Aires, ce livre est un hommage \u00e0 l\u2019un de ses plus grands auteurs. Michel Rime est journaliste, po\u00e8te et colleur d\u2019images.\" \/>\n<meta name=\"robots\" content=\"index, follow, max-snippet:-1, max-image-preview:large, max-video-preview:-1\" \/>\n<link rel=\"canonical\" href=\"https:\/\/cortomaltese.com\/fr\/hugo-pratt-la-rencontre-de-buenos-aires\/\" \/>\n<meta property=\"og:locale\" content=\"fr_FR\" \/>\n<meta property=\"og:type\" content=\"article\" \/>\n<meta property=\"og:title\" content=\"Hugo Pratt: La rencontre de Buenos Aires | Corto Maltese\" \/>\n<meta property=\"og:description\" content=\"Hugo Pratt: La rencontre de Buenos Aires, ce livre est un hommage \u00e0 l\u2019un de ses plus grands auteurs. Michel Rime est journaliste, po\u00e8te et colleur d\u2019images.\" \/>\n<meta property=\"og:url\" content=\"https:\/\/cortomaltese.com\/fr\/hugo-pratt-la-rencontre-de-buenos-aires\/\" \/>\n<meta property=\"og:site_name\" content=\"cortomaltese fran\u00e7ais\" \/>\n<meta property=\"article:published_time\" content=\"2014-08-27T15:40:05+00:00\" \/>\n<meta property=\"article:modified_time\" content=\"2017-01-27T10:41:50+00:00\" \/>\n<meta name=\"author\" content=\"Corto Maltese\" \/>\n<meta name=\"twitter:card\" content=\"summary_large_image\" \/>\n<meta name=\"twitter:image\" content=\"https:\/\/cortomaltese.com\/fr\/wp-content\/uploads\/sites\/3\/cortomaltese-Rime-Hugo-Pratt-2014.jpg\" \/>\n<meta name=\"twitter:label1\" content=\"\u00c9crit par\" \/>\n\t<meta name=\"twitter:data1\" content=\"Corto Maltese\" \/>\n\t<meta name=\"twitter:label2\" content=\"Dur\u00e9e de lecture estim\u00e9e\" \/>\n\t<meta name=\"twitter:data2\" content=\"2 minutes\" \/>\n<script type=\"application\/ld+json\" class=\"yoast-schema-graph\">{\"@context\":\"https:\/\/schema.org\",\"@graph\":[{\"@type\":\"WebPage\",\"@id\":\"https:\/\/cortomaltese.com\/fr\/hugo-pratt-la-rencontre-de-buenos-aires\/\",\"url\":\"https:\/\/cortomaltese.com\/fr\/hugo-pratt-la-rencontre-de-buenos-aires\/\",\"name\":\"Hugo Pratt: La rencontre de Buenos Aires | Corto Maltese\",\"isPartOf\":{\"@id\":\"https:\/\/cortomaltese.com\/fr\/#website\"},\"primaryImageOfPage\":{\"@id\":\"https:\/\/cortomaltese.com\/fr\/hugo-pratt-la-rencontre-de-buenos-aires\/#primaryimage\"},\"image\":{\"@id\":\"https:\/\/cortomaltese.com\/fr\/hugo-pratt-la-rencontre-de-buenos-aires\/#primaryimage\"},\"thumbnailUrl\":\"https:\/\/cortomaltese.com\/fr\/wp-content\/uploads\/sites\/3\/cortomaltese-Rime-Hugo-Pratt-2014.jpg\",\"datePublished\":\"2014-08-27T15:40:05+00:00\",\"dateModified\":\"2017-01-27T10:41:50+00:00\",\"author\":{\"@id\":\"https:\/\/cortomaltese.com\/fr\/#\/schema\/person\/5204dd292c3d1105df4b66cc0749217e\"},\"description\":\"Hugo Pratt: La rencontre de Buenos Aires, ce livre est un hommage \u00e0 l\u2019un de ses plus grands auteurs. Michel Rime est journaliste, po\u00e8te et colleur d\u2019images.\",\"breadcrumb\":{\"@id\":\"https:\/\/cortomaltese.com\/fr\/hugo-pratt-la-rencontre-de-buenos-aires\/#breadcrumb\"},\"inLanguage\":\"fr-FR\",\"potentialAction\":[{\"@type\":\"ReadAction\",\"target\":[\"https:\/\/cortomaltese.com\/fr\/hugo-pratt-la-rencontre-de-buenos-aires\/\"]}]},{\"@type\":\"ImageObject\",\"inLanguage\":\"fr-FR\",\"@id\":\"https:\/\/cortomaltese.com\/fr\/hugo-pratt-la-rencontre-de-buenos-aires\/#primaryimage\",\"url\":\"https:\/\/cortomaltese.com\/fr\/wp-content\/uploads\/sites\/3\/cortomaltese-Rime-Hugo-Pratt-2014.jpg\",\"contentUrl\":\"https:\/\/cortomaltese.com\/fr\/wp-content\/uploads\/sites\/3\/cortomaltese-Rime-Hugo-Pratt-2014.jpg\",\"width\":555,\"height\":1000},{\"@type\":\"BreadcrumbList\",\"@id\":\"https:\/\/cortomaltese.com\/fr\/hugo-pratt-la-rencontre-de-buenos-aires\/#breadcrumb\",\"itemListElement\":[{\"@type\":\"ListItem\",\"position\":1,\"name\":\"Accueil\",\"item\":\"https:\/\/cortomaltese.com\/fr\/\"},{\"@type\":\"ListItem\",\"position\":2,\"name\":\"Hugo Pratt: La rencontre de Buenos Aires\"}]},{\"@type\":\"WebSite\",\"@id\":\"https:\/\/cortomaltese.com\/fr\/#website\",\"url\":\"https:\/\/cortomaltese.com\/fr\/\",\"name\":\"cortomaltese fran\u00e7ais\",\"description\":\"Il sito ufficiale\",\"potentialAction\":[{\"@type\":\"SearchAction\",\"target\":{\"@type\":\"EntryPoint\",\"urlTemplate\":\"https:\/\/cortomaltese.com\/fr\/?s={search_term_string}\"},\"query-input\":{\"@type\":\"PropertyValueSpecification\",\"valueRequired\":true,\"valueName\":\"search_term_string\"}}],\"inLanguage\":\"fr-FR\"},{\"@type\":\"Person\",\"@id\":\"https:\/\/cortomaltese.com\/fr\/#\/schema\/person\/5204dd292c3d1105df4b66cc0749217e\",\"name\":\"Corto Maltese\",\"image\":{\"@type\":\"ImageObject\",\"inLanguage\":\"fr-FR\",\"@id\":\"https:\/\/cortomaltese.com\/fr\/#\/schema\/person\/image\/\",\"url\":\"https:\/\/secure.gravatar.com\/avatar\/2ad4be5824b38545bbca3ce52ffd9add?s=96&d=mm&r=g\",\"contentUrl\":\"https:\/\/secure.gravatar.com\/avatar\/2ad4be5824b38545bbca3ce52ffd9add?s=96&d=mm&r=g\",\"caption\":\"Corto Maltese\"},\"url\":\"https:\/\/cortomaltese.com\/fr\/author\/cortomaltese\/\"}]}<\/script>\n<!-- \/ Yoast SEO plugin. -->","yoast_head_json":{"title":"Hugo Pratt: La rencontre de Buenos Aires | Corto Maltese","description":"Hugo Pratt: La rencontre de Buenos Aires, ce livre est un hommage \u00e0 l\u2019un de ses plus grands auteurs. Michel Rime est journaliste, po\u00e8te et colleur d\u2019images.","robots":{"index":"index","follow":"follow","max-snippet":"max-snippet:-1","max-image-preview":"max-image-preview:large","max-video-preview":"max-video-preview:-1"},"canonical":"https:\/\/cortomaltese.com\/fr\/hugo-pratt-la-rencontre-de-buenos-aires\/","og_locale":"fr_FR","og_type":"article","og_title":"Hugo Pratt: La rencontre de Buenos Aires | Corto Maltese","og_description":"Hugo Pratt: La rencontre de Buenos Aires, ce livre est un hommage \u00e0 l\u2019un de ses plus grands auteurs. Michel Rime est journaliste, po\u00e8te et colleur d\u2019images.","og_url":"https:\/\/cortomaltese.com\/fr\/hugo-pratt-la-rencontre-de-buenos-aires\/","og_site_name":"cortomaltese fran\u00e7ais","article_published_time":"2014-08-27T15:40:05+00:00","article_modified_time":"2017-01-27T10:41:50+00:00","author":"Corto Maltese","twitter_card":"summary_large_image","twitter_image":"https:\/\/cortomaltese.com\/fr\/wp-content\/uploads\/sites\/3\/cortomaltese-Rime-Hugo-Pratt-2014.jpg","twitter_misc":{"\u00c9crit par":"Corto Maltese","Dur\u00e9e de lecture estim\u00e9e":"2 minutes"},"schema":{"@context":"https:\/\/schema.org","@graph":[{"@type":"WebPage","@id":"https:\/\/cortomaltese.com\/fr\/hugo-pratt-la-rencontre-de-buenos-aires\/","url":"https:\/\/cortomaltese.com\/fr\/hugo-pratt-la-rencontre-de-buenos-aires\/","name":"Hugo Pratt: La rencontre de Buenos Aires | Corto Maltese","isPartOf":{"@id":"https:\/\/cortomaltese.com\/fr\/#website"},"primaryImageOfPage":{"@id":"https:\/\/cortomaltese.com\/fr\/hugo-pratt-la-rencontre-de-buenos-aires\/#primaryimage"},"image":{"@id":"https:\/\/cortomaltese.com\/fr\/hugo-pratt-la-rencontre-de-buenos-aires\/#primaryimage"},"thumbnailUrl":"https:\/\/cortomaltese.com\/fr\/wp-content\/uploads\/sites\/3\/cortomaltese-Rime-Hugo-Pratt-2014.jpg","datePublished":"2014-08-27T15:40:05+00:00","dateModified":"2017-01-27T10:41:50+00:00","author":{"@id":"https:\/\/cortomaltese.com\/fr\/#\/schema\/person\/5204dd292c3d1105df4b66cc0749217e"},"description":"Hugo Pratt: La rencontre de Buenos Aires, ce livre est un hommage \u00e0 l\u2019un de ses plus grands auteurs. Michel Rime est journaliste, po\u00e8te et colleur d\u2019images.","breadcrumb":{"@id":"https:\/\/cortomaltese.com\/fr\/hugo-pratt-la-rencontre-de-buenos-aires\/#breadcrumb"},"inLanguage":"fr-FR","potentialAction":[{"@type":"ReadAction","target":["https:\/\/cortomaltese.com\/fr\/hugo-pratt-la-rencontre-de-buenos-aires\/"]}]},{"@type":"ImageObject","inLanguage":"fr-FR","@id":"https:\/\/cortomaltese.com\/fr\/hugo-pratt-la-rencontre-de-buenos-aires\/#primaryimage","url":"https:\/\/cortomaltese.com\/fr\/wp-content\/uploads\/sites\/3\/cortomaltese-Rime-Hugo-Pratt-2014.jpg","contentUrl":"https:\/\/cortomaltese.com\/fr\/wp-content\/uploads\/sites\/3\/cortomaltese-Rime-Hugo-Pratt-2014.jpg","width":555,"height":1000},{"@type":"BreadcrumbList","@id":"https:\/\/cortomaltese.com\/fr\/hugo-pratt-la-rencontre-de-buenos-aires\/#breadcrumb","itemListElement":[{"@type":"ListItem","position":1,"name":"Accueil","item":"https:\/\/cortomaltese.com\/fr\/"},{"@type":"ListItem","position":2,"name":"Hugo Pratt: La rencontre de Buenos Aires"}]},{"@type":"WebSite","@id":"https:\/\/cortomaltese.com\/fr\/#website","url":"https:\/\/cortomaltese.com\/fr\/","name":"cortomaltese fran\u00e7ais","description":"Il sito ufficiale","potentialAction":[{"@type":"SearchAction","target":{"@type":"EntryPoint","urlTemplate":"https:\/\/cortomaltese.com\/fr\/?s={search_term_string}"},"query-input":{"@type":"PropertyValueSpecification","valueRequired":true,"valueName":"search_term_string"}}],"inLanguage":"fr-FR"},{"@type":"Person","@id":"https:\/\/cortomaltese.com\/fr\/#\/schema\/person\/5204dd292c3d1105df4b66cc0749217e","name":"Corto Maltese","image":{"@type":"ImageObject","inLanguage":"fr-FR","@id":"https:\/\/cortomaltese.com\/fr\/#\/schema\/person\/image\/","url":"https:\/\/secure.gravatar.com\/avatar\/2ad4be5824b38545bbca3ce52ffd9add?s=96&d=mm&r=g","contentUrl":"https:\/\/secure.gravatar.com\/avatar\/2ad4be5824b38545bbca3ce52ffd9add?s=96&d=mm&r=g","caption":"Corto Maltese"},"url":"https:\/\/cortomaltese.com\/fr\/author\/cortomaltese\/"}]}},"_links":{"self":[{"href":"https:\/\/cortomaltese.com\/fr\/wp-json\/wp\/v2\/posts\/12963","targetHints":{"allow":["GET"]}}],"collection":[{"href":"https:\/\/cortomaltese.com\/fr\/wp-json\/wp\/v2\/posts"}],"about":[{"href":"https:\/\/cortomaltese.com\/fr\/wp-json\/wp\/v2\/types\/post"}],"author":[{"embeddable":true,"href":"https:\/\/cortomaltese.com\/fr\/wp-json\/wp\/v2\/users\/1"}],"replies":[{"embeddable":true,"href":"https:\/\/cortomaltese.com\/fr\/wp-json\/wp\/v2\/comments?post=12963"}],"version-history":[{"count":0,"href":"https:\/\/cortomaltese.com\/fr\/wp-json\/wp\/v2\/posts\/12963\/revisions"}],"wp:featuredmedia":[{"embeddable":true,"href":"https:\/\/cortomaltese.com\/fr\/wp-json\/wp\/v2\/media\/12964"}],"wp:attachment":[{"href":"https:\/\/cortomaltese.com\/fr\/wp-json\/wp\/v2\/media?parent=12963"}],"wp:term":[{"taxonomy":"category","embeddable":true,"href":"https:\/\/cortomaltese.com\/fr\/wp-json\/wp\/v2\/categories?post=12963"},{"taxonomy":"post_tag","embeddable":true,"href":"https:\/\/cortomaltese.com\/fr\/wp-json\/wp\/v2\/tags?post=12963"}],"curies":[{"name":"wp","href":"https:\/\/api.w.org\/{rel}","templated":true}]}}