{"id":15066,"date":"2024-04-03T10:18:22","date_gmt":"2024-04-03T08:18:22","guid":{"rendered":"https:\/\/cortomaltese.com\/en\/?p=15066"},"modified":"2024-04-03T10:18:22","modified_gmt":"2024-04-03T08:18:22","slug":"corto-maltese-arrive-at-the-centre-pompidou","status":"publish","type":"post","link":"https:\/\/cortomaltese.com\/en\/corto-maltese-arrive-at-the-centre-pompidou\/","title":{"rendered":"&#8216;La BD \u00e0 tous les \u00e9tages&#8217;: comics arrive at the Centre Pompidou, and Corto Maltese is the literary hero of the Biblioth\u00e8que Publique in Paris"},"content":{"rendered":"<p><div class=\"fusion-fullwidth fullwidth-box fusion-builder-row-1 nonhundred-percent-fullwidth non-hundred-percent-height-scrolling\" style=\"--awb-border-radius-top-left:0px;--awb-border-radius-top-right:0px;--awb-border-radius-bottom-right:0px;--awb-border-radius-bottom-left:0px;--awb-flex-wrap:wrap;\" ><div class=\"fusion-builder-row fusion-row\"><div class=\"fusion-layout-column fusion_builder_column fusion-builder-column-0 fusion_builder_column_1_1 1_1 fusion-one-full fusion-column-first fusion-column-last\" style=\"--awb-bg-size:cover;\"><div class=\"fusion-column-wrapper fusion-column-has-shadow fusion-flex-column-wrapper-legacy\"><div class=\"fusion-text fusion-text-1\"><div class=\"page\" title=\"Page 1\">\n<div class=\"section\">\n<div class=\"layoutArea\">\n<div class=\"column\">\n<div class=\"page\" title=\"Page 1\">\n<div class=\"section\">\n<div class=\"layoutArea\">\n<div class=\"column\">\n<h1>Organized in all the Centre Pompidou spaces \u201cLa BD \u00e0 tous les \u00e9tages\u201c is an exceptional celebration of the 9th art that explores this form of artistic expression in all its diversity.<\/h1>\n<h2>With <a href=\"https:\/\/www.centrepompidou.fr\/en\/program\/calendar\/event\/zozduYP\" target=\"_blank\" rel=\"noopener\">&#8220;La BD \u00e0 tous les etages&#8221;<\/a>, comics will literally occupy all the spaces of the Beabourg, and Corto Maltese will be the only character to have an entire section dedicated to him. And what could be a more appropriate location than the Biblioth\u00e9que Publique d&#8217;Information, <strong>to narrate a journey through the literary references in Hugo Pratt&#8217;s work<\/strong>?<\/h2>\n<\/div>\n<\/div>\n<\/div>\n<\/div>\n<\/div>\n<\/div>\n<\/div>\n<\/div>\n<div class=\"fusion-sep-clear\"><\/div><div class=\"fusion-separator fusion-clearfix\" style=\"float:left;margin-top:20px;margin-bottom:0px;width:100%;max-width:40%;\"><div class=\"fusion-separator-border sep-single sep-solid\" style=\"--awb-height:20px;--awb-amount:20px;--awb-sep-color:#ffffff;border-color:#00000;border-top-width:4px;\"><\/div><\/div><div class=\"fusion-sep-clear\"><\/div>\n<\/div><div class=\"fusion-clearfix\"><\/div><\/div><\/div><\/div><\/div><div class=\"fusion-fullwidth fullwidth-box fusion-builder-row-2 fusion-flex-container has-pattern-background has-mask-background nonhundred-percent-fullwidth non-hundred-percent-height-scrolling\" style=\"--awb-border-radius-top-left:0px;--awb-border-radius-top-right:0px;--awb-border-radius-bottom-right:0px;--awb-border-radius-bottom-left:0px;--awb-flex-wrap:wrap;\" ><div class=\"fusion-builder-row fusion-row fusion-flex-align-items-flex-start fusion-flex-content-wrap\" style=\"max-width:1144px;margin-left: calc(-4% \/ 2 );margin-right: calc(-4% \/ 2 );\"><div class=\"fusion-layout-column fusion_builder_column fusion-builder-column-1 fusion_builder_column_1_3 1_3 fusion-flex-column\" style=\"--awb-bg-size:cover;--awb-width-large:33.333333333333%;--awb-margin-top-large:0px;--awb-spacing-right-large:5.76%;--awb-margin-bottom-large:20px;--awb-spacing-left-large:5.76%;--awb-width-medium:100%;--awb-order-medium:0;--awb-spacing-right-medium:1.92%;--awb-spacing-left-medium:1.92%;--awb-width-small:100%;--awb-order-small:0;--awb-spacing-right-small:1.92%;--awb-spacing-left-small:1.92%;\"><div class=\"fusion-column-wrapper fusion-column-has-shadow fusion-flex-justify-content-flex-start fusion-content-layout-column\"><div class=\"fusion-image-element \" style=\"--awb-caption-title-font-family:var(--h2_typography-font-family);--awb-caption-title-font-weight:var(--h2_typography-font-weight);--awb-caption-title-font-style:var(--h2_typography-font-style);--awb-caption-title-size:var(--h2_typography-font-size);--awb-caption-title-transform:var(--h2_typography-text-transform);--awb-caption-title-line-height:var(--h2_typography-line-height);--awb-caption-title-letter-spacing:var(--h2_typography-letter-spacing);\"><span class=\" fusion-imageframe imageframe-none imageframe-1 hover-type-none\"><img decoding=\"async\" width=\"1134\" height=\"1701\" alt=\"Corto Maltese Pompidou\" title=\"Affiche_Corto_ld\" src=\"https:\/\/cortomaltese.com\/en\/wp-content\/uploads\/sites\/1\/Affiche_Corto_ld.jpg\" class=\"img-responsive wp-image-15069\" srcset=\"https:\/\/cortomaltese.com\/en\/wp-content\/uploads\/sites\/1\/Affiche_Corto_ld-200x300.jpg 200w, https:\/\/cortomaltese.com\/en\/wp-content\/uploads\/sites\/1\/Affiche_Corto_ld-400x600.jpg 400w, https:\/\/cortomaltese.com\/en\/wp-content\/uploads\/sites\/1\/Affiche_Corto_ld-600x900.jpg 600w, https:\/\/cortomaltese.com\/en\/wp-content\/uploads\/sites\/1\/Affiche_Corto_ld-800x1200.jpg 800w, https:\/\/cortomaltese.com\/en\/wp-content\/uploads\/sites\/1\/Affiche_Corto_ld.jpg 1134w\" sizes=\"(max-width: 1024px) 100vw, (max-width: 640px) 100vw, 400px\" \/><\/span><\/div><div class=\"fusion-separator fusion-full-width-sep\" style=\"align-self: center;margin-left: auto;margin-right: auto;width:100%;\"><\/div><div class=\"fusion-text fusion-text-2\"><h5><span style=\"color: #003366;\"><b>BIBLIOTH\u00c8QUE \u00a0PUBLIQUE D&#8217;INFORMATION- \u00a0CENTRE POMPIDOU<\/b><\/span><\/h5>\n<h5><span style=\"color: #003366;\">Free admission subject to availability of seats<\/span><\/h5>\n<h5><span style=\"color: #003366;\"><b>BPI, level 2<\/b><\/span><\/h5>\n<h5><span style=\"color: #003366;\"><strong><span class=\"dateEvenement\">29 May &#8211; 4 November. 2024<\/span><\/strong><\/span><\/h5>\n<h5><span class=\"horaireEvenement\" style=\"color: #003366;\"><span class=\"horaireEvenement\">12pm &#8211; 10pm, <\/span><span class=\"joursEvenement\">every mondays, wednesdays, thursdays, fridays<\/span> <\/span><\/h5>\n<h5><span style=\"color: #003366;\"><span class=\"horaireEvenement\">10am &#8211; 10pm, <\/span><span class=\"joursEvenement\">every saturdays, sundays<\/span><\/span><\/h5>\n<\/div><\/div><\/div><div class=\"fusion-layout-column fusion_builder_column fusion-builder-column-2 fusion_builder_column_2_3 2_3 fusion-flex-column\" style=\"--awb-bg-size:cover;--awb-width-large:66.666666666667%;--awb-margin-top-large:0px;--awb-spacing-right-large:2.88%;--awb-margin-bottom-large:20px;--awb-spacing-left-large:2.88%;--awb-width-medium:100%;--awb-order-medium:0;--awb-spacing-right-medium:1.92%;--awb-spacing-left-medium:1.92%;--awb-width-small:100%;--awb-order-small:0;--awb-spacing-right-small:1.92%;--awb-spacing-left-small:1.92%;\"><div class=\"fusion-column-wrapper fusion-column-has-shadow fusion-flex-justify-content-flex-start fusion-content-layout-column\"><div class=\"fusion-text fusion-text-3\"><p><strong><span style=\"color: #003366;\">UNE VIE ROMANESQUE, THE EXHIBITION<\/span><\/strong><\/p>\n<p>In the exhibition &#8216;Corto Maltese, Une vie romanesque&#8217; set up in the Biblioth\u00e9que, the leitmotif for the visitor will be Corto&#8217;s literary references, more than 120 original drawings and illustrations in addition to reproductions, period magazines and books taken directly from <strong>Hugo Pratt&#8217;s legendary library<\/strong>.<\/p>\n<p>A journey divided into three parts, developed by Beaubourg in close collaboration with co-curator Patrizia Zanotti and the Cong SA team. The itinerary is preceded by the imaginary biography of Corto Maltese, to allow the visitor to enter this real and imagined world, full of literary and historical references and of missed and unmissed appointments with characters who have marked the history of the 20th century. Corto&#8217;s life thus becomes a fil rouge among the works to interpret the quotations and encounters, each following his own sensitivity, as Hugo Pratt always wanted: &#8220;I<em> tell the truth as if it were a lie. Unlike many others who tell lies trying to pass them off as true, in this way the reading becomes double, triple, and the reader finds that certain things I said were true, then he gets a great desire to go in search of them<\/em>&#8220;.<\/p>\n<p>In the first part,<strong> La construction du personnage<\/strong> is dedicated to the editorial history of Corto Maltese, from its beginnings in Genoa to its success in France, with the original books of some of the magazines where the stories were published for the first time. The second section <strong>A r\u00e9cit travers\u00e9 par les r\u00e9f\u00e9rences litt\u00e9raires<\/strong> transports us among images and words through which Pratt transformed the dreams born from his youthful readings into adventures full of meanings, looking for Stevenson&#8217;s Treasure Island, Conrad&#8217;s The Shadow Line and the Melville&#8217;s mysteries of the depths of the mind and the sea. We will find Jack London, Rimbaud, Kipling and Coleridge, Shakespeare and Borges. The last space is dedicated to <strong>Corto Maltese entre r\u00e9el et fiction<\/strong>, where we will find many of the characters created by Hugo Pratt, to make fiction the dream closest to reality.<\/p>\n<\/div><\/div><\/div><\/div><\/div><div class=\"fusion-fullwidth fullwidth-box fusion-builder-row-3 fusion-flex-container has-pattern-background has-mask-background nonhundred-percent-fullwidth non-hundred-percent-height-scrolling\" style=\"--awb-border-radius-top-left:0px;--awb-border-radius-top-right:0px;--awb-border-radius-bottom-right:0px;--awb-border-radius-bottom-left:0px;--awb-flex-wrap:wrap;\" ><div class=\"fusion-builder-row fusion-row fusion-flex-align-items-flex-start fusion-flex-content-wrap\" style=\"max-width:1144px;margin-left: calc(-4% \/ 2 );margin-right: calc(-4% \/ 2 );\"><div class=\"fusion-layout-column fusion_builder_column fusion-builder-column-3 fusion_builder_column_1_2 1_2 fusion-flex-column\" style=\"--awb-bg-size:cover;--awb-width-large:50%;--awb-margin-top-large:0px;--awb-spacing-right-large:3.84%;--awb-margin-bottom-large:20px;--awb-spacing-left-large:3.84%;--awb-width-medium:100%;--awb-order-medium:0;--awb-spacing-right-medium:1.92%;--awb-spacing-left-medium:1.92%;--awb-width-small:100%;--awb-order-small:0;--awb-spacing-right-small:1.92%;--awb-spacing-left-small:1.92%;\"><div class=\"fusion-column-wrapper fusion-column-has-shadow fusion-flex-justify-content-flex-start fusion-content-layout-column\"><div class=\"fusion-separator fusion-full-width-sep\" style=\"align-self: center;margin-left: auto;margin-right: auto;width:100%;\"><\/div><div class=\"awb-gallery-wrapper awb-gallery-wrapper-1 button-span-no\" style=\"--more-btn-alignment:center;\"><div style=\"margin:-5px;--awb-bordersize:0px;\" class=\"fusion-gallery fusion-gallery-container fusion-grid-2 fusion-columns-total-3 fusion-gallery-layout-masonry fusion-gallery-1\"><div class=\"fusion-grid-column fusion-gallery-column fusion-gallery-column-2 hover-type-zoomin fusion-grid-sizer\"><\/div><div style=\"padding:5px;\" class=\"fusion-grid-column fusion-gallery-column fusion-gallery-column-2 hover-type-zoomin fusion-element-portrait\"><div class=\"fusion-gallery-image\"><a href=\"https:\/\/cortomaltese.com\/en\/wp-content\/uploads\/sites\/1\/expo_hugo_pratt.jpg\" rel=\"noreferrer\" data-rel=\"iLightbox[gallery_image_1]\" class=\"fusion-lightbox\" target=\"_self\"><div style=\"background-image:url(https:\/\/cortomaltese.com\/en\/wp-content\/uploads\/sites\/1\/expo_hugo_pratt.jpg);padding-top:calc((100% + 10px) * 1.6);background-position:;\" class=\"fusion-masonry-element-container\"><img decoding=\"async\" src=\"https:\/\/cortomaltese.com\/en\/wp-content\/uploads\/sites\/1\/expo_hugo_pratt.jpg\" width=\"315\" height=\"465\" alt=\"\" title=\"expo_hugo_pratt\" aria-label=\"expo_hugo_pratt\" class=\"img-responsive wp-image-15071\" srcset=\"https:\/\/cortomaltese.com\/en\/wp-content\/uploads\/sites\/1\/expo_hugo_pratt-200x295.jpg 200w, https:\/\/cortomaltese.com\/en\/wp-content\/uploads\/sites\/1\/expo_hugo_pratt.jpg 315w\" sizes=\"(min-width: 2200px) 100vw, (min-width: 732px) 548px, (min-width: 640px) 732px, \" \/><\/div><\/a><\/div><\/div><div style=\"padding:5px;\" class=\"fusion-grid-column fusion-gallery-column fusion-gallery-column-2 hover-type-zoomin fusion-element-grid\"><div class=\"fusion-gallery-image\"><a href=\"https:\/\/cortomaltese.com\/en\/wp-content\/uploads\/sites\/1\/275725031_513247520329444_9194318562275834152_n.jpg\" rel=\"noreferrer\" data-rel=\"iLightbox[gallery_image_1]\" class=\"fusion-lightbox\" target=\"_self\"><div style=\"background-image:url(https:\/\/cortomaltese.com\/en\/wp-content\/uploads\/sites\/1\/275725031_513247520329444_9194318562275834152_n.jpg);padding-top:calc((100% + 10px) * 0.8 - 5px);background-position:;\" class=\"fusion-masonry-element-container\"><img decoding=\"async\" src=\"https:\/\/cortomaltese.com\/en\/wp-content\/uploads\/sites\/1\/275725031_513247520329444_9194318562275834152_n.jpg\" width=\"1080\" height=\"1080\" alt=\"\" title=\"275725031_513247520329444_9194318562275834152_n\" aria-label=\"275725031_513247520329444_9194318562275834152_n\" class=\"img-responsive wp-image-15072\" srcset=\"https:\/\/cortomaltese.com\/en\/wp-content\/uploads\/sites\/1\/275725031_513247520329444_9194318562275834152_n-200x200.jpg 200w, https:\/\/cortomaltese.com\/en\/wp-content\/uploads\/sites\/1\/275725031_513247520329444_9194318562275834152_n-400x400.jpg 400w, https:\/\/cortomaltese.com\/en\/wp-content\/uploads\/sites\/1\/275725031_513247520329444_9194318562275834152_n-600x600.jpg 600w, https:\/\/cortomaltese.com\/en\/wp-content\/uploads\/sites\/1\/275725031_513247520329444_9194318562275834152_n-800x800.jpg 800w, https:\/\/cortomaltese.com\/en\/wp-content\/uploads\/sites\/1\/275725031_513247520329444_9194318562275834152_n.jpg 1080w\" sizes=\"(min-width: 2200px) 100vw, (min-width: 732px) 548px, (min-width: 640px) 732px, \" \/><\/div><\/a><\/div><\/div><div style=\"padding:5px;\" class=\"fusion-grid-column fusion-gallery-column fusion-gallery-column-2 hover-type-zoomin fusion-element-portrait\"><div class=\"fusion-gallery-image\"><a href=\"https:\/\/cortomaltese.com\/en\/wp-content\/uploads\/sites\/1\/0_107_181.jpg\" rel=\"noreferrer\" data-rel=\"iLightbox[gallery_image_1]\" class=\"fusion-lightbox\" target=\"_self\"><div style=\"background-image:url(https:\/\/cortomaltese.com\/en\/wp-content\/uploads\/sites\/1\/0_107_181.jpg);padding-top:calc((100% + 10px) * 1.6);background-position:;\" class=\"fusion-masonry-element-container\"><img decoding=\"async\" src=\"https:\/\/cortomaltese.com\/en\/wp-content\/uploads\/sites\/1\/0_107_181.jpg\" width=\"986\" height=\"1500\" alt=\"\" title=\"0_107_181\" aria-label=\"0_107_181\" class=\"img-responsive wp-image-15086\" srcset=\"https:\/\/cortomaltese.com\/en\/wp-content\/uploads\/sites\/1\/0_107_181-200x304.jpg 200w, https:\/\/cortomaltese.com\/en\/wp-content\/uploads\/sites\/1\/0_107_181-400x609.jpg 400w, https:\/\/cortomaltese.com\/en\/wp-content\/uploads\/sites\/1\/0_107_181-600x913.jpg 600w, https:\/\/cortomaltese.com\/en\/wp-content\/uploads\/sites\/1\/0_107_181-800x1217.jpg 800w, https:\/\/cortomaltese.com\/en\/wp-content\/uploads\/sites\/1\/0_107_181.jpg 986w\" sizes=\"(min-width: 2200px) 100vw, (min-width: 732px) 548px, (min-width: 640px) 732px, \" \/><\/div><\/a><\/div><\/div><\/div><\/div><div class=\"fusion-separator fusion-full-width-sep\" style=\"align-self: center;margin-left: auto;margin-right: auto;width:100%;\"><\/div><div class=\"fusion-text fusion-text-4\"><h4>There is no Corto story set in Paris, yet without Paris perhaps there would be no Corto stories. We know that &#8220;A Ballad of the Salty Sea&#8221; came out in 1967 in the Sgt. Kirk magazine of Ivaldi, a visionary entrepreneur who wanted to pay homage to Pratt&#8217;s genius with an editorial line dedicated to his works. Unfortunately, that experiment did not last long and Hugo had to find a new place to let his imagination soar, he needed an idea: &#8220;When Sgt. Kirk closed a few weeks later, I thought back to that offer and, at the beginning of 1970, I took a train from Genoa to Paris and introduced myself to Pif without any warning. It was on the train that I got the idea of taking Corto Maltese, who, in A Ballad of the Salty Sea, was but one of many characters, and making him the hero of a whole series of episodes.&#8221;<\/h4>\n<\/div><\/div><\/div><div class=\"fusion-layout-column fusion_builder_column fusion-builder-column-4 fusion_builder_column_1_2 1_2 fusion-flex-column\" style=\"--awb-bg-size:cover;--awb-width-large:50%;--awb-margin-top-large:0px;--awb-spacing-right-large:3.84%;--awb-margin-bottom-large:20px;--awb-spacing-left-large:3.84%;--awb-width-medium:100%;--awb-order-medium:0;--awb-spacing-right-medium:1.92%;--awb-spacing-left-medium:1.92%;--awb-width-small:100%;--awb-order-small:0;--awb-spacing-right-small:1.92%;--awb-spacing-left-small:1.92%;\"><div class=\"fusion-column-wrapper fusion-column-has-shadow fusion-flex-justify-content-flex-start fusion-content-layout-column\"><div class=\"fusion-text fusion-text-5\"><p><strong><span style=\"color: #003366;\">PRATT, PARIS AND A LABYRINTH<\/span><\/strong><\/p>\n<blockquote>\n<p>Culture Minister Jack Langvi asks you to do him the honor of attending the inauguration of the &#8220;Hugo Pratt&#8221; exhibition as part of the &#8220;Venice in Paris&#8221; event, Friday 14 March, at the National Galleries of the Grand Palais.<\/p>\n<\/blockquote>\n<p>It was 1986, 38 years ago. Yet that was a very important date for world culture, the comic strip was admitted to a museum as prestigious as the Parisian Grand Palais and probably for the first time Pratt&#8217;s long and stubborn battle had been won: drawn literature had been formally recognised and consecrated. Those works also returned to the Ville Lumi\u00e8re in 2011, on the occasion of the exhibition &#8220;<em>Le voyage imaginaire d&#8217;Hugo Pratt<\/em>&#8221; at the Pinacoth\u00e8que, and the following year the Museum of Freemasonry Headquarters of the Grand Orient of France hosted an exhibition with the evocative title &#8220;<em>Corto Maltese et les secrets de l&#8217;initiation, Imaginaires et Franc-Ma\u00e7onnerie \u00e0 Venise autour d&#8217;Hugo Pratt<\/em>&#8220;.<\/p>\n<p>Paris and Pratt is an important tale in the collection of stories that was the adventurous life of the author, who lived here for a good 14 years, a period longer than the Argentine phase. In &#8216;The Desire to be Useless&#8217;, Pratt recounts that journey as follows:<\/p>\n<blockquote>\n<p><em>Thinking back on those Parisian years, France appears to me like a labyrinth: a labyrinth of love, like the one Eleanor of Aquitaine had on \u00cele-aux-Vaches, today \u00cele Saint-Louis, where I later ended up living, is also a labyrinth where I used to get lost. France was an attempt for me to organise the Hypothesis.<\/em><\/p>\n<\/blockquote>\n<\/div><\/div><\/div><\/div><\/div><div class=\"fusion-fullwidth fullwidth-box fusion-builder-row-4 fusion-flex-container has-pattern-background has-mask-background nonhundred-percent-fullwidth non-hundred-percent-height-scrolling\" style=\"--awb-border-radius-top-left:0px;--awb-border-radius-top-right:0px;--awb-border-radius-bottom-right:0px;--awb-border-radius-bottom-left:0px;--awb-flex-wrap:wrap;\" ><div class=\"fusion-builder-row fusion-row fusion-flex-align-items-flex-start fusion-flex-content-wrap\" style=\"max-width:1144px;margin-left: calc(-4% \/ 2 );margin-right: calc(-4% \/ 2 );\"><div class=\"fusion-layout-column fusion_builder_column fusion-builder-column-5 fusion_builder_column_1_1 1_1 fusion-flex-column\" style=\"--awb-bg-size:cover;--awb-width-large:100%;--awb-margin-top-large:0px;--awb-spacing-right-large:1.92%;--awb-margin-bottom-large:20px;--awb-spacing-left-large:1.92%;--awb-width-medium:100%;--awb-order-medium:0;--awb-spacing-right-medium:1.92%;--awb-spacing-left-medium:1.92%;--awb-width-small:100%;--awb-order-small:0;--awb-spacing-right-small:1.92%;--awb-spacing-left-small:1.92%;\"><div class=\"fusion-column-wrapper fusion-column-has-shadow fusion-flex-justify-content-flex-start fusion-content-layout-column\"><div class=\"fusion-title title fusion-title-1 fusion-title-text fusion-title-size-one\"><div class=\"title-sep-container title-sep-container-left fusion-no-large-visibility fusion-no-medium-visibility fusion-no-small-visibility\"><div class=\"title-sep sep-double sep-solid\" style=\"border-color:#e0dede;\"><\/div><\/div><span class=\"awb-title-spacer fusion-no-large-visibility fusion-no-medium-visibility fusion-no-small-visibility\"><\/span><h1 class=\"fusion-title-heading title-heading-left fusion-responsive-typography-calculated\" style=\"margin:0;--fontSize:36;line-height:1.33;\"><h3><strong>UNE VIE ROMANESQUE, SOME OF THE WORKS ON SHOW<\/strong><\/h3><\/h1><span class=\"awb-title-spacer\"><\/span><div class=\"title-sep-container title-sep-container-right\"><div class=\"title-sep sep-double sep-solid\" style=\"border-color:#e0dede;\"><\/div><\/div><\/div><div class=\"awb-gallery-wrapper awb-gallery-wrapper-2 button-span-no\" style=\"--more-btn-alignment:center;\"><div style=\"margin:-5px;--awb-bordersize:0px;\" class=\"fusion-gallery fusion-gallery-container fusion-grid-3 fusion-columns-total-13 fusion-gallery-layout-masonry fusion-gallery-2\"><div class=\"fusion-grid-column fusion-gallery-column fusion-gallery-column-3 hover-type-zoomout fusion-element-portrait fusion-grid-sizer\"><\/div><div style=\"padding:5px;\" class=\"fusion-grid-column fusion-gallery-column fusion-gallery-column-3 hover-type-zoomout fusion-element-portrait\"><div class=\"fusion-gallery-image\"><a href=\"https:\/\/cortomaltese.com\/en\/wp-content\/uploads\/sites\/1\/Sgt.-Kirk-1.jpeg\" rel=\"noreferrer\" data-rel=\"iLightbox[gallery_image_2]\" class=\"fusion-lightbox\" target=\"_self\"><div style=\"background-image:url(https:\/\/cortomaltese.com\/en\/wp-content\/uploads\/sites\/1\/Sgt.-Kirk-1.jpeg);padding-top:calc((100% + 10px) * 1.6);background-position:;\" class=\"fusion-masonry-element-container\"><img decoding=\"async\" src=\"https:\/\/cortomaltese.com\/en\/wp-content\/uploads\/sites\/1\/Sgt.-Kirk-1.jpeg\" width=\"816\" height=\"1156\" alt=\"\" title=\"Sgt. Kirk 1\" aria-label=\"Sgt. Kirk 1\" class=\"img-responsive wp-image-15087\" srcset=\"https:\/\/cortomaltese.com\/en\/wp-content\/uploads\/sites\/1\/Sgt.-Kirk-1-200x283.jpeg 200w, https:\/\/cortomaltese.com\/en\/wp-content\/uploads\/sites\/1\/Sgt.-Kirk-1-400x567.jpeg 400w, https:\/\/cortomaltese.com\/en\/wp-content\/uploads\/sites\/1\/Sgt.-Kirk-1-600x850.jpeg 600w, https:\/\/cortomaltese.com\/en\/wp-content\/uploads\/sites\/1\/Sgt.-Kirk-1-800x1133.jpeg 800w, https:\/\/cortomaltese.com\/en\/wp-content\/uploads\/sites\/1\/Sgt.-Kirk-1.jpeg 816w\" sizes=\"(min-width: 2200px) 100vw, (min-width: 824px) 363px, (min-width: 732px) 545px, (min-width: 640px) 732px, \" \/><\/div><\/a><\/div><\/div><div style=\"padding:5px;\" class=\"fusion-grid-column fusion-gallery-column fusion-gallery-column-3 hover-type-zoomout fusion-element-grid\"><div class=\"fusion-gallery-image\"><a href=\"https:\/\/cortomaltese.com\/en\/wp-content\/uploads\/sites\/1\/Corto_stevenson.jpeg\" rel=\"noreferrer\" data-rel=\"iLightbox[gallery_image_2]\" class=\"fusion-lightbox\" target=\"_self\"><div style=\"background-image:url(https:\/\/cortomaltese.com\/en\/wp-content\/uploads\/sites\/1\/Corto_stevenson.jpeg);padding-top:calc((100% + 10px) * 0.8 - 5px);background-position:;\" class=\"fusion-masonry-element-container\"><img decoding=\"async\" src=\"https:\/\/cortomaltese.com\/en\/wp-content\/uploads\/sites\/1\/Corto_stevenson.jpeg\" width=\"1650\" height=\"1232\" alt=\"\" title=\"Corto_stevenson\" aria-label=\"Corto_stevenson\" class=\"img-responsive wp-image-15080\" srcset=\"https:\/\/cortomaltese.com\/en\/wp-content\/uploads\/sites\/1\/Corto_stevenson-200x149.jpeg 200w, https:\/\/cortomaltese.com\/en\/wp-content\/uploads\/sites\/1\/Corto_stevenson-400x299.jpeg 400w, https:\/\/cortomaltese.com\/en\/wp-content\/uploads\/sites\/1\/Corto_stevenson-600x448.jpeg 600w, https:\/\/cortomaltese.com\/en\/wp-content\/uploads\/sites\/1\/Corto_stevenson-800x597.jpeg 800w, https:\/\/cortomaltese.com\/en\/wp-content\/uploads\/sites\/1\/Corto_stevenson-1200x896.jpeg 1200w, https:\/\/cortomaltese.com\/en\/wp-content\/uploads\/sites\/1\/Corto_stevenson.jpeg 1650w\" sizes=\"(min-width: 2200px) 100vw, (min-width: 824px) 363px, (min-width: 732px) 545px, (min-width: 640px) 732px, \" \/><\/div><\/a><\/div><\/div><div style=\"padding:5px;\" class=\"fusion-grid-column fusion-gallery-column fusion-gallery-column-3 hover-type-zoomout fusion-element-grid\"><div class=\"fusion-gallery-image\"><a href=\"https:\/\/cortomaltese.com\/en\/wp-content\/uploads\/sites\/1\/Corto_Venezia.jpeg\" rel=\"noreferrer\" data-rel=\"iLightbox[gallery_image_2]\" class=\"fusion-lightbox\" target=\"_self\"><div style=\"background-image:url(https:\/\/cortomaltese.com\/en\/wp-content\/uploads\/sites\/1\/Corto_Venezia.jpeg);padding-top:calc((100% + 10px) * 0.8 - 5px);background-position:;\" class=\"fusion-masonry-element-container\"><img decoding=\"async\" src=\"https:\/\/cortomaltese.com\/en\/wp-content\/uploads\/sites\/1\/Corto_Venezia.jpeg\" width=\"1214\" height=\"838\" alt=\"Corto Maltese Pompidou\" title=\"Corto_Venezia\" aria-label=\"Corto_Venezia\" class=\"img-responsive wp-image-15081\" srcset=\"https:\/\/cortomaltese.com\/en\/wp-content\/uploads\/sites\/1\/Corto_Venezia-200x138.jpeg 200w, https:\/\/cortomaltese.com\/en\/wp-content\/uploads\/sites\/1\/Corto_Venezia-400x276.jpeg 400w, https:\/\/cortomaltese.com\/en\/wp-content\/uploads\/sites\/1\/Corto_Venezia-600x414.jpeg 600w, https:\/\/cortomaltese.com\/en\/wp-content\/uploads\/sites\/1\/Corto_Venezia-800x552.jpeg 800w, https:\/\/cortomaltese.com\/en\/wp-content\/uploads\/sites\/1\/Corto_Venezia-1200x828.jpeg 1200w, https:\/\/cortomaltese.com\/en\/wp-content\/uploads\/sites\/1\/Corto_Venezia.jpeg 1214w\" sizes=\"(min-width: 2200px) 100vw, (min-width: 824px) 363px, (min-width: 732px) 545px, (min-width: 640px) 732px, \" \/><\/div><\/a><\/div><\/div><div style=\"padding:5px;\" class=\"fusion-grid-column fusion-gallery-column fusion-gallery-column-3 hover-type-zoomout fusion-element-portrait\"><div class=\"fusion-gallery-image\"><a href=\"https:\/\/cortomaltese.com\/en\/wp-content\/uploads\/sites\/1\/Corto_34dicembre.jpeg\" rel=\"noreferrer\" data-rel=\"iLightbox[gallery_image_2]\" class=\"fusion-lightbox\" target=\"_self\"><div style=\"background-image:url(https:\/\/cortomaltese.com\/en\/wp-content\/uploads\/sites\/1\/Corto_34dicembre.jpeg);padding-top:calc((100% + 10px) * 1.6);background-position:;\" class=\"fusion-masonry-element-container\"><img decoding=\"async\" src=\"https:\/\/cortomaltese.com\/en\/wp-content\/uploads\/sites\/1\/Corto_34dicembre.jpeg\" width=\"882\" height=\"1242\" alt=\"Corto Maltese Pompidou\" title=\"Corto_34dicem,bre\" aria-label=\"Corto_34dicem,bre\" class=\"img-responsive wp-image-15075\" srcset=\"https:\/\/cortomaltese.com\/en\/wp-content\/uploads\/sites\/1\/Corto_34dicembre-200x282.jpeg 200w, https:\/\/cortomaltese.com\/en\/wp-content\/uploads\/sites\/1\/Corto_34dicembre-400x563.jpeg 400w, https:\/\/cortomaltese.com\/en\/wp-content\/uploads\/sites\/1\/Corto_34dicembre-600x845.jpeg 600w, https:\/\/cortomaltese.com\/en\/wp-content\/uploads\/sites\/1\/Corto_34dicembre-800x1127.jpeg 800w, https:\/\/cortomaltese.com\/en\/wp-content\/uploads\/sites\/1\/Corto_34dicembre.jpeg 882w\" sizes=\"(min-width: 2200px) 100vw, (min-width: 824px) 363px, (min-width: 732px) 545px, (min-width: 640px) 732px, \" \/><\/div><\/a><\/div><\/div><div style=\"padding:5px;\" class=\"fusion-grid-column fusion-gallery-column fusion-gallery-column-3 hover-type-zoomout fusion-element-portrait\"><div class=\"fusion-gallery-image\"><a href=\"https:\/\/cortomaltese.com\/en\/wp-content\/uploads\/sites\/1\/Giovinezza-Corto-Maltese.jpeg\" rel=\"noreferrer\" data-rel=\"iLightbox[gallery_image_2]\" class=\"fusion-lightbox\" target=\"_self\"><div style=\"background-image:url(https:\/\/cortomaltese.com\/en\/wp-content\/uploads\/sites\/1\/Giovinezza-Corto-Maltese.jpeg);padding-top:calc((100% + 10px) * 1.6);background-position:;\" class=\"fusion-masonry-element-container\"><img decoding=\"async\" src=\"https:\/\/cortomaltese.com\/en\/wp-content\/uploads\/sites\/1\/Giovinezza-Corto-Maltese.jpeg\" width=\"996\" height=\"1330\" alt=\"Corto Maltese Pompidou\" title=\"Giovinezza-Corto Maltese\" aria-label=\"Giovinezza-Corto Maltese\" class=\"img-responsive wp-image-15082\" srcset=\"https:\/\/cortomaltese.com\/en\/wp-content\/uploads\/sites\/1\/Giovinezza-Corto-Maltese-200x267.jpeg 200w, https:\/\/cortomaltese.com\/en\/wp-content\/uploads\/sites\/1\/Giovinezza-Corto-Maltese-400x534.jpeg 400w, https:\/\/cortomaltese.com\/en\/wp-content\/uploads\/sites\/1\/Giovinezza-Corto-Maltese-600x801.jpeg 600w, https:\/\/cortomaltese.com\/en\/wp-content\/uploads\/sites\/1\/Giovinezza-Corto-Maltese-800x1068.jpeg 800w, https:\/\/cortomaltese.com\/en\/wp-content\/uploads\/sites\/1\/Giovinezza-Corto-Maltese.jpeg 996w\" sizes=\"(min-width: 2200px) 100vw, (min-width: 824px) 363px, (min-width: 732px) 545px, (min-width: 640px) 732px, \" \/><\/div><\/a><\/div><\/div><div style=\"padding:5px;\" class=\"fusion-grid-column fusion-gallery-column fusion-gallery-column-3 hover-type-zoomout fusion-element-grid\"><div class=\"fusion-gallery-image\"><a href=\"https:\/\/cortomaltese.com\/en\/wp-content\/uploads\/sites\/1\/Corto_appuntamento.jpeg\" rel=\"noreferrer\" data-rel=\"iLightbox[gallery_image_2]\" class=\"fusion-lightbox\" target=\"_self\"><div style=\"background-image:url(https:\/\/cortomaltese.com\/en\/wp-content\/uploads\/sites\/1\/Corto_appuntamento.jpeg);padding-top:calc((100% + 10px) * 0.8 - 5px);background-position:;\" class=\"fusion-masonry-element-container\"><img decoding=\"async\" src=\"https:\/\/cortomaltese.com\/en\/wp-content\/uploads\/sites\/1\/Corto_appuntamento.jpeg\" width=\"1556\" height=\"1166\" alt=\"Corto Maltese Pompidou\" title=\"Corto_appuntamento\" aria-label=\"Corto_appuntamento\" class=\"img-responsive wp-image-15076\" srcset=\"https:\/\/cortomaltese.com\/en\/wp-content\/uploads\/sites\/1\/Corto_appuntamento-200x150.jpeg 200w, https:\/\/cortomaltese.com\/en\/wp-content\/uploads\/sites\/1\/Corto_appuntamento-400x300.jpeg 400w, https:\/\/cortomaltese.com\/en\/wp-content\/uploads\/sites\/1\/Corto_appuntamento-600x450.jpeg 600w, https:\/\/cortomaltese.com\/en\/wp-content\/uploads\/sites\/1\/Corto_appuntamento-800x599.jpeg 800w, https:\/\/cortomaltese.com\/en\/wp-content\/uploads\/sites\/1\/Corto_appuntamento-1200x899.jpeg 1200w, https:\/\/cortomaltese.com\/en\/wp-content\/uploads\/sites\/1\/Corto_appuntamento.jpeg 1556w\" sizes=\"(min-width: 2200px) 100vw, (min-width: 824px) 363px, (min-width: 732px) 545px, (min-width: 640px) 732px, \" \/><\/div><\/a><\/div><\/div><div style=\"padding:5px;\" class=\"fusion-grid-column fusion-gallery-column fusion-gallery-column-3 hover-type-zoomout fusion-element-portrait\"><div class=\"fusion-gallery-image\"><a href=\"https:\/\/cortomaltese.com\/en\/wp-content\/uploads\/sites\/1\/Corto_grecia.jpeg\" rel=\"noreferrer\" data-rel=\"iLightbox[gallery_image_2]\" class=\"fusion-lightbox\" target=\"_self\"><div style=\"background-image:url(https:\/\/cortomaltese.com\/en\/wp-content\/uploads\/sites\/1\/Corto_grecia.jpeg);padding-top:calc((100% + 10px) * 1.6);background-position:;\" class=\"fusion-masonry-element-container\"><img decoding=\"async\" src=\"https:\/\/cortomaltese.com\/en\/wp-content\/uploads\/sites\/1\/Corto_grecia.jpeg\" width=\"834\" height=\"1124\" alt=\"Corto Maltese Pompidou\" title=\"Corto_grecia\" aria-label=\"Corto_grecia\" class=\"img-responsive wp-image-15077\" srcset=\"https:\/\/cortomaltese.com\/en\/wp-content\/uploads\/sites\/1\/Corto_grecia-200x270.jpeg 200w, https:\/\/cortomaltese.com\/en\/wp-content\/uploads\/sites\/1\/Corto_grecia-400x539.jpeg 400w, https:\/\/cortomaltese.com\/en\/wp-content\/uploads\/sites\/1\/Corto_grecia-600x809.jpeg 600w, https:\/\/cortomaltese.com\/en\/wp-content\/uploads\/sites\/1\/Corto_grecia-800x1078.jpeg 800w, https:\/\/cortomaltese.com\/en\/wp-content\/uploads\/sites\/1\/Corto_grecia.jpeg 834w\" sizes=\"(min-width: 2200px) 100vw, (min-width: 824px) 363px, (min-width: 732px) 545px, (min-width: 640px) 732px, \" \/><\/div><\/a><\/div><\/div><div style=\"padding:5px;\" class=\"fusion-grid-column fusion-gallery-column fusion-gallery-column-3 hover-type-zoomout fusion-element-grid\"><div class=\"fusion-gallery-image\"><a href=\"https:\/\/cortomaltese.com\/en\/wp-content\/uploads\/sites\/1\/Pratt.jpeg\" rel=\"noreferrer\" data-rel=\"iLightbox[gallery_image_2]\" class=\"fusion-lightbox\" target=\"_self\"><div style=\"background-image:url(https:\/\/cortomaltese.com\/en\/wp-content\/uploads\/sites\/1\/Pratt.jpeg);padding-top:calc((100% + 10px) * 0.8 - 5px);background-position:;\" class=\"fusion-masonry-element-container\"><img decoding=\"async\" src=\"https:\/\/cortomaltese.com\/en\/wp-content\/uploads\/sites\/1\/Pratt.jpeg\" width=\"1424\" height=\"918\" alt=\"Corto Maltese Pompidou\" title=\"Pratt\" aria-label=\"Pratt\" class=\"img-responsive wp-image-15084\" srcset=\"https:\/\/cortomaltese.com\/en\/wp-content\/uploads\/sites\/1\/Pratt-200x129.jpeg 200w, https:\/\/cortomaltese.com\/en\/wp-content\/uploads\/sites\/1\/Pratt-400x258.jpeg 400w, https:\/\/cortomaltese.com\/en\/wp-content\/uploads\/sites\/1\/Pratt-600x387.jpeg 600w, https:\/\/cortomaltese.com\/en\/wp-content\/uploads\/sites\/1\/Pratt-800x516.jpeg 800w, https:\/\/cortomaltese.com\/en\/wp-content\/uploads\/sites\/1\/Pratt-1200x774.jpeg 1200w, https:\/\/cortomaltese.com\/en\/wp-content\/uploads\/sites\/1\/Pratt.jpeg 1424w\" sizes=\"(min-width: 2200px) 100vw, (min-width: 824px) 363px, (min-width: 732px) 545px, (min-width: 640px) 732px, \" \/><\/div><\/a><\/div><\/div><div style=\"padding:5px;\" class=\"fusion-grid-column fusion-gallery-column fusion-gallery-column-3 hover-type-zoomout fusion-element-grid\"><div class=\"fusion-gallery-image\"><a href=\"https:\/\/cortomaltese.com\/en\/wp-content\/uploads\/sites\/1\/Pratt_oceano.jpeg\" rel=\"noreferrer\" data-rel=\"iLightbox[gallery_image_2]\" class=\"fusion-lightbox\" target=\"_self\"><div style=\"background-image:url(https:\/\/cortomaltese.com\/en\/wp-content\/uploads\/sites\/1\/Pratt_oceano.jpeg);padding-top:calc((100% + 10px) * 0.8 - 5px);background-position:;\" class=\"fusion-masonry-element-container\"><img decoding=\"async\" src=\"https:\/\/cortomaltese.com\/en\/wp-content\/uploads\/sites\/1\/Pratt_oceano.jpeg\" width=\"1072\" height=\"716\" alt=\"\" title=\"Pratt_oceano\" aria-label=\"Pratt_oceano\" class=\"img-responsive wp-image-15083\" srcset=\"https:\/\/cortomaltese.com\/en\/wp-content\/uploads\/sites\/1\/Pratt_oceano-200x134.jpeg 200w, https:\/\/cortomaltese.com\/en\/wp-content\/uploads\/sites\/1\/Pratt_oceano-400x267.jpeg 400w, https:\/\/cortomaltese.com\/en\/wp-content\/uploads\/sites\/1\/Pratt_oceano-600x401.jpeg 600w, https:\/\/cortomaltese.com\/en\/wp-content\/uploads\/sites\/1\/Pratt_oceano-800x534.jpeg 800w, https:\/\/cortomaltese.com\/en\/wp-content\/uploads\/sites\/1\/Pratt_oceano.jpeg 1072w\" sizes=\"(min-width: 2200px) 100vw, (min-width: 824px) 363px, (min-width: 732px) 545px, (min-width: 640px) 732px, \" \/><\/div><\/a><\/div><\/div><div style=\"padding:5px;\" class=\"fusion-grid-column fusion-gallery-column fusion-gallery-column-3 hover-type-zoomout fusion-element-portrait\"><div class=\"fusion-gallery-image\"><a href=\"https:\/\/cortomaltese.com\/en\/wp-content\/uploads\/sites\/1\/Corto_Rasputin.jpeg\" rel=\"noreferrer\" data-rel=\"iLightbox[gallery_image_2]\" class=\"fusion-lightbox\" target=\"_self\"><div style=\"background-image:url(https:\/\/cortomaltese.com\/en\/wp-content\/uploads\/sites\/1\/Corto_Rasputin.jpeg);padding-top:calc((100% + 10px) * 1.6);background-position:;\" class=\"fusion-masonry-element-container\"><img decoding=\"async\" src=\"https:\/\/cortomaltese.com\/en\/wp-content\/uploads\/sites\/1\/Corto_Rasputin.jpeg\" width=\"830\" height=\"1142\" alt=\"Corto Maltese Pompidou\" title=\"Corto_Rasputin\" aria-label=\"Corto_Rasputin\" class=\"img-responsive wp-image-15078\" srcset=\"https:\/\/cortomaltese.com\/en\/wp-content\/uploads\/sites\/1\/Corto_Rasputin-200x275.jpeg 200w, https:\/\/cortomaltese.com\/en\/wp-content\/uploads\/sites\/1\/Corto_Rasputin-400x550.jpeg 400w, https:\/\/cortomaltese.com\/en\/wp-content\/uploads\/sites\/1\/Corto_Rasputin-600x826.jpeg 600w, https:\/\/cortomaltese.com\/en\/wp-content\/uploads\/sites\/1\/Corto_Rasputin-800x1101.jpeg 800w, https:\/\/cortomaltese.com\/en\/wp-content\/uploads\/sites\/1\/Corto_Rasputin.jpeg 830w\" sizes=\"(min-width: 2200px) 100vw, (min-width: 824px) 363px, (min-width: 732px) 545px, (min-width: 640px) 732px, \" \/><\/div><\/a><\/div><\/div><div style=\"padding:5px;\" class=\"fusion-grid-column fusion-gallery-column fusion-gallery-column-3 hover-type-zoomout fusion-element-grid\"><div class=\"fusion-gallery-image\"><a href=\"https:\/\/cortomaltese.com\/en\/wp-content\/uploads\/sites\/1\/Corto_samarcanda.jpeg\" rel=\"noreferrer\" data-rel=\"iLightbox[gallery_image_2]\" class=\"fusion-lightbox\" target=\"_self\"><div style=\"background-image:url(https:\/\/cortomaltese.com\/en\/wp-content\/uploads\/sites\/1\/Corto_samarcanda.jpeg);padding-top:calc((100% + 10px) * 0.8 - 5px);background-position:;\" class=\"fusion-masonry-element-container\"><img decoding=\"async\" src=\"https:\/\/cortomaltese.com\/en\/wp-content\/uploads\/sites\/1\/Corto_samarcanda.jpeg\" width=\"1714\" height=\"1154\" alt=\"\" title=\"Corto_samarcanda\" aria-label=\"Corto_samarcanda\" class=\"img-responsive wp-image-15079\" srcset=\"https:\/\/cortomaltese.com\/en\/wp-content\/uploads\/sites\/1\/Corto_samarcanda-200x135.jpeg 200w, https:\/\/cortomaltese.com\/en\/wp-content\/uploads\/sites\/1\/Corto_samarcanda-400x269.jpeg 400w, https:\/\/cortomaltese.com\/en\/wp-content\/uploads\/sites\/1\/Corto_samarcanda-600x404.jpeg 600w, https:\/\/cortomaltese.com\/en\/wp-content\/uploads\/sites\/1\/Corto_samarcanda-800x539.jpeg 800w, https:\/\/cortomaltese.com\/en\/wp-content\/uploads\/sites\/1\/Corto_samarcanda-1200x808.jpeg 1200w, https:\/\/cortomaltese.com\/en\/wp-content\/uploads\/sites\/1\/Corto_samarcanda.jpeg 1714w\" sizes=\"(min-width: 2200px) 100vw, (min-width: 824px) 363px, (min-width: 732px) 545px, (min-width: 640px) 732px, \" \/><\/div><\/a><\/div><\/div><div style=\"padding:5px;\" class=\"fusion-grid-column fusion-gallery-column fusion-gallery-column-3 hover-type-zoomout fusion-element-portrait\"><div class=\"fusion-gallery-image\"><a href=\"https:\/\/cortomaltese.com\/en\/wp-content\/uploads\/sites\/1\/Bocca-dorata.jpeg\" rel=\"noreferrer\" data-rel=\"iLightbox[gallery_image_2]\" class=\"fusion-lightbox\" target=\"_self\"><div style=\"background-image:url(https:\/\/cortomaltese.com\/en\/wp-content\/uploads\/sites\/1\/Bocca-dorata.jpeg);padding-top:calc((100% + 10px) * 1.6);background-position:;\" class=\"fusion-masonry-element-container\"><img decoding=\"async\" src=\"https:\/\/cortomaltese.com\/en\/wp-content\/uploads\/sites\/1\/Bocca-dorata.jpeg\" width=\"918\" height=\"1252\" alt=\"\" title=\"Bocca dorata\" aria-label=\"Bocca dorata\" class=\"img-responsive wp-image-15073\" srcset=\"https:\/\/cortomaltese.com\/en\/wp-content\/uploads\/sites\/1\/Bocca-dorata-200x273.jpeg 200w, https:\/\/cortomaltese.com\/en\/wp-content\/uploads\/sites\/1\/Bocca-dorata-400x546.jpeg 400w, https:\/\/cortomaltese.com\/en\/wp-content\/uploads\/sites\/1\/Bocca-dorata-600x818.jpeg 600w, https:\/\/cortomaltese.com\/en\/wp-content\/uploads\/sites\/1\/Bocca-dorata-800x1091.jpeg 800w, https:\/\/cortomaltese.com\/en\/wp-content\/uploads\/sites\/1\/Bocca-dorata.jpeg 918w\" sizes=\"(min-width: 2200px) 100vw, (min-width: 824px) 363px, (min-width: 732px) 545px, (min-width: 640px) 732px, \" \/><\/div><\/a><\/div><\/div><div style=\"padding:5px;\" class=\"fusion-grid-column fusion-gallery-column fusion-gallery-column-3 hover-type-zoomout fusion-element-grid\"><div class=\"fusion-gallery-image\"><a href=\"https:\/\/cortomaltese.com\/en\/wp-content\/uploads\/sites\/1\/Corto-semenova.jpeg\" rel=\"noreferrer\" data-rel=\"iLightbox[gallery_image_2]\" class=\"fusion-lightbox\" target=\"_self\"><div style=\"background-image:url(https:\/\/cortomaltese.com\/en\/wp-content\/uploads\/sites\/1\/Corto-semenova.jpeg);padding-top:calc((100% + 10px) * 0.8 - 5px);background-position:;\" class=\"fusion-masonry-element-container\"><img decoding=\"async\" src=\"https:\/\/cortomaltese.com\/en\/wp-content\/uploads\/sites\/1\/Corto-semenova.jpeg\" width=\"1644\" height=\"1250\" alt=\"Corto Maltese Pompidou\" title=\"Corto semenova\" aria-label=\"Corto semenova\" class=\"img-responsive wp-image-15074\" srcset=\"https:\/\/cortomaltese.com\/en\/wp-content\/uploads\/sites\/1\/Corto-semenova-200x152.jpeg 200w, https:\/\/cortomaltese.com\/en\/wp-content\/uploads\/sites\/1\/Corto-semenova-400x304.jpeg 400w, https:\/\/cortomaltese.com\/en\/wp-content\/uploads\/sites\/1\/Corto-semenova-600x456.jpeg 600w, https:\/\/cortomaltese.com\/en\/wp-content\/uploads\/sites\/1\/Corto-semenova-800x608.jpeg 800w, https:\/\/cortomaltese.com\/en\/wp-content\/uploads\/sites\/1\/Corto-semenova-1200x912.jpeg 1200w, https:\/\/cortomaltese.com\/en\/wp-content\/uploads\/sites\/1\/Corto-semenova.jpeg 1644w\" sizes=\"(min-width: 2200px) 100vw, (min-width: 824px) 363px, (min-width: 732px) 545px, (min-width: 640px) 732px, \" \/><\/div><\/a><\/div><\/div><\/div><\/div><\/div><\/div><\/div><\/div><\/p>\n","protected":false},"excerpt":{"rendered":"<p>From 29 May to 4 November 2024, the exhibition &#8220;Corto Maltese, une vie romanesque&#8221; arrives at the Center Pompidou in Paris, within the exhibition &#8220;La BD \u00e0 tous les \u00e9tages&#8221;, dedicated to the main characters of the last 60 years of the graphic novel<\/p>\n","protected":false},"author":1,"featured_media":15069,"comment_status":"closed","ping_status":"open","sticky":false,"template":"","format":"standard","meta":{"footnotes":""},"categories":[18,7],"tags":[40,30],"class_list":["post-15066","post","type-post","status-publish","format-standard","has-post-thumbnail","hentry","category-events","category-news","tag-corto-maltese","tag-hugo-pratt"],"yoast_head":"<!-- This site is optimized with the Yoast SEO plugin v26.5 - https:\/\/yoast.com\/wordpress\/plugins\/seo\/ -->\n<title>Corto Maltese at the Centre Pompidou, the exhibition in Paris<\/title>\n<meta name=\"description\" content=\"From 29 May to 4 November 2024, the exhibition &quot;Corto Maltese, une vie romanesque&quot; arrives at the Center Pompidou in Paris\" \/>\n<meta name=\"robots\" content=\"index, follow, max-snippet:-1, max-image-preview:large, max-video-preview:-1\" \/>\n<link rel=\"canonical\" href=\"https:\/\/cortomaltese.com\/en\/corto-maltese-arrive-at-the-centre-pompidou\/\" \/>\n<meta property=\"og:locale\" content=\"en_GB\" \/>\n<meta property=\"og:type\" content=\"article\" \/>\n<meta property=\"og:title\" content=\"Corto Maltese at the Centre Pompidou, the exhibition in Paris\" \/>\n<meta property=\"og:description\" content=\"From 29 May to 4 November 2024, the exhibition &quot;Corto Maltese, une vie romanesque&quot; arrives at the Center Pompidou in Paris\" \/>\n<meta property=\"og:url\" content=\"https:\/\/cortomaltese.com\/en\/corto-maltese-arrive-at-the-centre-pompidou\/\" \/>\n<meta property=\"og:site_name\" content=\"cortomaltese inglese\" \/>\n<meta property=\"article:published_time\" content=\"2024-04-03T08:18:22+00:00\" \/>\n<meta property=\"og:image\" content=\"https:\/\/cortomaltese.com\/en\/wp-content\/uploads\/sites\/1\/Affiche_Corto_ld.jpg\" \/>\n\t<meta property=\"og:image:width\" content=\"1134\" \/>\n\t<meta property=\"og:image:height\" content=\"1701\" \/>\n\t<meta property=\"og:image:type\" content=\"image\/jpeg\" \/>\n<meta name=\"author\" content=\"Corto Maltese\" \/>\n<meta name=\"twitter:card\" content=\"summary_large_image\" \/>\n<meta name=\"twitter:label1\" content=\"Written by\" \/>\n\t<meta name=\"twitter:data1\" content=\"Corto Maltese\" \/>\n\t<meta name=\"twitter:label2\" content=\"Estimated reading time\" \/>\n\t<meta name=\"twitter:data2\" content=\"12 minutes\" \/>\n<script type=\"application\/ld+json\" class=\"yoast-schema-graph\">{\"@context\":\"https:\/\/schema.org\",\"@graph\":[{\"@type\":\"WebPage\",\"@id\":\"https:\/\/cortomaltese.com\/en\/corto-maltese-arrive-at-the-centre-pompidou\/\",\"url\":\"https:\/\/cortomaltese.com\/en\/corto-maltese-arrive-at-the-centre-pompidou\/\",\"name\":\"Corto Maltese at the Centre Pompidou, the exhibition in Paris\",\"isPartOf\":{\"@id\":\"https:\/\/cortomaltese.com\/en\/#website\"},\"primaryImageOfPage\":{\"@id\":\"https:\/\/cortomaltese.com\/en\/corto-maltese-arrive-at-the-centre-pompidou\/#primaryimage\"},\"image\":{\"@id\":\"https:\/\/cortomaltese.com\/en\/corto-maltese-arrive-at-the-centre-pompidou\/#primaryimage\"},\"thumbnailUrl\":\"https:\/\/cortomaltese.com\/en\/wp-content\/uploads\/sites\/1\/Affiche_Corto_ld.jpg\",\"datePublished\":\"2024-04-03T08:18:22+00:00\",\"author\":{\"@id\":\"https:\/\/cortomaltese.com\/en\/#\/schema\/person\/5204dd292c3d1105df4b66cc0749217e\"},\"description\":\"From 29 May to 4 November 2024, the exhibition \\\"Corto Maltese, une vie romanesque\\\" arrives at the Center Pompidou in Paris\",\"breadcrumb\":{\"@id\":\"https:\/\/cortomaltese.com\/en\/corto-maltese-arrive-at-the-centre-pompidou\/#breadcrumb\"},\"inLanguage\":\"en-GB\",\"potentialAction\":[{\"@type\":\"ReadAction\",\"target\":[\"https:\/\/cortomaltese.com\/en\/corto-maltese-arrive-at-the-centre-pompidou\/\"]}]},{\"@type\":\"ImageObject\",\"inLanguage\":\"en-GB\",\"@id\":\"https:\/\/cortomaltese.com\/en\/corto-maltese-arrive-at-the-centre-pompidou\/#primaryimage\",\"url\":\"https:\/\/cortomaltese.com\/en\/wp-content\/uploads\/sites\/1\/Affiche_Corto_ld.jpg\",\"contentUrl\":\"https:\/\/cortomaltese.com\/en\/wp-content\/uploads\/sites\/1\/Affiche_Corto_ld.jpg\",\"width\":1134,\"height\":1701,\"caption\":\"Corto Maltese Pompidou\"},{\"@type\":\"BreadcrumbList\",\"@id\":\"https:\/\/cortomaltese.com\/en\/corto-maltese-arrive-at-the-centre-pompidou\/#breadcrumb\",\"itemListElement\":[{\"@type\":\"ListItem\",\"position\":1,\"name\":\"Home\",\"item\":\"https:\/\/cortomaltese.com\/en\/\"},{\"@type\":\"ListItem\",\"position\":2,\"name\":\"&#8216;La BD \u00e0 tous les \u00e9tages&#8217;: comics arrive at the Centre Pompidou, and Corto Maltese is the literary hero of the Biblioth\u00e8que Publique in Paris\"}]},{\"@type\":\"WebSite\",\"@id\":\"https:\/\/cortomaltese.com\/en\/#website\",\"url\":\"https:\/\/cortomaltese.com\/en\/\",\"name\":\"cortomaltese inglese\",\"description\":\"The official site\",\"potentialAction\":[{\"@type\":\"SearchAction\",\"target\":{\"@type\":\"EntryPoint\",\"urlTemplate\":\"https:\/\/cortomaltese.com\/en\/?s={search_term_string}\"},\"query-input\":{\"@type\":\"PropertyValueSpecification\",\"valueRequired\":true,\"valueName\":\"search_term_string\"}}],\"inLanguage\":\"en-GB\"},{\"@type\":\"Person\",\"@id\":\"https:\/\/cortomaltese.com\/en\/#\/schema\/person\/5204dd292c3d1105df4b66cc0749217e\",\"name\":\"Corto Maltese\",\"image\":{\"@type\":\"ImageObject\",\"inLanguage\":\"en-GB\",\"@id\":\"https:\/\/cortomaltese.com\/en\/#\/schema\/person\/image\/\",\"url\":\"https:\/\/secure.gravatar.com\/avatar\/2ad4be5824b38545bbca3ce52ffd9add?s=96&d=mm&r=g\",\"contentUrl\":\"https:\/\/secure.gravatar.com\/avatar\/2ad4be5824b38545bbca3ce52ffd9add?s=96&d=mm&r=g\",\"caption\":\"Corto Maltese\"},\"url\":\"https:\/\/cortomaltese.com\/en\/author\/cortomaltese\/\"}]}<\/script>\n<!-- \/ Yoast SEO plugin. -->","yoast_head_json":{"title":"Corto Maltese at the Centre Pompidou, the exhibition in Paris","description":"From 29 May to 4 November 2024, the exhibition \"Corto Maltese, une vie romanesque\" arrives at the Center Pompidou in Paris","robots":{"index":"index","follow":"follow","max-snippet":"max-snippet:-1","max-image-preview":"max-image-preview:large","max-video-preview":"max-video-preview:-1"},"canonical":"https:\/\/cortomaltese.com\/en\/corto-maltese-arrive-at-the-centre-pompidou\/","og_locale":"en_GB","og_type":"article","og_title":"Corto Maltese at the Centre Pompidou, the exhibition in Paris","og_description":"From 29 May to 4 November 2024, the exhibition \"Corto Maltese, une vie romanesque\" arrives at the Center Pompidou in Paris","og_url":"https:\/\/cortomaltese.com\/en\/corto-maltese-arrive-at-the-centre-pompidou\/","og_site_name":"cortomaltese inglese","article_published_time":"2024-04-03T08:18:22+00:00","og_image":[{"width":1134,"height":1701,"url":"https:\/\/cortomaltese.com\/en\/wp-content\/uploads\/sites\/1\/Affiche_Corto_ld.jpg","type":"image\/jpeg"}],"author":"Corto Maltese","twitter_card":"summary_large_image","twitter_misc":{"Written by":"Corto Maltese","Estimated reading time":"12 minutes"},"schema":{"@context":"https:\/\/schema.org","@graph":[{"@type":"WebPage","@id":"https:\/\/cortomaltese.com\/en\/corto-maltese-arrive-at-the-centre-pompidou\/","url":"https:\/\/cortomaltese.com\/en\/corto-maltese-arrive-at-the-centre-pompidou\/","name":"Corto Maltese at the Centre Pompidou, the exhibition in Paris","isPartOf":{"@id":"https:\/\/cortomaltese.com\/en\/#website"},"primaryImageOfPage":{"@id":"https:\/\/cortomaltese.com\/en\/corto-maltese-arrive-at-the-centre-pompidou\/#primaryimage"},"image":{"@id":"https:\/\/cortomaltese.com\/en\/corto-maltese-arrive-at-the-centre-pompidou\/#primaryimage"},"thumbnailUrl":"https:\/\/cortomaltese.com\/en\/wp-content\/uploads\/sites\/1\/Affiche_Corto_ld.jpg","datePublished":"2024-04-03T08:18:22+00:00","author":{"@id":"https:\/\/cortomaltese.com\/en\/#\/schema\/person\/5204dd292c3d1105df4b66cc0749217e"},"description":"From 29 May to 4 November 2024, the exhibition \"Corto Maltese, une vie romanesque\" arrives at the Center Pompidou in Paris","breadcrumb":{"@id":"https:\/\/cortomaltese.com\/en\/corto-maltese-arrive-at-the-centre-pompidou\/#breadcrumb"},"inLanguage":"en-GB","potentialAction":[{"@type":"ReadAction","target":["https:\/\/cortomaltese.com\/en\/corto-maltese-arrive-at-the-centre-pompidou\/"]}]},{"@type":"ImageObject","inLanguage":"en-GB","@id":"https:\/\/cortomaltese.com\/en\/corto-maltese-arrive-at-the-centre-pompidou\/#primaryimage","url":"https:\/\/cortomaltese.com\/en\/wp-content\/uploads\/sites\/1\/Affiche_Corto_ld.jpg","contentUrl":"https:\/\/cortomaltese.com\/en\/wp-content\/uploads\/sites\/1\/Affiche_Corto_ld.jpg","width":1134,"height":1701,"caption":"Corto Maltese Pompidou"},{"@type":"BreadcrumbList","@id":"https:\/\/cortomaltese.com\/en\/corto-maltese-arrive-at-the-centre-pompidou\/#breadcrumb","itemListElement":[{"@type":"ListItem","position":1,"name":"Home","item":"https:\/\/cortomaltese.com\/en\/"},{"@type":"ListItem","position":2,"name":"&#8216;La BD \u00e0 tous les \u00e9tages&#8217;: comics arrive at the Centre Pompidou, and Corto Maltese is the literary hero of the Biblioth\u00e8que Publique in Paris"}]},{"@type":"WebSite","@id":"https:\/\/cortomaltese.com\/en\/#website","url":"https:\/\/cortomaltese.com\/en\/","name":"cortomaltese inglese","description":"The official site","potentialAction":[{"@type":"SearchAction","target":{"@type":"EntryPoint","urlTemplate":"https:\/\/cortomaltese.com\/en\/?s={search_term_string}"},"query-input":{"@type":"PropertyValueSpecification","valueRequired":true,"valueName":"search_term_string"}}],"inLanguage":"en-GB"},{"@type":"Person","@id":"https:\/\/cortomaltese.com\/en\/#\/schema\/person\/5204dd292c3d1105df4b66cc0749217e","name":"Corto Maltese","image":{"@type":"ImageObject","inLanguage":"en-GB","@id":"https:\/\/cortomaltese.com\/en\/#\/schema\/person\/image\/","url":"https:\/\/secure.gravatar.com\/avatar\/2ad4be5824b38545bbca3ce52ffd9add?s=96&d=mm&r=g","contentUrl":"https:\/\/secure.gravatar.com\/avatar\/2ad4be5824b38545bbca3ce52ffd9add?s=96&d=mm&r=g","caption":"Corto Maltese"},"url":"https:\/\/cortomaltese.com\/en\/author\/cortomaltese\/"}]}},"_links":{"self":[{"href":"https:\/\/cortomaltese.com\/en\/wp-json\/wp\/v2\/posts\/15066","targetHints":{"allow":["GET"]}}],"collection":[{"href":"https:\/\/cortomaltese.com\/en\/wp-json\/wp\/v2\/posts"}],"about":[{"href":"https:\/\/cortomaltese.com\/en\/wp-json\/wp\/v2\/types\/post"}],"author":[{"embeddable":true,"href":"https:\/\/cortomaltese.com\/en\/wp-json\/wp\/v2\/users\/1"}],"replies":[{"embeddable":true,"href":"https:\/\/cortomaltese.com\/en\/wp-json\/wp\/v2\/comments?post=15066"}],"version-history":[{"count":0,"href":"https:\/\/cortomaltese.com\/en\/wp-json\/wp\/v2\/posts\/15066\/revisions"}],"wp:featuredmedia":[{"embeddable":true,"href":"https:\/\/cortomaltese.com\/en\/wp-json\/wp\/v2\/media\/15069"}],"wp:attachment":[{"href":"https:\/\/cortomaltese.com\/en\/wp-json\/wp\/v2\/media?parent=15066"}],"wp:term":[{"taxonomy":"category","embeddable":true,"href":"https:\/\/cortomaltese.com\/en\/wp-json\/wp\/v2\/categories?post=15066"},{"taxonomy":"post_tag","embeddable":true,"href":"https:\/\/cortomaltese.com\/en\/wp-json\/wp\/v2\/tags?post=15066"}],"curies":[{"name":"wp","href":"https:\/\/api.w.org\/{rel}","templated":true}]}}