{"id":14644,"date":"2019-01-24T10:29:07","date_gmt":"2019-01-24T09:29:07","guid":{"rendered":"https:\/\/cortomaltese.com\/de\/?p=14644"},"modified":"2020-01-24T10:29:27","modified_gmt":"2020-01-24T09:29:27","slug":"corto-maltese-die-kelten","status":"publish","type":"post","link":"https:\/\/cortomaltese.com\/de\/corto-maltese-die-kelten\/","title":{"rendered":"Corto Maltese &#8211; Die Kelten"},"content":{"rendered":"<p><div class=\"fusion-fullwidth fullwidth-box fusion-builder-row-1 nonhundred-percent-fullwidth non-hundred-percent-height-scrolling\" style=\"--awb-border-radius-top-left:0px;--awb-border-radius-top-right:0px;--awb-border-radius-bottom-right:0px;--awb-border-radius-bottom-left:0px;--awb-flex-wrap:wrap;\" ><div class=\"fusion-builder-row fusion-row\"><div class=\"fusion-layout-column fusion_builder_column fusion-builder-column-0 fusion_builder_column_1_2 1_2 fusion-one-half fusion-column-first\" style=\"--awb-bg-size:cover;width:50%;width:calc(50% - ( ( 4% ) * 0.5 ) );margin-right: 4%;\"><div class=\"fusion-column-wrapper fusion-column-has-shadow fusion-flex-column-wrapper-legacy\"><div class=\"fusion-text fusion-text-1\"><h2>HUGO PRATT<\/h2>\n<h1>Corto Maltese. <span style=\"color: #268a93;\">Die Kelten<\/span><\/h1>\n<h2>Corto Maltese, Die Kelten &#8211; Die vierte Geschichte der zw\u00f6lfteiligen Serie mit den Abenteuern des romantischen Seemanns bringt Corto Maltese im Zweiten Weltkrieg nach Europa. Die deutsche Ausgabe erscheint im Schreiber&amp;Lester Verlag.<\/h2>\n<div class=\"fusion-sep-clear\"><\/div><div class=\"fusion-separator fusion-clearfix\" style=\"float:left;margin-top:40px;margin-bottom:40px;width:100%;max-width:40%;\"><div class=\"fusion-separator-border sep-single sep-solid\" style=\"--awb-height:20px;--awb-amount:20px;--awb-sep-color:#268a93;border-color:#268A93;border-top-width:4px;\"><\/div><\/div><div class=\"fusion-sep-clear\"><\/div>\n<\/div><div class=\"fusion-sep-clear\"><\/div><div class=\"fusion-separator fusion-full-width-sep\" style=\"margin-left: auto;margin-right: auto;width:100%;\"><\/div><div class=\"fusion-sep-clear\"><\/div><div class=\"fusion-testimonials classic awb-speech-bubble-show fusion-testimonials-1\" style=\"--awb-textcolor:#747474;--awb-backgroundcolor:#f6f6f6;--awb-testimonial-border-style:solid;--awb-testimonial-border-color:var(--awb-color3);--awb-border-top-left-radius:0px;--awb-border-top-right-radius:0px;--awb-border-bottom-left-radius:0px;--awb-border-bottom-right-radius:0px;--testimonial-border-width-top:0px;--testimonial-border-width-right:0px;--testimonial-border-width-bottom:0px;--testimonial-border-width-left:0px;\" data-random=\"0\" data-speed=\"4000\"><div class=\"reviews\"><div class=\"review active-testimonial avatar-image\"><blockquote><div class=\"awb-quote\"><div class=\"awb-quote-content\">\n<p><em>\u201cEhrlich gesagt, lassen heldenkarrieren mich eher kalt.\u201d<\/em><\/p>\n<\/div><\/div><span class=\"awb-triangle\"><\/span><\/blockquote><div class=\"author\"><span class=\"testimonial-thumbnail\"><img decoding=\"async\" class=\"testimonial-image\" src=\"https:\/\/cortomaltese.com\/de\/wp-content\/uploads\/sites\/11\/Las_nuevas_aventuras_de_Corto_Maltes_Pellejero_Canales.jpg\" width=\"960\" height=\"779\" alt=\"Exposici\u00f3n en el\u00a0Museu Nacional d&#039;Art de Catalunya\u00a0(MNAC). Barcelona, del 5 de abril hasta el 21 de abril de 2019\" \/><\/span><span class=\"company-name\"><strong>Corto Maltese<\/strong><\/span><\/div><\/div><\/div><\/div><div class=\"fusion-sep-clear\"><\/div><div class=\"fusion-separator fusion-full-width-sep\" style=\"margin-left: auto;margin-right: auto;margin-bottom:50px;width:100%;\"><\/div><div class=\"fusion-sep-clear\"><\/div><div class=\"fusion-text fusion-text-2\"><p><em>Ausgerechnet in den schlimmsten Zeiten des 1. Weltkriegs bereist Corto Maltese Europa, oft hart an den Frontverl\u00e4ufen entlang, und fl\u00fcchtet bald in die keltischen Sagenwelten. Eine (Traum-) Reise voller Feen und Druiden, Panzerf\u00e4uste und Rabengekr\u00e4chz, Harfenklang und Nitroglyzerin.<\/em><\/p>\n<\/div><div class=\"fusion-clearfix\"><\/div><\/div><\/div><div class=\"fusion-layout-column fusion_builder_column fusion-builder-column-1 fusion_builder_column_1_2 1_2 fusion-one-half fusion-column-last\" style=\"--awb-bg-size:cover;width:50%;width:calc(50% - ( ( 4% ) * 0.5 ) );\"><div class=\"fusion-column-wrapper fusion-column-has-shadow fusion-flex-column-wrapper-legacy\"><div class=\"fusion-image-before-after-wrapper type-switch hover-type-together fusion-image-before-after-wrapper-1\" style=\"--awb-font-size:13px;--awb-bordersize:0px;--awb-accent-color-bg:rgba(255,255,255,0.15);--awb-transition-time:0.5s;\"><div class=\"fusion-image-before-after-element fusion-image-switch fusion-image-before-after-1\"><img decoding=\"async\" class=\"fusion-image-switch-before\" src=\"https:\/\/cortomaltese.com\/de\/wp-content\/uploads\/sites\/11\/Die-Kelten-Klassik-Edition-cover.jpg\" width=\"750\" height=\"1012\"><img decoding=\"async\" class=\"fusion-image-switch-after\" src=\"https:\/\/cortomaltese.com\/de\/wp-content\/uploads\/sites\/11\/04_Cover_Die-Kelten.jpg\" width=\"750\" height=\"999\"><\/div><\/div><div class=\"fusion-clearfix\"><\/div><\/div><\/div><\/div><\/div><div class=\"fusion-fullwidth fullwidth-box fusion-builder-row-2 nonhundred-percent-fullwidth non-hundred-percent-height-scrolling\" style=\"--awb-border-radius-top-left:0px;--awb-border-radius-top-right:0px;--awb-border-radius-bottom-right:0px;--awb-border-radius-bottom-left:0px;--awb-flex-wrap:wrap;\" ><div class=\"fusion-builder-row fusion-row\"><div class=\"fusion-layout-column fusion_builder_column fusion-builder-column-2 fusion_builder_column_1_1 1_1 fusion-one-full fusion-column-first fusion-column-last\" style=\"--awb-bg-size:cover;\"><div class=\"fusion-column-wrapper fusion-column-has-shadow fusion-flex-column-wrapper-legacy\"><div class=\"fusion-sep-clear\"><\/div><div class=\"fusion-separator fusion-full-width-sep\" style=\"margin-left: auto;margin-right: auto;margin-top:20px;margin-bottom:20px;width:100%;\"><\/div><div class=\"fusion-sep-clear\"><\/div><div class=\"fusion-text fusion-text-3\"><p>Auf Anraten eines Missionars bricht Corto nach Venedig auf, um Hinweise auf Eldorado, jenes sagenhaftes Goldland, zu erhalten. Seine Reise f\u00fchrt ihn quer durch Europa und er muss zun\u00e4chst in Frankreich, Gro\u00dfbritannien und Irland einige H\u00fcrden meistern, die ihn zugleich mit den Schrecken des Ersten Weltkriegs konfrontieren.<\/p>\n<p>Schrecken, die ihm aber auch den Weg in andere Realit\u00e4ten offenbaren. So findet er Ablenkung in der magischen Welt von Stonehenge, Trost im Lied einer Schauspielerin und etwas Frieden, als er einem alten Freund begegnet. Er wandelt in Tr\u00e4umen und Erinnerungen, die ihn seit seinem S\u00fcdsee-Abenteuer verfolgen.<\/p>\n<p>Enth\u00e4lt die Geschichten: <strong>Der Engel am Ostfenster<\/strong> \/ <strong>Unter der goldenen Flagge<\/strong> \/ <strong>Konzert f\u00fcr Harfe und Nitroglyzerin in o\u2018-moll<\/strong> \/ <strong>Ein Wintermorgentraum<\/strong> \/ <strong>C\u00f4tes de nuit und Rosen aus der Picardie<\/strong> \/ <strong>Burleske zwischen Zuydcoote und Bray-dunes<\/strong><\/p>\n<\/div><div class=\"fusion-clearfix\"><\/div><\/div><\/div><\/div><\/div><div class=\"fusion-fullwidth fullwidth-box fusion-builder-row-3 nonhundred-percent-fullwidth non-hundred-percent-height-scrolling\" style=\"--awb-border-radius-top-left:0px;--awb-border-radius-top-right:0px;--awb-border-radius-bottom-right:0px;--awb-border-radius-bottom-left:0px;--awb-flex-wrap:wrap;\" ><div class=\"fusion-builder-row fusion-row\"><div class=\"fusion-layout-column fusion_builder_column fusion-builder-column-3 fusion_builder_column_1_4 1_4 fusion-one-fourth fusion-column-first\" style=\"--awb-bg-size:cover;width:25%;width:calc(25% - ( ( 4% + 4% + 4% ) * 0.25 ) );margin-right: 4%;\"><div class=\"fusion-column-wrapper fusion-column-has-shadow fusion-flex-column-wrapper-legacy\"><div class=\"fusion-slider-sc fusion-flexslider-loading flexslider flexslider-hover-type-none\" data-slideshow_autoplay=\"1\" data-slideshow_smooth_height=\"0\" data-slideshow_speed=\"7000\" style=\"max-width:100%;height:100%;\"><ul class=\"slides\"><li class=\"image\"><a title=\"die keiten 2\" data-title=\"die keiten 2\" aria-label=\"die keiten 2\" href=\"https:\/\/www.schreiberundleser.de\/index.php?main_page=advanced_search_result&amp;search_in_description=1&amp;keyword=Die+Kelten\" target=\"_blank\" rel=\"noopener noreferrer\"><span class=\"fusion-image-hover-element hover-type-none\"><img decoding=\"async\" src=\"https:\/\/cortomaltese.com\/de\/wp-content\/uploads\/sites\/11\/die-keiten-2.jpg\" width=\"750\" height=\"1000\" class=\"wp-image-14648\" srcset=\"https:\/\/cortomaltese.com\/de\/wp-content\/uploads\/sites\/11\/die-keiten-2-200x267.jpg 200w, https:\/\/cortomaltese.com\/de\/wp-content\/uploads\/sites\/11\/die-keiten-2-400x533.jpg 400w, https:\/\/cortomaltese.com\/de\/wp-content\/uploads\/sites\/11\/die-keiten-2-600x800.jpg 600w, https:\/\/cortomaltese.com\/de\/wp-content\/uploads\/sites\/11\/die-keiten-2.jpg 750w\" sizes=\"(max-width: 800px) 100vw, 400px\" \/><\/span><\/a><\/li><li class=\"image\"><a title=\"die keiten 1\" data-title=\"die keiten 1\" aria-label=\"die keiten 1\" href=\"https:\/\/www.schreiberundleser.de\/index.php?main_page=advanced_search_result&amp;search_in_description=1&amp;keyword=Die+Kelten\" target=\"_blank\" rel=\"noopener noreferrer\"><span class=\"fusion-image-hover-element hover-type-none\"><img decoding=\"async\" src=\"https:\/\/cortomaltese.com\/de\/wp-content\/uploads\/sites\/11\/die-keiten-1.jpg\" width=\"750\" height=\"1000\" class=\"wp-image-14649\" srcset=\"https:\/\/cortomaltese.com\/de\/wp-content\/uploads\/sites\/11\/die-keiten-1-200x267.jpg 200w, https:\/\/cortomaltese.com\/de\/wp-content\/uploads\/sites\/11\/die-keiten-1-400x533.jpg 400w, https:\/\/cortomaltese.com\/de\/wp-content\/uploads\/sites\/11\/die-keiten-1-600x800.jpg 600w, https:\/\/cortomaltese.com\/de\/wp-content\/uploads\/sites\/11\/die-keiten-1.jpg 750w\" sizes=\"(max-width: 800px) 100vw, 400px\" \/><\/span><\/a><\/li><\/ul><\/div><div class=\"fusion-clearfix\"><\/div><\/div><\/div><div class=\"fusion-layout-column fusion_builder_column fusion-builder-column-4 fusion_builder_column_1_4 1_4 fusion-one-fourth\" style=\"--awb-bg-size:cover;width:25%;width:calc(25% - ( ( 4% + 4% + 4% ) * 0.25 ) );margin-right: 4%;\"><div class=\"fusion-column-wrapper fusion-column-has-shadow fusion-flex-column-wrapper-legacy\"><div class=\"fusion-text fusion-text-4\"><p><span style=\"color: #008080;\"><a style=\"color: #008080;\" href=\"https:\/\/www.schreiberundleser.de\/index.php?main_page=advanced_search_result&amp;search_in_description=1&amp;keyword=Die+Kelten\" target=\"_blank\" rel=\"noopener noreferrer\"><strong>Regul\u00e4re Farbausgabe<\/strong><\/a><\/span><\/p>\n<p>Inhalt: 144 Seiten in Farbe<br \/>\nFormat: gebunden<br \/>\nSprache: Deutsch<br \/>\nISBN: 978-3-943808-96-4<br \/>\n\u20ac 29,80<\/p>\n<\/div><div class=\"fusion-clearfix\"><\/div><\/div><\/div><div class=\"fusion-layout-column fusion_builder_column fusion-builder-column-5 fusion_builder_column_1_4 1_4 fusion-one-fourth\" style=\"--awb-bg-size:cover;width:25%;width:calc(25% - ( ( 4% + 4% + 4% ) * 0.25 ) );margin-right: 4%;\"><div class=\"fusion-column-wrapper fusion-column-has-shadow fusion-flex-column-wrapper-legacy\"><div class=\"fusion-slider-sc fusion-flexslider-loading flexslider flexslider-hover-type-none\" data-slideshow_autoplay=\"1\" data-slideshow_smooth_height=\"0\" data-slideshow_speed=\"7000\" style=\"max-width:100%;height:100%;\"><ul class=\"slides\"><li class=\"image\"><a title=\"Die Kelten (Klassik-Edition) 2\" data-title=\"Die Kelten (Klassik-Edition) 2\" aria-label=\"Die Kelten (Klassik-Edition) 2\" href=\"https:\/\/www.schreiberundleser.de\/index.php?main_page=advanced_search_result&amp;search_in_description=1&amp;keyword=Die+Kelten\" target=\"_blank\" rel=\"noopener noreferrer\"><span class=\"fusion-image-hover-element hover-type-none\"><img decoding=\"async\" src=\"https:\/\/cortomaltese.com\/de\/wp-content\/uploads\/sites\/11\/Die-Kelten-Klassik-Edition-2.jpg\" width=\"750\" height=\"1000\" class=\"wp-image-14646\" srcset=\"https:\/\/cortomaltese.com\/de\/wp-content\/uploads\/sites\/11\/Die-Kelten-Klassik-Edition-2-200x267.jpg 200w, https:\/\/cortomaltese.com\/de\/wp-content\/uploads\/sites\/11\/Die-Kelten-Klassik-Edition-2-400x533.jpg 400w, https:\/\/cortomaltese.com\/de\/wp-content\/uploads\/sites\/11\/Die-Kelten-Klassik-Edition-2-600x800.jpg 600w, https:\/\/cortomaltese.com\/de\/wp-content\/uploads\/sites\/11\/Die-Kelten-Klassik-Edition-2.jpg 750w\" sizes=\"(max-width: 800px) 100vw, 400px\" \/><\/span><\/a><\/li><li class=\"image\"><a title=\"Die Kelten (Klassik-Edition) 1\" data-title=\"Die Kelten (Klassik-Edition) 1\" aria-label=\"Die Kelten (Klassik-Edition) 1\" href=\"https:\/\/www.schreiberundleser.de\/index.php?main_page=advanced_search_result&amp;search_in_description=1&amp;keyword=Die+Kelten\" target=\"_blank\" rel=\"noopener noreferrer\"><span class=\"fusion-image-hover-element hover-type-none\"><img decoding=\"async\" src=\"https:\/\/cortomaltese.com\/de\/wp-content\/uploads\/sites\/11\/Die-Kelten-Klassik-Edition-1.jpg\" width=\"750\" height=\"1000\" class=\"wp-image-14647\" srcset=\"https:\/\/cortomaltese.com\/de\/wp-content\/uploads\/sites\/11\/Die-Kelten-Klassik-Edition-1-200x267.jpg 200w, https:\/\/cortomaltese.com\/de\/wp-content\/uploads\/sites\/11\/Die-Kelten-Klassik-Edition-1-400x533.jpg 400w, https:\/\/cortomaltese.com\/de\/wp-content\/uploads\/sites\/11\/Die-Kelten-Klassik-Edition-1-600x800.jpg 600w, https:\/\/cortomaltese.com\/de\/wp-content\/uploads\/sites\/11\/Die-Kelten-Klassik-Edition-1.jpg 750w\" sizes=\"(max-width: 800px) 100vw, 400px\" \/><\/span><\/a><\/li><\/ul><\/div><div class=\"fusion-clearfix\"><\/div><\/div><\/div><div class=\"fusion-layout-column fusion_builder_column fusion-builder-column-6 fusion_builder_column_1_4 1_4 fusion-one-fourth fusion-column-last\" style=\"--awb-bg-size:cover;width:25%;width:calc(25% - ( ( 4% + 4% + 4% ) * 0.25 ) );\"><div class=\"fusion-column-wrapper fusion-column-has-shadow fusion-flex-column-wrapper-legacy\"><div class=\"fusion-text fusion-text-5\"><p><span style=\"color: #008080;\"><a style=\"color: #008080;\" href=\"https:\/\/www.schreiberundleser.de\/index.php?main_page=advanced_search_result&amp;search_in_description=1&amp;keyword=Die+Kelten\" target=\"_blank\" rel=\"noopener noreferrer\"><strong>Klassik-Edition in Schwarz-wei\u00df<\/strong><\/a><\/span><\/p>\n<p>Inhalt: 144 Seiten in Schwarz und Wei\u00df<br \/>\nFormat: gebunden<br \/>\nSprache: Deutsch<br \/>\nISBN: 978-3-943808-97-1<br \/>\n\u20ac 29,80<\/p>\n<\/div><div class=\"fusion-clearfix\"><\/div><\/div><\/div><\/div><\/div><div class=\"fusion-fullwidth fullwidth-box fusion-builder-row-4 nonhundred-percent-fullwidth non-hundred-percent-height-scrolling\" style=\"--awb-border-radius-top-left:0px;--awb-border-radius-top-right:0px;--awb-border-radius-bottom-right:0px;--awb-border-radius-bottom-left:0px;--awb-flex-wrap:wrap;\" ><div class=\"fusion-builder-row fusion-row\"><div class=\"fusion-layout-column fusion_builder_column fusion-builder-column-7 fusion_builder_column_1_1 1_1 fusion-one-full fusion-column-first fusion-column-last\" style=\"--awb-bg-size:cover;\"><div class=\"fusion-column-wrapper fusion-column-has-shadow fusion-flex-column-wrapper-legacy\"><div class=\"fusion-sep-clear\"><\/div><div class=\"fusion-separator fusion-full-width-sep\" style=\"margin-left: auto;margin-right: auto;width:100%;\"><\/div><div class=\"fusion-sep-clear\"><\/div><div class=\"fusion-title title fusion-title-1 fusion-title-text fusion-title-size-one\"><h1 class=\"fusion-title-heading title-heading-left fusion-responsive-typography-calculated\" style=\"margin:0;--fontSize:36;line-height:1.33;\"><h3>Diese B\u00e4nde sind bereits erh\u00e4ltlich:<\/h3><\/h1><span class=\"awb-title-spacer\"><\/span><div class=\"title-sep-container\"><div class=\"title-sep sep-double sep-solid\" style=\"border-color:#e0dede;\"><\/div><\/div><\/div><div class=\"fusion-sep-clear\"><\/div><div class=\"fusion-separator fusion-full-width-sep\" style=\"margin-left: auto;margin-right: auto;width:100%;\"><\/div><div class=\"fusion-sep-clear\"><\/div>\t\t\t\t\t<div class=\"fusion-slider-container fusion-slider-sc-corto_de fusion-slider-36 full-width-slider\" style=\"height:400px; max-width:100%;\" data-id=\"36\" data-full_height=\"\">\n\t\t\t\t\t\t<style type=\"text\/css\">.fusion-slider-36 .flex-direction-nav a {width:63px;height:63px;line-height:63px;font-size:25px;}<\/style>\t\t\t\t\t\t<div class=\"fusion-slider-loading\">Loading...<\/div>\n\t\t\t\t\t\t<div class=\"tfs-slider flexslider main-flex full-width-slider\" data-slider_width=\"100%\" data-slider_height=\"400px\" data-full_screen=\"0\" data-parallax=\"0\" data-nav_arrows=\"1\" data-nav_box_width=\"63px\" data-nav_box_height=\"63px\" data-nav_arrow_size=\"25px\" data-autoplay=\"1\" data-loop=\"0\" data-orderby=\"date\" data-order=\"DESC\" data-animation=\"fade\" data-slideshow_speed=\"3000\" data-animation_speed=\"600\" data-typo_sensitivity=\"1\" data-typo_factor=\"1.5\" style=\"max-width:100%;\">\n\t\t\t\t\t\t\t<ul class=\"slides\">\n\t\t\t\t\t\t\t\t\t\t\t\t\t\t\t\t\t<li data-mute=\"yes\" data-loop=\"yes\" data-autoplay=\"yes\">\n\t\t\t\t\t\t\t\t\t\t<div class=\"slide-content-container slide-content-left\" style=\"display: none;\">\n\t\t\t\t\t\t\t\t\t\t\t<div class=\"slide-content\" style=\"\">\n\t\t\t\t\t\t\t\t\t\t\t\t\t\t\t\t\t\t\t\t\t\t\t\t\t<div class=\"heading with-bg\">\n\t\t\t\t\t\t\t\t\t\t\t\t\t\t<div class=\"fusion-title-sc-wrapper\" style=\"background-color: rgba(0,0,0, 0.4);\">\n\t\t\t\t\t\t\t\t\t\t\t\t\t\t\t<div class=\"fusion-title title fusion-title-2 fusion-sep-none fusion-title-text fusion-title-size-three\" style=\"--awb-text-color:#ffffff;--awb-margin-bottom:0px;--awb-sep-color:#ffffff;--awb-font-size:60px;\"><h3 class=\"fusion-title-heading title-heading-left fusion-responsive-typography-calculated\" style=\"margin:0;font-size:1em;--fontSize:60;line-height:1.33;\">Die Kelten<\/h3><\/div>\t\t\t\t\t\t\t\t\t\t\t\t\t\t<\/div>\n\t\t\t\t\t\t\t\t\t\t\t\t\t<\/div>\n\t\t\t\t\t\t\t\t\t\t\t\t\t\t\t\t\t\t\t\t\t\t\t\t\t\t\t\t\t\t\t\t\t\t\t\t\t\t\t\t\t\t\t\t\t\t\t\t\t<div class=\"buttons\" >\n\t\t\t\t\t\t\t\t\t\t\t\t\t\t\t\t\t\t\t\t\t\t\t\t\t\t\t\t\t<div class=\"tfs-button-1\"><div class=\"fusion-button-wrapper\"><a class=\"fusion-button button-flat fusion-button-default-size button-white fusion-button-white button-1 fusion-button-default-span fusion-button-default-type\" target=\"_self\" href=\"https:\/\/cortomaltese.com\/de\/corto-maltese-die-kelten\/\"><span class=\"fusion-button-text awb-button__text awb-button__text--default\">Entdecken Sie den Band<\/span><\/a><\/div><\/div>\n\t\t\t\t\t\t\t\t\t\t\t\t\t\t\t\t\t\t\t\t\t\t\t\t\t\t\t\t\t\t\t\t\t\t\t\t\t\t\t\t\t<\/div>\n\t\t\t\t\t\t\t\t\t\t\t\t\t\t\t\t\t\t\t\t\t\t\t<\/div>\n\t\t\t\t\t\t\t\t\t\t<\/div>\n\t\t\t\t\t\t\t\t\t\t\t\t\t\t\t\t\t\t\t\t\t\t\t\t\t\t\t\t\t\t\t\t\t\t\t\t\t\t\t\t<div class=\"background background-image\" style=\"background-image: url(https:\/\/cortomaltese.com\/de\/wp-content\/uploads\/sites\/11\/04_Cover_Die-Kelten.jpg);max-width:100%;height:400px;filter: progid:DXImageTransform.Microsoft.AlphaImageLoader(src='https:\/\/cortomaltese.com\/de\/wp-content\/uploads\/sites\/11\/04_Cover_Die-Kelten.jpg', sizingMethod='scale');\" data-imgwidth=\"750\">\n\t\t\t\t\t\t\t\t\t\t\t\t\t\t\t\t\t\t\t\t\t\t\t\t\t\t\t\t\t\t\t\t\t\t\t\t\t\t\t\t\t\t\t\t\t\t\t\t\t\t\t\t\t\t\t\t\t\t\t\t\t\t\t\t\t\t<\/div>\n\t\t\t\t\t\t\t\t\t<\/li>\n\t\t\t\t\t\t\t\t\t\t\t\t\t\t\t\t\t<li data-mute=\"yes\" data-loop=\"yes\" data-autoplay=\"yes\">\n\t\t\t\t\t\t\t\t\t\t<div class=\"slide-content-container slide-content-left\" style=\"display: none;\">\n\t\t\t\t\t\t\t\t\t\t\t<div class=\"slide-content\" style=\"\">\n\t\t\t\t\t\t\t\t\t\t\t\t\t\t\t\t\t\t\t\t\t\t\t\t\t<div class=\"heading with-bg\">\n\t\t\t\t\t\t\t\t\t\t\t\t\t\t<div class=\"fusion-title-sc-wrapper\" style=\"background-color: rgba(0,0,0, 0.4);\">\n\t\t\t\t\t\t\t\t\t\t\t\t\t\t\t<div class=\"fusion-title title fusion-title-3 fusion-sep-none fusion-title-text fusion-title-size-three\" style=\"--awb-text-color:#ffffff;--awb-margin-bottom:0px;--awb-sep-color:#ffffff;--awb-font-size:60px;\"><h3 class=\"fusion-title-heading title-heading-left fusion-responsive-typography-calculated\" style=\"margin:0;font-size:1em;--fontSize:60;line-height:1.33;\">Und immer ein St\u00fcck weiter<\/h3><\/div>\t\t\t\t\t\t\t\t\t\t\t\t\t\t<\/div>\n\t\t\t\t\t\t\t\t\t\t\t\t\t<\/div>\n\t\t\t\t\t\t\t\t\t\t\t\t\t\t\t\t\t\t\t\t\t\t\t\t\t\t\t\t\t\t\t\t\t\t\t\t\t\t\t\t\t\t\t\t\t\t\t\t\t<div class=\"buttons\" >\n\t\t\t\t\t\t\t\t\t\t\t\t\t\t\t\t\t\t\t\t\t\t\t\t\t\t\t\t\t<div class=\"tfs-button-1\"><div class=\"fusion-button-wrapper\"><a class=\"fusion-button button-flat fusion-button-default-size button-white fusion-button-white button-2 fusion-button-default-span fusion-button-default-type\" target=\"_self\" href=\"https:\/\/cortomaltese.com\/de\/corto-maltese-und-immer-ein-stueck-weiter\/\"><span class=\"fusion-button-text awb-button__text awb-button__text--default\">Entdecken Sie den Band<\/span><\/a><\/div><\/div>\n\t\t\t\t\t\t\t\t\t\t\t\t\t\t\t\t\t\t\t\t\t\t\t\t\t\t\t\t\t\t\t\t\t\t\t\t\t\t\t\t\t<\/div>\n\t\t\t\t\t\t\t\t\t\t\t\t\t\t\t\t\t\t\t\t\t\t\t<\/div>\n\t\t\t\t\t\t\t\t\t\t<\/div>\n\t\t\t\t\t\t\t\t\t\t\t\t\t\t\t\t\t\t\t\t\t\t\t\t\t\t\t\t\t\t\t\t\t\t\t\t\t\t\t\t<div class=\"background background-image\" style=\"background-image: url(https:\/\/cortomaltese.com\/de\/wp-content\/uploads\/sites\/11\/03_Cover_Und-immer-ein-St\u00fcck-weiter.jpg);max-width:100%;height:400px;filter: progid:DXImageTransform.Microsoft.AlphaImageLoader(src='https:\/\/cortomaltese.com\/de\/wp-content\/uploads\/sites\/11\/03_Cover_Und-immer-ein-St\u00fcck-weiter.jpg', sizingMethod='scale');\" data-imgwidth=\"750\">\n\t\t\t\t\t\t\t\t\t\t\t\t\t\t\t\t\t\t\t\t\t\t\t\t\t\t\t\t\t\t\t\t\t\t\t\t\t\t\t\t\t\t\t\t\t\t\t\t\t\t\t\t\t\t\t\t\t\t\t\t\t\t\t\t\t\t<\/div>\n\t\t\t\t\t\t\t\t\t<\/li>\n\t\t\t\t\t\t\t\t\t\t\t\t\t\t\t\t\t<li data-mute=\"yes\" data-loop=\"yes\" data-autoplay=\"yes\">\n\t\t\t\t\t\t\t\t\t\t<div class=\"slide-content-container slide-content-left\" style=\"display: none;\">\n\t\t\t\t\t\t\t\t\t\t\t<div class=\"slide-content\" style=\"\">\n\t\t\t\t\t\t\t\t\t\t\t\t\t\t\t\t\t\t\t\t\t\t\t\t\t<div class=\"heading with-bg\">\n\t\t\t\t\t\t\t\t\t\t\t\t\t\t<div class=\"fusion-title-sc-wrapper\" style=\"background-color: rgba(0,0,0, 0.4);\">\n\t\t\t\t\t\t\t\t\t\t\t\t\t\t\t<div class=\"fusion-title title fusion-title-4 fusion-sep-none fusion-title-text fusion-title-size-three\" style=\"--awb-text-color:#ffffff;--awb-margin-bottom:0px;--awb-sep-color:#ffffff;--awb-font-size:60px;\"><h3 class=\"fusion-title-heading title-heading-left fusion-responsive-typography-calculated\" style=\"margin:0;font-size:1em;--fontSize:60;line-height:1.33;\">S\u00fcdseeballade<\/h3><\/div>\t\t\t\t\t\t\t\t\t\t\t\t\t\t<\/div>\n\t\t\t\t\t\t\t\t\t\t\t\t\t<\/div>\n\t\t\t\t\t\t\t\t\t\t\t\t\t\t\t\t\t\t\t\t\t\t\t\t\t\t\t\t\t\t\t\t\t\t\t\t\t\t\t\t\t\t\t\t\t\t\t\t\t<div class=\"buttons\" >\n\t\t\t\t\t\t\t\t\t\t\t\t\t\t\t\t\t\t\t\t\t\t\t\t\t\t\t\t\t<div class=\"tfs-button-1\"><div class=\"fusion-button-wrapper\"><a class=\"fusion-button button-flat fusion-button-default-size button-white fusion-button-white button-3 fusion-button-default-span fusion-button-default-type\" target=\"_self\" href=\"https:\/\/cortomaltese.com\/de\/corto-maltese-suedseeballade\/\"><span class=\"fusion-button-text awb-button__text awb-button__text--default\">Entdecken Sie den Band<\/span><\/a><\/div><\/div>\n\t\t\t\t\t\t\t\t\t\t\t\t\t\t\t\t\t\t\t\t\t\t\t\t\t\t\t\t\t\t\t\t\t\t\t\t\t\t\t\t\t<\/div>\n\t\t\t\t\t\t\t\t\t\t\t\t\t\t\t\t\t\t\t\t\t\t\t<\/div>\n\t\t\t\t\t\t\t\t\t\t<\/div>\n\t\t\t\t\t\t\t\t\t\t\t\t\t\t\t\t\t\t\t\t\t\t\t\t\t\t\t\t\t\t\t\t\t\t\t\t\t\t\t\t<div class=\"background background-image\" style=\"background-image: url(https:\/\/cortomaltese.com\/de\/wp-content\/uploads\/sites\/11\/01_Cover_S\u00fcdseeballade.jpg);max-width:100%;height:400px;filter: progid:DXImageTransform.Microsoft.AlphaImageLoader(src='https:\/\/cortomaltese.com\/de\/wp-content\/uploads\/sites\/11\/01_Cover_S\u00fcdseeballade.jpg', sizingMethod='scale');\" data-imgwidth=\"750\">\n\t\t\t\t\t\t\t\t\t\t\t\t\t\t\t\t\t\t\t\t\t\t\t\t\t\t\t\t\t\t\t\t\t\t\t\t\t\t\t\t\t\t\t\t\t\t\t\t\t\t\t\t\t\t\t\t\t\t\t\t\t\t\t\t\t\t<\/div>\n\t\t\t\t\t\t\t\t\t<\/li>\n\t\t\t\t\t\t\t\t\t\t\t\t\t\t\t\t\t<li data-mute=\"yes\" data-loop=\"yes\" data-autoplay=\"yes\">\n\t\t\t\t\t\t\t\t\t\t<div class=\"slide-content-container slide-content-left\" style=\"display: none;\">\n\t\t\t\t\t\t\t\t\t\t\t<div class=\"slide-content\" style=\"\">\n\t\t\t\t\t\t\t\t\t\t\t\t\t\t\t\t\t\t\t\t\t\t\t\t\t<div class=\"heading with-bg\">\n\t\t\t\t\t\t\t\t\t\t\t\t\t\t<div class=\"fusion-title-sc-wrapper\" style=\"background-color: rgba(0,0,0, 0.4);\">\n\t\t\t\t\t\t\t\t\t\t\t\t\t\t\t<div class=\"fusion-title title fusion-title-5 fusion-sep-none fusion-title-text fusion-title-size-three\" style=\"--awb-text-color:#ffffff;--awb-margin-bottom:0px;--awb-sep-color:#ffffff;--awb-font-size:60px;\"><h3 class=\"fusion-title-heading title-heading-left fusion-responsive-typography-calculated\" style=\"margin:0;font-size:1em;--fontSize:60;line-height:1.33;\">Die \u00c4thiopier<\/h3><\/div>\t\t\t\t\t\t\t\t\t\t\t\t\t\t<\/div>\n\t\t\t\t\t\t\t\t\t\t\t\t\t<\/div>\n\t\t\t\t\t\t\t\t\t\t\t\t\t\t\t\t\t\t\t\t\t\t\t\t\t\t\t\t\t\t\t\t\t\t\t\t\t\t\t\t\t\t\t\t\t\t\t\t\t<div class=\"buttons\" >\n\t\t\t\t\t\t\t\t\t\t\t\t\t\t\t\t\t\t\t\t\t\t\t\t\t\t\t\t\t<div class=\"tfs-button-1\"><div class=\"fusion-button-wrapper\"><a class=\"fusion-button button-flat fusion-button-default-size button-white fusion-button-white button-4 fusion-button-default-span fusion-button-default-type\" target=\"_self\" href=\"https:\/\/cortomaltese.com\/de\/corto-maltese-die-aethiopier\/\"><span class=\"fusion-button-text awb-button__text awb-button__text--default\">Entdecken Sie den Band<\/span><\/a><\/div><\/div>\n\t\t\t\t\t\t\t\t\t\t\t\t\t\t\t\t\t\t\t\t\t\t\t\t\t\t\t\t\t\t\t\t\t\t\t\t\t\t\t\t\t<\/div>\n\t\t\t\t\t\t\t\t\t\t\t\t\t\t\t\t\t\t\t\t\t\t\t<\/div>\n\t\t\t\t\t\t\t\t\t\t<\/div>\n\t\t\t\t\t\t\t\t\t\t\t\t\t\t\t\t\t\t\t\t\t\t\t\t\t\t\t\t\t\t\t\t\t\t\t\t\t\t\t\t<div class=\"background background-image\" style=\"background-image: url(https:\/\/cortomaltese.com\/de\/wp-content\/uploads\/sites\/11\/05_Cover_Die-\u00c4thiopier.jpg);max-width:100%;height:400px;filter: progid:DXImageTransform.Microsoft.AlphaImageLoader(src='https:\/\/cortomaltese.com\/de\/wp-content\/uploads\/sites\/11\/05_Cover_Die-\u00c4thiopier.jpg', sizingMethod='scale');\" data-imgwidth=\"750\">\n\t\t\t\t\t\t\t\t\t\t\t\t\t\t\t\t\t\t\t\t\t\t\t\t\t\t\t\t\t\t\t\t\t\t\t\t\t\t\t\t\t\t\t\t\t\t\t\t\t\t\t\t\t\t\t\t\t\t\t\t\t\t\t\t\t\t<\/div>\n\t\t\t\t\t\t\t\t\t<\/li>\n\t\t\t\t\t\t\t\t\t\t\t\t\t\t\t\t\t<li data-mute=\"yes\" data-loop=\"yes\" data-autoplay=\"yes\">\n\t\t\t\t\t\t\t\t\t\t<div class=\"slide-content-container slide-content-left\" style=\"display: none;\">\n\t\t\t\t\t\t\t\t\t\t\t<div class=\"slide-content\" style=\"\">\n\t\t\t\t\t\t\t\t\t\t\t\t\t\t\t\t\t\t\t\t\t\t\t\t\t<div class=\"heading with-bg\">\n\t\t\t\t\t\t\t\t\t\t\t\t\t\t<div class=\"fusion-title-sc-wrapper\" style=\"background-color: rgba(0,0,0, 0.4);\">\n\t\t\t\t\t\t\t\t\t\t\t\t\t\t\t<div class=\"fusion-title title fusion-title-6 fusion-sep-none fusion-title-text fusion-title-size-two\" style=\"--awb-text-color:#ffffff;--awb-margin-bottom:0px;--awb-sep-color:#ffffff;--awb-font-size:60px;\"><h2 class=\"fusion-title-heading title-heading-left fusion-responsive-typography-calculated\" style=\"margin:0;font-size:1em;--fontSize:60;line-height:1.33;\">\u00c4quatoria<\/h2><\/div>\t\t\t\t\t\t\t\t\t\t\t\t\t\t<\/div>\n\t\t\t\t\t\t\t\t\t\t\t\t\t<\/div>\n\t\t\t\t\t\t\t\t\t\t\t\t\t\t\t\t\t\t\t\t\t\t\t\t\t\t\t\t\t\t\t\t\t\t\t\t\t\t\t\t\t\t\t\t\t\t\t\t\t<div class=\"buttons\" >\n\t\t\t\t\t\t\t\t\t\t\t\t\t\t\t\t\t\t\t\t\t\t\t\t\t\t\t\t\t<div class=\"tfs-button-1\"><div class=\"fusion-button-wrapper\"><a class=\"fusion-button button-flat fusion-button-default-size button-white fusion-button-white button-5 fusion-button-default-span fusion-button-default-type\" target=\"_self\" href=\"https:\/\/cortomaltese.com\/de\/corto-maltese-aquatoria\/\"><span class=\"fusion-button-text awb-button__text awb-button__text--default\">Entdecken Sie den Band<\/span><\/a><\/div><\/div>\n\t\t\t\t\t\t\t\t\t\t\t\t\t\t\t\t\t\t\t\t\t\t\t\t\t\t\t\t\t\t\t\t\t\t\t\t\t\t\t\t\t<\/div>\n\t\t\t\t\t\t\t\t\t\t\t\t\t\t\t\t\t\t\t\t\t\t\t<\/div>\n\t\t\t\t\t\t\t\t\t\t<\/div>\n\t\t\t\t\t\t\t\t\t\t\t\t\t\t\t\t\t\t\t\t\t\t\t\t\t\t\t\t\t\t\t\t\t\t\t\t\t\t\t\t<div class=\"background background-image\" style=\"background-image: url(https:\/\/cortomaltese.com\/de\/wp-content\/uploads\/sites\/11\/14_Cover_Equatoria.jpg);max-width:100%;height:400px;filter: progid:DXImageTransform.Microsoft.AlphaImageLoader(src='https:\/\/cortomaltese.com\/de\/wp-content\/uploads\/sites\/11\/14_Cover_Equatoria.jpg', sizingMethod='scale');\" data-imgwidth=\"750\">\n\t\t\t\t\t\t\t\t\t\t\t\t\t\t\t\t\t\t\t\t\t\t\t\t\t\t\t\t\t\t\t\t\t\t\t\t\t\t\t\t\t\t\t\t\t\t\t\t\t\t\t\t\t\t\t\t\t\t\t\t\t\t\t\t\t\t<\/div>\n\t\t\t\t\t\t\t\t\t<\/li>\n\t\t\t\t\t\t\t\t\t\t\t\t\t\t\t\t\t<li data-mute=\"yes\" data-loop=\"yes\" data-autoplay=\"yes\">\n\t\t\t\t\t\t\t\t\t\t<div class=\"slide-content-container slide-content-left\" style=\"display: none;\">\n\t\t\t\t\t\t\t\t\t\t\t<div class=\"slide-content\" style=\"\">\n\t\t\t\t\t\t\t\t\t\t\t\t\t\t\t\t\t\t\t\t\t\t\t\t\t<div class=\"heading with-bg\">\n\t\t\t\t\t\t\t\t\t\t\t\t\t\t<div class=\"fusion-title-sc-wrapper\" style=\"background-color: rgba(0,0,0, 0.4);\">\n\t\t\t\t\t\t\t\t\t\t\t\t\t\t\t<div class=\"fusion-title title fusion-title-7 fusion-sep-none fusion-title-text fusion-title-size-two\" style=\"--awb-text-color:#ffffff;--awb-margin-bottom:0px;--awb-sep-color:#ffffff;--awb-font-size:60px;\"><h2 class=\"fusion-title-heading title-heading-left fusion-responsive-typography-calculated\" style=\"margin:0;font-size:1em;--fontSize:60;line-height:1.33;\">Venezianische Legende<\/h2><\/div>\t\t\t\t\t\t\t\t\t\t\t\t\t\t<\/div>\n\t\t\t\t\t\t\t\t\t\t\t\t\t<\/div>\n\t\t\t\t\t\t\t\t\t\t\t\t\t\t\t\t\t\t\t\t\t\t\t\t\t\t\t\t\t\t\t\t\t\t\t\t\t\t\t\t\t\t\t\t\t\t\t\t\t<div class=\"buttons\" >\n\t\t\t\t\t\t\t\t\t\t\t\t\t\t\t\t\t\t\t\t\t\t\t\t\t\t\t\t\t<div class=\"tfs-button-1\"><div class=\"fusion-button-wrapper\"><a class=\"fusion-button button-flat fusion-button-default-size button-white fusion-button-white button-6 fusion-button-default-span fusion-button-default-type\" target=\"_self\" href=\"https:\/\/cortomaltese.com\/de\/venezianische-legende\/\"><span class=\"fusion-button-text awb-button__text awb-button__text--default\">Entdecken Sie den Band<\/span><\/a><\/div><\/div>\n\t\t\t\t\t\t\t\t\t\t\t\t\t\t\t\t\t\t\t\t\t\t\t\t\t\t\t\t\t\t\t\t\t\t\t\t\t\t\t\t\t<\/div>\n\t\t\t\t\t\t\t\t\t\t\t\t\t\t\t\t\t\t\t\t\t\t\t<\/div>\n\t\t\t\t\t\t\t\t\t\t<\/div>\n\t\t\t\t\t\t\t\t\t\t\t\t\t\t\t\t\t\t\t\t\t\t\t\t\t\t\t\t\t\t\t\t\t\t\t\t\t\t\t\t<div class=\"background background-image\" style=\"background-image: url(https:\/\/cortomaltese.com\/de\/wp-content\/uploads\/sites\/11\/07_Cover_Venezianische-Legende.jpg);max-width:100%;height:400px;filter: progid:DXImageTransform.Microsoft.AlphaImageLoader(src='https:\/\/cortomaltese.com\/de\/wp-content\/uploads\/sites\/11\/07_Cover_Venezianische-Legende.jpg', sizingMethod='scale');\" data-imgwidth=\"750\">\n\t\t\t\t\t\t\t\t\t\t\t\t\t\t\t\t\t\t\t\t\t\t\t\t\t\t\t\t\t\t\t\t\t\t\t\t\t\t\t\t\t\t\t\t\t\t\t\t\t\t\t\t\t\t\t\t\t\t\t\t\t\t\t\t\t\t<\/div>\n\t\t\t\t\t\t\t\t\t<\/li>\n\t\t\t\t\t\t\t\t\t\t\t\t\t\t\t\t\t<li data-mute=\"yes\" data-loop=\"yes\" data-autoplay=\"yes\">\n\t\t\t\t\t\t\t\t\t\t<div class=\"slide-content-container slide-content-left\" style=\"display: none;\">\n\t\t\t\t\t\t\t\t\t\t\t<div class=\"slide-content\" style=\"\">\n\t\t\t\t\t\t\t\t\t\t\t\t\t\t\t\t\t\t\t\t\t\t\t\t\t<div class=\"heading with-bg\">\n\t\t\t\t\t\t\t\t\t\t\t\t\t\t<div class=\"fusion-title-sc-wrapper\" style=\"background-color: rgba(0,0,0, 0.4);\">\n\t\t\t\t\t\t\t\t\t\t\t\t\t\t\t<div class=\"fusion-title title fusion-title-8 fusion-sep-none fusion-title-text fusion-title-size-two\" style=\"--awb-text-color:#ffffff;--awb-margin-bottom:0px;--awb-sep-color:#ffffff;--awb-font-size:60px;\"><h2 class=\"fusion-title-heading title-heading-left fusion-responsive-typography-calculated\" style=\"margin:0;font-size:1em;--fontSize:60;line-height:1.33;\">Das goldene Haus von Samarkand<\/h2><\/div>\t\t\t\t\t\t\t\t\t\t\t\t\t\t<\/div>\n\t\t\t\t\t\t\t\t\t\t\t\t\t<\/div>\n\t\t\t\t\t\t\t\t\t\t\t\t\t\t\t\t\t\t\t\t\t\t\t\t\t\t\t\t\t\t\t\t\t\t\t\t\t\t\t\t\t\t\t\t\t\t\t\t\t<div class=\"buttons\" >\n\t\t\t\t\t\t\t\t\t\t\t\t\t\t\t\t\t\t\t\t\t\t\t\t\t\t\t\t\t<div class=\"tfs-button-1\"><div class=\"fusion-button-wrapper\"><a class=\"fusion-button button-flat fusion-button-default-size button-white fusion-button-white button-7 fusion-button-default-span fusion-button-default-type\" target=\"_self\" href=\"https:\/\/cortomaltese.com\/de\/das-goldene-haus-von-samarkand\/\"><span class=\"fusion-button-text awb-button__text awb-button__text--default\">Entdecken Sie den Band<\/span><\/a><\/div><\/div>\n\t\t\t\t\t\t\t\t\t\t\t\t\t\t\t\t\t\t\t\t\t\t\t\t\t\t\t\t\t\t\t\t\t\t\t\t\t\t\t\t\t<\/div>\n\t\t\t\t\t\t\t\t\t\t\t\t\t\t\t\t\t\t\t\t\t\t\t<\/div>\n\t\t\t\t\t\t\t\t\t\t<\/div>\n\t\t\t\t\t\t\t\t\t\t\t\t\t\t\t\t\t\t\t\t\t\t\t\t\t\t\t\t\t\t\t\t\t\t\t\t\t\t\t\t<div class=\"background background-image\" style=\"background-image: url(https:\/\/cortomaltese.com\/de\/wp-content\/uploads\/sites\/11\/08_Cover_Das-Goldene-Haus-von-Samarkand.jpg);max-width:100%;height:400px;filter: progid:DXImageTransform.Microsoft.AlphaImageLoader(src='https:\/\/cortomaltese.com\/de\/wp-content\/uploads\/sites\/11\/08_Cover_Das-Goldene-Haus-von-Samarkand.jpg', sizingMethod='scale');\" data-imgwidth=\"750\">\n\t\t\t\t\t\t\t\t\t\t\t\t\t\t\t\t\t\t\t\t\t\t\t\t\t\t\t\t\t\t\t\t\t\t\t\t\t\t\t\t\t\t\t\t\t\t\t\t\t\t\t\t\t\t\t\t\t\t\t\t\t\t\t\t\t\t<\/div>\n\t\t\t\t\t\t\t\t\t<\/li>\n\t\t\t\t\t\t\t\t\t\t\t\t\t\t\t\t\t<li data-mute=\"yes\" data-loop=\"yes\" data-autoplay=\"yes\">\n\t\t\t\t\t\t\t\t\t\t<div class=\"slide-content-container slide-content-left\" style=\"display: none;\">\n\t\t\t\t\t\t\t\t\t\t\t<div class=\"slide-content\" style=\"\">\n\t\t\t\t\t\t\t\t\t\t\t\t\t\t\t\t\t\t\t\t\t\t\t\t\t<div class=\"heading with-bg\">\n\t\t\t\t\t\t\t\t\t\t\t\t\t\t<div class=\"fusion-title-sc-wrapper\" style=\"background-color: rgba(0,0,0, 0.4);\">\n\t\t\t\t\t\t\t\t\t\t\t\t\t\t\t<div class=\"fusion-title title fusion-title-9 fusion-sep-none fusion-title-text fusion-title-size-two\" style=\"--awb-text-color:#ffffff;--awb-margin-bottom:0px;--awb-sep-color:#ffffff;--awb-font-size:60px;\"><h2 class=\"fusion-title-heading title-heading-left fusion-responsive-typography-calculated\" style=\"margin:0;font-size:1em;--fontSize:60;line-height:1.33;\">Tango<\/h2><\/div>\t\t\t\t\t\t\t\t\t\t\t\t\t\t<\/div>\n\t\t\t\t\t\t\t\t\t\t\t\t\t<\/div>\n\t\t\t\t\t\t\t\t\t\t\t\t\t\t\t\t\t\t\t\t\t\t\t\t\t\t\t\t\t\t\t\t\t\t\t\t\t\t\t\t\t\t\t\t\t\t\t\t\t<div class=\"buttons\" >\n\t\t\t\t\t\t\t\t\t\t\t\t\t\t\t\t\t\t\t\t\t\t\t\t\t\t\t\t\t<div class=\"tfs-button-1\"><div class=\"fusion-button-wrapper\"><a class=\"fusion-button button-flat fusion-button-default-size button-white fusion-button-white button-8 fusion-button-default-span fusion-button-default-type\" target=\"_self\" href=\"https:\/\/cortomaltese.com\/de\/corto-maltese-tango\/\"><span class=\"fusion-button-text awb-button__text awb-button__text--default\">Entdecken Sie den Band<\/span><\/a><\/div><\/div>\n\t\t\t\t\t\t\t\t\t\t\t\t\t\t\t\t\t\t\t\t\t\t\t\t\t\t\t\t\t\t\t\t\t\t\t\t\t\t\t\t\t<\/div>\n\t\t\t\t\t\t\t\t\t\t\t\t\t\t\t\t\t\t\t\t\t\t\t<\/div>\n\t\t\t\t\t\t\t\t\t\t<\/div>\n\t\t\t\t\t\t\t\t\t\t\t\t\t\t\t\t\t\t\t\t\t\t\t\t\t\t\t\t\t\t\t\t\t\t\t\t\t\t\t\t<div class=\"background background-image\" style=\"background-image: url(https:\/\/cortomaltese.com\/de\/wp-content\/uploads\/sites\/11\/10_Cover_Tango.jpg);max-width:100%;height:400px;filter: progid:DXImageTransform.Microsoft.AlphaImageLoader(src='https:\/\/cortomaltese.com\/de\/wp-content\/uploads\/sites\/11\/10_Cover_Tango.jpg', sizingMethod='scale');\" data-imgwidth=\"750\">\n\t\t\t\t\t\t\t\t\t\t\t\t\t\t\t\t\t\t\t\t\t\t\t\t\t\t\t\t\t\t\t\t\t\t\t\t\t\t\t\t\t\t\t\t\t\t\t\t\t\t\t\t\t\t\t\t\t\t\t\t\t\t\t\t\t\t<\/div>\n\t\t\t\t\t\t\t\t\t<\/li>\n\t\t\t\t\t\t\t\t\t\t\t\t\t\t\t\t\t<li data-mute=\"yes\" data-loop=\"yes\" data-autoplay=\"yes\">\n\t\t\t\t\t\t\t\t\t\t<div class=\"slide-content-container slide-content-left\" style=\"display: none;\">\n\t\t\t\t\t\t\t\t\t\t\t<div class=\"slide-content\" style=\"\">\n\t\t\t\t\t\t\t\t\t\t\t\t\t\t\t\t\t\t\t\t\t\t\t\t\t<div class=\"heading with-bg\">\n\t\t\t\t\t\t\t\t\t\t\t\t\t\t<div class=\"fusion-title-sc-wrapper\" style=\"background-color: rgba(0,0,0, 0.4);\">\n\t\t\t\t\t\t\t\t\t\t\t\t\t\t\t<div class=\"fusion-title title fusion-title-10 fusion-sep-none fusion-title-text fusion-title-size-two\" style=\"--awb-text-color:#ffffff;--awb-margin-bottom:0px;--awb-sep-color:#ffffff;--awb-font-size:60px;\"><h2 class=\"fusion-title-heading title-heading-left fusion-responsive-typography-calculated\" style=\"margin:0;font-size:1em;--fontSize:60;line-height:1.33;\">Tarowean \u2013 Tag der \u00dcberraschungen<\/h2><\/div>\t\t\t\t\t\t\t\t\t\t\t\t\t\t<\/div>\n\t\t\t\t\t\t\t\t\t\t\t\t\t<\/div>\n\t\t\t\t\t\t\t\t\t\t\t\t\t\t\t\t\t\t\t\t\t\t\t\t\t\t\t\t\t\t\t\t\t\t\t\t\t\t\t\t\t\t\t\t\t\t\t\t\t<div class=\"buttons\" >\n\t\t\t\t\t\t\t\t\t\t\t\t\t\t\t\t\t\t\t\t\t\t\t\t\t\t\t\t\t<div class=\"tfs-button-1\"><div class=\"fusion-button-wrapper\"><a class=\"fusion-button button-flat fusion-button-default-size button-white fusion-button-white button-9 fusion-button-default-span fusion-button-default-type\" target=\"_self\" href=\"https:\/\/cortomaltese.com\/de\/corto-maltese-tarowean-tag-der-ueberraschungen\/\"><span class=\"fusion-button-text awb-button__text awb-button__text--default\">Entdecken Sie den Band<\/span><\/a><\/div><\/div>\n\t\t\t\t\t\t\t\t\t\t\t\t\t\t\t\t\t\t\t\t\t\t\t\t\t\t\t\t\t\t\t\t\t\t\t\t\t\t\t\t\t<\/div>\n\t\t\t\t\t\t\t\t\t\t\t\t\t\t\t\t\t\t\t\t\t\t\t<\/div>\n\t\t\t\t\t\t\t\t\t\t<\/div>\n\t\t\t\t\t\t\t\t\t\t\t\t\t\t\t\t\t\t\t\t\t\t\t\t\t\t\t\t\t\t\t\t\t\t\t\t\t\t\t\t<div class=\"background background-image\" style=\"background-image: url(https:\/\/cortomaltese.com\/de\/wp-content\/uploads\/sites\/11\/15_Cover_Tag-der-\u00dcberraschungen.jpg);max-width:100%;height:400px;filter: progid:DXImageTransform.Microsoft.AlphaImageLoader(src='https:\/\/cortomaltese.com\/de\/wp-content\/uploads\/sites\/11\/15_Cover_Tag-der-\u00dcberraschungen.jpg', sizingMethod='scale');\" data-imgwidth=\"750\">\n\t\t\t\t\t\t\t\t\t\t\t\t\t\t\t\t\t\t\t\t\t\t\t\t\t\t\t\t\t\t\t\t\t\t\t\t\t\t\t\t\t\t\t\t\t\t\t\t\t\t\t\t\t\t\t\t\t\t\t\t\t\t\t\t\t\t<\/div>\n\t\t\t\t\t\t\t\t\t<\/li>\n\t\t\t\t\t\t\t\t\t\t\t\t\t\t\t\t\t<li data-mute=\"yes\" data-loop=\"yes\" data-autoplay=\"yes\">\n\t\t\t\t\t\t\t\t\t\t<div class=\"slide-content-container slide-content-left\" style=\"display: none;\">\n\t\t\t\t\t\t\t\t\t\t\t<div class=\"slide-content\" style=\"\">\n\t\t\t\t\t\t\t\t\t\t\t\t\t\t\t\t\t\t\t\t\t\t\t\t\t<div class=\"heading with-bg\">\n\t\t\t\t\t\t\t\t\t\t\t\t\t\t<div class=\"fusion-title-sc-wrapper\" style=\"background-color: rgba(0,0,0, 0.4);\">\n\t\t\t\t\t\t\t\t\t\t\t\t\t\t\t<div class=\"fusion-title title fusion-title-11 fusion-sep-none fusion-title-text fusion-title-size-two\" style=\"--awb-text-color:#ffffff;--awb-margin-bottom:0px;--awb-sep-color:#ffffff;--awb-font-size:60px;\"><h2 class=\"fusion-title-heading title-heading-left fusion-responsive-typography-calculated\" style=\"margin:0;font-size:1em;--fontSize:60;line-height:1.33;\">Die Schweizer<\/h2><\/div>\t\t\t\t\t\t\t\t\t\t\t\t\t\t<\/div>\n\t\t\t\t\t\t\t\t\t\t\t\t\t<\/div>\n\t\t\t\t\t\t\t\t\t\t\t\t\t\t\t\t\t\t\t\t\t\t\t\t\t\t\t\t\t\t\t\t\t\t\t\t\t\t\t\t\t\t\t\t\t\t\t\t\t<div class=\"buttons\" >\n\t\t\t\t\t\t\t\t\t\t\t\t\t\t\t\t\t\t\t\t\t\t\t\t\t\t\t\t\t<div class=\"tfs-button-1\"><div class=\"fusion-button-wrapper\"><a class=\"fusion-button button-flat fusion-button-default-size button-white fusion-button-white button-10 fusion-button-default-span fusion-button-default-type\" target=\"_self\" href=\"https:\/\/cortomaltese.com\/de\/corto-maltese-die-schweizer\/\"><span class=\"fusion-button-text awb-button__text awb-button__text--default\">Entdecken Sie den Band<\/span><\/a><\/div><\/div>\n\t\t\t\t\t\t\t\t\t\t\t\t\t\t\t\t\t\t\t\t\t\t\t\t\t\t\t\t\t\t\t\t\t\t\t\t\t\t\t\t\t<\/div>\n\t\t\t\t\t\t\t\t\t\t\t\t\t\t\t\t\t\t\t\t\t\t\t<\/div>\n\t\t\t\t\t\t\t\t\t\t<\/div>\n\t\t\t\t\t\t\t\t\t\t\t\t\t\t\t\t\t\t\t\t\t\t\t\t\t\t\t\t\t\t\t\t\t\t\t\t\t\t\t\t<div class=\"background background-image\" style=\"background-image: url(https:\/\/cortomaltese.com\/de\/wp-content\/uploads\/sites\/11\/11_Cover_Die-Schweizer.jpg);max-width:100%;height:400px;filter: progid:DXImageTransform.Microsoft.AlphaImageLoader(src='https:\/\/cortomaltese.com\/de\/wp-content\/uploads\/sites\/11\/11_Cover_Die-Schweizer.jpg', sizingMethod='scale');\" data-imgwidth=\"750\">\n\t\t\t\t\t\t\t\t\t\t\t\t\t\t\t\t\t\t\t\t\t\t\t\t\t\t\t\t\t\t\t\t\t\t\t\t\t\t\t\t\t\t\t\t\t\t\t\t\t\t\t\t\t\t\t\t\t\t\t\t\t\t\t\t\t\t<\/div>\n\t\t\t\t\t\t\t\t\t<\/li>\n\t\t\t\t\t\t\t\t\t\t\t\t\t\t\t\t\t\t\t\t\t\t\t<\/ul>\n\t\t\t\t\t\t<\/div>\n\t\t\t\t\t<\/div>\n\t\t\t\t\t\t\t\t<div class=\"fusion-clearfix\"><\/div><\/div><\/div><\/div><\/div><\/p>\n","protected":false},"excerpt":{"rendered":"<p>Corto Maltese, Die Kelten &#8211; Die vierte Geschichte der zw\u00f6lfteiligen Serie mit den Abenteuern des romantischen Seemanns bringt Corto Maltese im Zweiten Weltkrieg nach Europa. Die deutsche Ausgabe erscheint im Schreiber&#038;Lester Verlag.<\/p>\n","protected":false},"author":1,"featured_media":14414,"comment_status":"closed","ping_status":"open","sticky":false,"template":"","format":"standard","meta":{"footnotes":""},"categories":[7],"tags":[33,43],"class_list":["post-14644","post","type-post","status-publish","format-standard","has-post-thumbnail","hentry","category-neuheiten","tag-corto-maltese","tag-die-kelten"],"yoast_head":"<!-- This site is optimized with the Yoast SEO plugin v26.5 - https:\/\/yoast.com\/wordpress\/plugins\/seo\/ -->\n<title>Corto Maltese - Die Kelten - Cortomaltese deutsche<\/title>\n<meta name=\"description\" content=\"Die Kelten - Die vierte Geschichte der zw\u00f6lfteiligen Serie mit den Abenteuern des romantischen Seemanns bringt Corto im Zweiten Weltkrieg nach Europa.\" \/>\n<meta name=\"robots\" content=\"index, follow, max-snippet:-1, max-image-preview:large, max-video-preview:-1\" \/>\n<link rel=\"canonical\" href=\"https:\/\/cortomaltese.com\/de\/corto-maltese-die-kelten\/\" \/>\n<meta property=\"og:locale\" content=\"de_DE\" \/>\n<meta property=\"og:type\" content=\"article\" \/>\n<meta property=\"og:title\" content=\"Corto Maltese - Die Kelten - Cortomaltese deutsche\" \/>\n<meta property=\"og:description\" content=\"Die Kelten - Die vierte Geschichte der zw\u00f6lfteiligen Serie mit den Abenteuern des romantischen Seemanns bringt Corto im Zweiten Weltkrieg nach Europa.\" \/>\n<meta property=\"og:url\" content=\"https:\/\/cortomaltese.com\/de\/corto-maltese-die-kelten\/\" \/>\n<meta property=\"og:site_name\" content=\"Cortomaltese deutsche\" \/>\n<meta property=\"article:published_time\" content=\"2019-01-24T09:29:07+00:00\" \/>\n<meta property=\"article:modified_time\" content=\"2020-01-24T09:29:27+00:00\" \/>\n<meta property=\"og:image\" content=\"https:\/\/cortomaltese.com\/de\/wp-content\/uploads\/sites\/11\/04_Cover_Die-Kelten.jpg\" \/>\n\t<meta property=\"og:image:width\" content=\"750\" \/>\n\t<meta property=\"og:image:height\" content=\"999\" \/>\n\t<meta property=\"og:image:type\" content=\"image\/jpeg\" \/>\n<meta name=\"author\" content=\"Corto Maltese\" \/>\n<meta name=\"twitter:card\" content=\"summary_large_image\" \/>\n<meta name=\"twitter:label1\" content=\"Verfasst von\" \/>\n\t<meta name=\"twitter:data1\" content=\"Corto Maltese\" \/>\n\t<meta name=\"twitter:label2\" content=\"Gesch\u00e4tzte Lesezeit\" \/>\n\t<meta name=\"twitter:data2\" content=\"11 Minuten\" \/>\n<script type=\"application\/ld+json\" class=\"yoast-schema-graph\">{\"@context\":\"https:\/\/schema.org\",\"@graph\":[{\"@type\":\"WebPage\",\"@id\":\"https:\/\/cortomaltese.com\/de\/corto-maltese-die-kelten\/\",\"url\":\"https:\/\/cortomaltese.com\/de\/corto-maltese-die-kelten\/\",\"name\":\"Corto Maltese - Die Kelten - Cortomaltese deutsche\",\"isPartOf\":{\"@id\":\"https:\/\/cortomaltese.com\/de\/#website\"},\"primaryImageOfPage\":{\"@id\":\"https:\/\/cortomaltese.com\/de\/corto-maltese-die-kelten\/#primaryimage\"},\"image\":{\"@id\":\"https:\/\/cortomaltese.com\/de\/corto-maltese-die-kelten\/#primaryimage\"},\"thumbnailUrl\":\"https:\/\/cortomaltese.com\/de\/wp-content\/uploads\/sites\/11\/04_Cover_Die-Kelten.jpg\",\"datePublished\":\"2019-01-24T09:29:07+00:00\",\"dateModified\":\"2020-01-24T09:29:27+00:00\",\"author\":{\"@id\":\"https:\/\/cortomaltese.com\/de\/#\/schema\/person\/5204dd292c3d1105df4b66cc0749217e\"},\"description\":\"Die Kelten - Die vierte Geschichte der zw\u00f6lfteiligen Serie mit den Abenteuern des romantischen Seemanns bringt Corto im Zweiten Weltkrieg nach Europa.\",\"breadcrumb\":{\"@id\":\"https:\/\/cortomaltese.com\/de\/corto-maltese-die-kelten\/#breadcrumb\"},\"inLanguage\":\"de-CH\",\"potentialAction\":[{\"@type\":\"ReadAction\",\"target\":[\"https:\/\/cortomaltese.com\/de\/corto-maltese-die-kelten\/\"]}]},{\"@type\":\"ImageObject\",\"inLanguage\":\"de-CH\",\"@id\":\"https:\/\/cortomaltese.com\/de\/corto-maltese-die-kelten\/#primaryimage\",\"url\":\"https:\/\/cortomaltese.com\/de\/wp-content\/uploads\/sites\/11\/04_Cover_Die-Kelten.jpg\",\"contentUrl\":\"https:\/\/cortomaltese.com\/de\/wp-content\/uploads\/sites\/11\/04_Cover_Die-Kelten.jpg\",\"width\":750,\"height\":999},{\"@type\":\"BreadcrumbList\",\"@id\":\"https:\/\/cortomaltese.com\/de\/corto-maltese-die-kelten\/#breadcrumb\",\"itemListElement\":[{\"@type\":\"ListItem\",\"position\":1,\"name\":\"Startseite\",\"item\":\"https:\/\/cortomaltese.com\/de\/\"},{\"@type\":\"ListItem\",\"position\":2,\"name\":\"Corto Maltese &#8211; Die Kelten\"}]},{\"@type\":\"WebSite\",\"@id\":\"https:\/\/cortomaltese.com\/de\/#website\",\"url\":\"https:\/\/cortomaltese.com\/de\/\",\"name\":\"Cortomaltese deutsche\",\"description\":\"Il sito ufficiale\",\"potentialAction\":[{\"@type\":\"SearchAction\",\"target\":{\"@type\":\"EntryPoint\",\"urlTemplate\":\"https:\/\/cortomaltese.com\/de\/?s={search_term_string}\"},\"query-input\":{\"@type\":\"PropertyValueSpecification\",\"valueRequired\":true,\"valueName\":\"search_term_string\"}}],\"inLanguage\":\"de-CH\"},{\"@type\":\"Person\",\"@id\":\"https:\/\/cortomaltese.com\/de\/#\/schema\/person\/5204dd292c3d1105df4b66cc0749217e\",\"name\":\"Corto Maltese\",\"image\":{\"@type\":\"ImageObject\",\"inLanguage\":\"de-CH\",\"@id\":\"https:\/\/cortomaltese.com\/de\/#\/schema\/person\/image\/\",\"url\":\"https:\/\/secure.gravatar.com\/avatar\/2ad4be5824b38545bbca3ce52ffd9add?s=96&d=mm&r=g\",\"contentUrl\":\"https:\/\/secure.gravatar.com\/avatar\/2ad4be5824b38545bbca3ce52ffd9add?s=96&d=mm&r=g\",\"caption\":\"Corto Maltese\"},\"url\":\"https:\/\/cortomaltese.com\/de\/author\/cortomaltese\/\"}]}<\/script>\n<!-- \/ Yoast SEO plugin. -->","yoast_head_json":{"title":"Corto Maltese - Die Kelten - Cortomaltese deutsche","description":"Die Kelten - Die vierte Geschichte der zw\u00f6lfteiligen Serie mit den Abenteuern des romantischen Seemanns bringt Corto im Zweiten Weltkrieg nach Europa.","robots":{"index":"index","follow":"follow","max-snippet":"max-snippet:-1","max-image-preview":"max-image-preview:large","max-video-preview":"max-video-preview:-1"},"canonical":"https:\/\/cortomaltese.com\/de\/corto-maltese-die-kelten\/","og_locale":"de_DE","og_type":"article","og_title":"Corto Maltese - Die Kelten - Cortomaltese deutsche","og_description":"Die Kelten - Die vierte Geschichte der zw\u00f6lfteiligen Serie mit den Abenteuern des romantischen Seemanns bringt Corto im Zweiten Weltkrieg nach Europa.","og_url":"https:\/\/cortomaltese.com\/de\/corto-maltese-die-kelten\/","og_site_name":"Cortomaltese deutsche","article_published_time":"2019-01-24T09:29:07+00:00","article_modified_time":"2020-01-24T09:29:27+00:00","og_image":[{"width":750,"height":999,"url":"https:\/\/cortomaltese.com\/de\/wp-content\/uploads\/sites\/11\/04_Cover_Die-Kelten.jpg","type":"image\/jpeg"}],"author":"Corto Maltese","twitter_card":"summary_large_image","twitter_misc":{"Verfasst von":"Corto Maltese","Gesch\u00e4tzte Lesezeit":"11 Minuten"},"schema":{"@context":"https:\/\/schema.org","@graph":[{"@type":"WebPage","@id":"https:\/\/cortomaltese.com\/de\/corto-maltese-die-kelten\/","url":"https:\/\/cortomaltese.com\/de\/corto-maltese-die-kelten\/","name":"Corto Maltese - Die Kelten - Cortomaltese deutsche","isPartOf":{"@id":"https:\/\/cortomaltese.com\/de\/#website"},"primaryImageOfPage":{"@id":"https:\/\/cortomaltese.com\/de\/corto-maltese-die-kelten\/#primaryimage"},"image":{"@id":"https:\/\/cortomaltese.com\/de\/corto-maltese-die-kelten\/#primaryimage"},"thumbnailUrl":"https:\/\/cortomaltese.com\/de\/wp-content\/uploads\/sites\/11\/04_Cover_Die-Kelten.jpg","datePublished":"2019-01-24T09:29:07+00:00","dateModified":"2020-01-24T09:29:27+00:00","author":{"@id":"https:\/\/cortomaltese.com\/de\/#\/schema\/person\/5204dd292c3d1105df4b66cc0749217e"},"description":"Die Kelten - Die vierte Geschichte der zw\u00f6lfteiligen Serie mit den Abenteuern des romantischen Seemanns bringt Corto im Zweiten Weltkrieg nach Europa.","breadcrumb":{"@id":"https:\/\/cortomaltese.com\/de\/corto-maltese-die-kelten\/#breadcrumb"},"inLanguage":"de-CH","potentialAction":[{"@type":"ReadAction","target":["https:\/\/cortomaltese.com\/de\/corto-maltese-die-kelten\/"]}]},{"@type":"ImageObject","inLanguage":"de-CH","@id":"https:\/\/cortomaltese.com\/de\/corto-maltese-die-kelten\/#primaryimage","url":"https:\/\/cortomaltese.com\/de\/wp-content\/uploads\/sites\/11\/04_Cover_Die-Kelten.jpg","contentUrl":"https:\/\/cortomaltese.com\/de\/wp-content\/uploads\/sites\/11\/04_Cover_Die-Kelten.jpg","width":750,"height":999},{"@type":"BreadcrumbList","@id":"https:\/\/cortomaltese.com\/de\/corto-maltese-die-kelten\/#breadcrumb","itemListElement":[{"@type":"ListItem","position":1,"name":"Startseite","item":"https:\/\/cortomaltese.com\/de\/"},{"@type":"ListItem","position":2,"name":"Corto Maltese &#8211; Die Kelten"}]},{"@type":"WebSite","@id":"https:\/\/cortomaltese.com\/de\/#website","url":"https:\/\/cortomaltese.com\/de\/","name":"Cortomaltese deutsche","description":"Il sito ufficiale","potentialAction":[{"@type":"SearchAction","target":{"@type":"EntryPoint","urlTemplate":"https:\/\/cortomaltese.com\/de\/?s={search_term_string}"},"query-input":{"@type":"PropertyValueSpecification","valueRequired":true,"valueName":"search_term_string"}}],"inLanguage":"de-CH"},{"@type":"Person","@id":"https:\/\/cortomaltese.com\/de\/#\/schema\/person\/5204dd292c3d1105df4b66cc0749217e","name":"Corto Maltese","image":{"@type":"ImageObject","inLanguage":"de-CH","@id":"https:\/\/cortomaltese.com\/de\/#\/schema\/person\/image\/","url":"https:\/\/secure.gravatar.com\/avatar\/2ad4be5824b38545bbca3ce52ffd9add?s=96&d=mm&r=g","contentUrl":"https:\/\/secure.gravatar.com\/avatar\/2ad4be5824b38545bbca3ce52ffd9add?s=96&d=mm&r=g","caption":"Corto Maltese"},"url":"https:\/\/cortomaltese.com\/de\/author\/cortomaltese\/"}]}},"_links":{"self":[{"href":"https:\/\/cortomaltese.com\/de\/wp-json\/wp\/v2\/posts\/14644","targetHints":{"allow":["GET"]}}],"collection":[{"href":"https:\/\/cortomaltese.com\/de\/wp-json\/wp\/v2\/posts"}],"about":[{"href":"https:\/\/cortomaltese.com\/de\/wp-json\/wp\/v2\/types\/post"}],"author":[{"embeddable":true,"href":"https:\/\/cortomaltese.com\/de\/wp-json\/wp\/v2\/users\/1"}],"replies":[{"embeddable":true,"href":"https:\/\/cortomaltese.com\/de\/wp-json\/wp\/v2\/comments?post=14644"}],"version-history":[{"count":0,"href":"https:\/\/cortomaltese.com\/de\/wp-json\/wp\/v2\/posts\/14644\/revisions"}],"wp:featuredmedia":[{"embeddable":true,"href":"https:\/\/cortomaltese.com\/de\/wp-json\/wp\/v2\/media\/14414"}],"wp:attachment":[{"href":"https:\/\/cortomaltese.com\/de\/wp-json\/wp\/v2\/media?parent=14644"}],"wp:term":[{"taxonomy":"category","embeddable":true,"href":"https:\/\/cortomaltese.com\/de\/wp-json\/wp\/v2\/categories?post=14644"},{"taxonomy":"post_tag","embeddable":true,"href":"https:\/\/cortomaltese.com\/de\/wp-json\/wp\/v2\/tags?post=14644"}],"curies":[{"name":"wp","href":"https:\/\/api.w.org\/{rel}","templated":true}]}}