{"id":14434,"date":"2020-01-09T15:38:20","date_gmt":"2020-01-09T14:38:20","guid":{"rendered":"https:\/\/cortomaltese.com\/de\/?p=14434"},"modified":"2020-01-20T13:16:03","modified_gmt":"2020-01-20T12:16:03","slug":"corto-maltese-tarowean-tag-der-ueberraschungen","status":"publish","type":"post","link":"https:\/\/cortomaltese.com\/de\/corto-maltese-tarowean-tag-der-ueberraschungen\/","title":{"rendered":"Corto Maltese: Tarowean \u2013 Tag der \u00dcberraschungen"},"content":{"rendered":"<p><div class=\"fusion-fullwidth fullwidth-box fusion-builder-row-1 nonhundred-percent-fullwidth non-hundred-percent-height-scrolling\" style=\"--awb-border-radius-top-left:0px;--awb-border-radius-top-right:0px;--awb-border-radius-bottom-right:0px;--awb-border-radius-bottom-left:0px;--awb-flex-wrap:wrap;\" ><div class=\"fusion-builder-row fusion-row\"><div class=\"fusion-layout-column fusion_builder_column fusion-builder-column-0 fusion_builder_column_1_1 1_1 fusion-one-full fusion-column-first fusion-column-last\" style=\"--awb-bg-size:cover;\"><div class=\"fusion-column-wrapper fusion-column-has-shadow fusion-flex-column-wrapper-legacy\"><div class=\"fusion-text fusion-text-1\"><h1 class=\"notizie\">TAROWEAN \u2013 TAG DER \u00dcBERRASCHUNGEN<\/h1>\n<h2 class=\"notizie\"><em>eichnung: <\/em>Rub\u00e9n Pellejero \u00b7 <em>Szenario: <\/em>Juan D\u00edaz Canales<\/h2>\n<div class=\"fusion-sep-clear\"><\/div><div class=\"fusion-separator fusion-clearfix\" style=\"float:left;margin-top:40px;margin-bottom:40px;width:100%;max-width:40%;\"><div class=\"fusion-separator-border sep-single sep-solid\" style=\"--awb-height:20px;--awb-amount:20px;--awb-sep-color:#e00000;border-color:#e00000;border-top-width:4px;\"><\/div><\/div><div class=\"fusion-sep-clear\"><\/div>\n<h2>Der neue Corto-Maltese-Band von Juan D\u00edaz Canales und Rub\u00e9n Pellejero erscheint jetzt im Verlag Schreiber &amp; Leser auch auf Deutsch: CORTO MALTESE: 15. TAROWEAN \u2013 TAG DER \u00dcBERRASCHUNGEN wird ab <span style=\"color: #008080;\">Februar 2020<\/span> \u00fcberall im Handel erh\u00e4ltlich sein. <span class=\"Apple-converted-space\">\u00a0<\/span><\/h2>\n<p>Tasmanien, Herbst 1912. In der ber\u00fcchtigten, jetzt verlassenen Strafkolonie Port Arthur sitzt noch ein einziger junger Mann mit Namen Calaboose. Corto und Rasputin haben den Auftrag, ihn zu befreien. Auf Borneo erblickt Calaboose eine sch\u00f6ne, von der H\u00fcfte abw\u00e4rts gel\u00e4hmte Holl\u00e4nderin, die von den Eingeborenen als Meeresg\u00f6ttin verehrt wird, und das Unheil nimmt seinen Lauf\u2026<\/p>\n<p><span style=\"color: #008080;\">Fans der Reihe werden sich freuen, die <i>S\u00fcdseeballade<\/i> neu zu entdecken.<span class=\"Apple-converted-space\">\u00a0<\/span><\/span><\/p>\n<\/div><div class=\"fusion-slider-sc fusion-flexslider-loading flexslider flexslider-hover-type-none\" data-slideshow_autoplay=\"1\" data-slideshow_smooth_height=\"0\" data-slideshow_speed=\"7000\" style=\"max-width:100%;height:100%;\"><ul class=\"slides\"><li class=\"image\"><span class=\"fusion-image-hover-element hover-type-none\"><img decoding=\"async\" src=\"https:\/\/cortomaltese.com\/de\/wp-content\/uploads\/sites\/11\/1-1.png\" width=\"595\" height=\"193\" class=\"wp-image-14446\" srcset=\"https:\/\/cortomaltese.com\/de\/wp-content\/uploads\/sites\/11\/1-1-200x65.png 200w, https:\/\/cortomaltese.com\/de\/wp-content\/uploads\/sites\/11\/1-1-400x130.png 400w, https:\/\/cortomaltese.com\/de\/wp-content\/uploads\/sites\/11\/1-1.png 595w\" sizes=\"(max-width: 800px) 100vw, 595px\" \/><\/span><\/li><li class=\"image\"><span class=\"fusion-image-hover-element hover-type-none\"><img decoding=\"async\" src=\"https:\/\/cortomaltese.com\/de\/wp-content\/uploads\/sites\/11\/2-1.png\" width=\"595\" height=\"193\" class=\"wp-image-14445\" srcset=\"https:\/\/cortomaltese.com\/de\/wp-content\/uploads\/sites\/11\/2-1-200x65.png 200w, https:\/\/cortomaltese.com\/de\/wp-content\/uploads\/sites\/11\/2-1-400x130.png 400w, https:\/\/cortomaltese.com\/de\/wp-content\/uploads\/sites\/11\/2-1.png 595w\" sizes=\"(max-width: 800px) 100vw, 595px\" \/><\/span><\/li><li class=\"image\"><span class=\"fusion-image-hover-element hover-type-none\"><img decoding=\"async\" src=\"https:\/\/cortomaltese.com\/de\/wp-content\/uploads\/sites\/11\/4-1.png\" width=\"595\" height=\"193\" class=\"wp-image-14448\" srcset=\"https:\/\/cortomaltese.com\/de\/wp-content\/uploads\/sites\/11\/4-1-200x65.png 200w, https:\/\/cortomaltese.com\/de\/wp-content\/uploads\/sites\/11\/4-1-400x130.png 400w, https:\/\/cortomaltese.com\/de\/wp-content\/uploads\/sites\/11\/4-1.png 595w\" sizes=\"(max-width: 800px) 100vw, 595px\" \/><\/span><\/li><li class=\"image\"><span class=\"fusion-image-hover-element hover-type-none\"><img decoding=\"async\" src=\"https:\/\/cortomaltese.com\/de\/wp-content\/uploads\/sites\/11\/5.png\" width=\"595\" height=\"193\" class=\"wp-image-14449\" srcset=\"https:\/\/cortomaltese.com\/de\/wp-content\/uploads\/sites\/11\/5-200x65.png 200w, https:\/\/cortomaltese.com\/de\/wp-content\/uploads\/sites\/11\/5-400x130.png 400w, https:\/\/cortomaltese.com\/de\/wp-content\/uploads\/sites\/11\/5.png 595w\" sizes=\"(max-width: 800px) 100vw, 595px\" \/><\/span><\/li><li class=\"image\"><span class=\"fusion-image-hover-element hover-type-none\"><img decoding=\"async\" src=\"https:\/\/cortomaltese.com\/de\/wp-content\/uploads\/sites\/11\/6.png\" width=\"595\" height=\"193\" class=\"wp-image-14450\" srcset=\"https:\/\/cortomaltese.com\/de\/wp-content\/uploads\/sites\/11\/6-200x65.png 200w, https:\/\/cortomaltese.com\/de\/wp-content\/uploads\/sites\/11\/6-400x130.png 400w, https:\/\/cortomaltese.com\/de\/wp-content\/uploads\/sites\/11\/6.png 595w\" sizes=\"(max-width: 800px) 100vw, 595px\" \/><\/span><\/li><li class=\"image\"><span class=\"fusion-image-hover-element hover-type-none\"><img decoding=\"async\" src=\"https:\/\/cortomaltese.com\/de\/wp-content\/uploads\/sites\/11\/7.png\" width=\"595\" height=\"193\" class=\"wp-image-14451\" srcset=\"https:\/\/cortomaltese.com\/de\/wp-content\/uploads\/sites\/11\/7-200x65.png 200w, https:\/\/cortomaltese.com\/de\/wp-content\/uploads\/sites\/11\/7-400x130.png 400w, https:\/\/cortomaltese.com\/de\/wp-content\/uploads\/sites\/11\/7.png 595w\" sizes=\"(max-width: 800px) 100vw, 595px\" \/><\/span><\/li><li class=\"image\"><span class=\"fusion-image-hover-element hover-type-none\"><img decoding=\"async\" src=\"https:\/\/cortomaltese.com\/de\/wp-content\/uploads\/sites\/11\/8.png\" width=\"595\" height=\"193\" class=\"wp-image-14452\" srcset=\"https:\/\/cortomaltese.com\/de\/wp-content\/uploads\/sites\/11\/8-200x65.png 200w, https:\/\/cortomaltese.com\/de\/wp-content\/uploads\/sites\/11\/8-400x130.png 400w, https:\/\/cortomaltese.com\/de\/wp-content\/uploads\/sites\/11\/8.png 595w\" sizes=\"(max-width: 800px) 100vw, 595px\" \/><\/span><\/li><li class=\"image\"><span class=\"fusion-image-hover-element hover-type-none\"><img decoding=\"async\" src=\"https:\/\/cortomaltese.com\/de\/wp-content\/uploads\/sites\/11\/9.png\" width=\"595\" height=\"193\" class=\"wp-image-14453\" srcset=\"https:\/\/cortomaltese.com\/de\/wp-content\/uploads\/sites\/11\/9-200x65.png 200w, https:\/\/cortomaltese.com\/de\/wp-content\/uploads\/sites\/11\/9-400x130.png 400w, https:\/\/cortomaltese.com\/de\/wp-content\/uploads\/sites\/11\/9.png 595w\" sizes=\"(max-width: 800px) 100vw, 595px\" \/><\/span><\/li><\/ul><\/div><div class=\"fusion-clearfix\"><\/div><\/div><\/div><div class=\"fusion-layout-column fusion_builder_column fusion-builder-column-1 fusion_builder_column_1_2 1_2 fusion-one-half fusion-column-first\" style=\"--awb-bg-size:cover;width:50%;width:calc(50% - ( ( 4% ) * 0.5 ) );margin-right: 4%;\"><div class=\"fusion-column-wrapper fusion-column-has-shadow fusion-flex-column-wrapper-legacy\"><div class=\"fusion-text fusion-text-2\"><p>Das aktuelle Abenteuer des Kapit\u00e4ns ohne Schiff \u2013 und gleichzeitig bereits das dritte Album, das das spanische Autoren-Duo in der Tradition von Hugo Pratt vorlegt \u2013\u00a0pr\u00e4sentiert die aufregende Vorgeschichte zur <i>S\u00fcdseeballade<\/i>, denn die Geschichte in Band 15 endet am 1. November 1913, dem \u201eTag der \u00dcberraschungen\u201c bzw. \u201eTarowean\u2018s Day\u201c, und mit exakt der Szene, die Corto an ein h\u00f6lzernes Andreaskreuz gefesselt zeigt, so wie ihn die Leser 1967 <strong>zum ersten Mal kennen lernten<\/strong>.<span class=\"Apple-converted-space\">\u00a0<\/span><\/p>\n<p><strong>Die Zutaten sind die, die man bereits aus dem Comic-Klassiker von Hugo Pratt kennt und liebt<\/strong>: Da ist der Pazifik zwischen Borneo und Neukaledonien mit seinen Wellen und seiner Stille. Mit einem jungen Mann namens Calaboose, der in der ber\u00fcchtigten, jetzt verlassenen Strafkolonie Port Arthur festsitzt, lernt man eine Seele kennen, die noch mehr als Corto Maltese nach Freiheit verlangt.<span class=\"Apple-converted-space\">\u00a0<\/span><\/p>\n<\/div><div class=\"fusion-clearfix\"><\/div><\/div><\/div><div class=\"fusion-layout-column fusion_builder_column fusion-builder-column-2 fusion_builder_column_1_2 1_2 fusion-one-half fusion-column-last\" style=\"--awb-bg-size:cover;width:50%;width:calc(50% - ( ( 4% ) * 0.5 ) );\"><div class=\"fusion-column-wrapper fusion-column-has-shadow fusion-flex-column-wrapper-legacy\"><div class=\"fusion-text fusion-text-3\"><p><strong>Eine sch\u00f6ne, von der H\u00fcfte<\/strong> abw\u00e4rts gel\u00e4hmte Holl\u00e4nderin, die von den Eingeborenen als Meeresg\u00f6ttin verehrt wird, bringt das M\u00e4rchenhafte in die Geschichte. Und <strong>Rasputin<\/strong> ist nat\u00fcrlich auch schon zugegen und wei\u00df bereits den Antihelden zu spielen \u2026<\/p>\n<p><strong>Und so wird die <i>S\u00fcdseeballade<\/i> in Zukunft bereits im Herbst 1912 beginnen.<\/strong> Der neue Band wird offenbaren, dass schon da zwielichtige Gesch\u00e4fte im Auftrag<strong> mysteri\u00f6ser M\u00f6nche<\/strong> vor sich gehen, junge Menschen ihrem Schicksal zu entfliehen versuchen oder wahlweise sehns\u00fcchtig nach diesem Ausschau halten, Schiffsbesatzungen zur Meuterei aufrufen und sich die Gro\u00dfm\u00e4chte in der S\u00fcdsee belauern \u2013\u00a0auch auf die Gefahr hin, somit den Beginn eines Weltkriegs zu befeuern\u00a0\u2026 Es sind Tage voller (b\u00f6ser) \u00dcberraschungen, die zur <i>S\u00fcdseeballade<\/i> f\u00fchren!<\/p>\n<\/div><div class=\"fusion-clearfix\"><\/div><\/div><\/div><div class=\"fusion-layout-column fusion_builder_column fusion-builder-column-3 fusion_builder_column_1_1 1_1 fusion-one-full fusion-column-first fusion-column-last\" style=\"--awb-bg-size:cover;\"><div class=\"fusion-column-wrapper fusion-column-has-shadow fusion-flex-column-wrapper-legacy\"><div class=\"fusion-sep-clear\"><\/div><div class=\"fusion-separator fusion-full-width-sep\" style=\"margin-left: auto;margin-right: auto;margin-top:50px;margin-bottom:50px;width:100%;\"><div class=\"fusion-separator-border sep-single sep-solid\" style=\"--awb-height:20px;--awb-amount:20px;border-color:#e0dede;border-top-width:1px;\"><\/div><\/div><div class=\"fusion-sep-clear\"><\/div><div class=\"fusion-text fusion-text-4\"><p><b>Corto Maltese: 15. Tarowean \u2013 Tag der \u00dcberraschungen<\/b><\/p>\n<p>Weitere Informationen: <a href=\"https:\/\/www.schreiberundleser.de\/index.php?main_page=advanced_search_result&amp;search_in_description=1&amp;keyword=tarowean\" target=\"_blank\" rel=\"noopener noreferrer\">S<b>chreiber&amp;Leser \/ Corto Maltese- Tarowean<\/b><\/a><\/p>\n<\/div><div class=\"fusion-clearfix\"><\/div><\/div><\/div><\/div><\/div><div class=\"fusion-fullwidth fullwidth-box fusion-builder-row-2 nonhundred-percent-fullwidth non-hundred-percent-height-scrolling\" style=\"--awb-border-radius-top-left:0px;--awb-border-radius-top-right:0px;--awb-border-radius-bottom-right:0px;--awb-border-radius-bottom-left:0px;--awb-flex-wrap:wrap;\" ><div class=\"fusion-builder-row fusion-row\"><div class=\"fusion-layout-column fusion_builder_column fusion-builder-column-4 fusion_builder_column_2_3 2_3 fusion-two-third fusion-column-first\" style=\"--awb-bg-size:cover;width:66.666666666667%;width:calc(66.666666666667% - ( ( 4% ) * 0.66666666666667 ) );margin-right: 4%;\"><div class=\"fusion-column-wrapper fusion-column-has-shadow fusion-flex-column-wrapper-legacy\"><div class=\"fusion-image-element in-legacy-container\" style=\"--awb-caption-title-font-family:var(--h2_typography-font-family);--awb-caption-title-font-weight:var(--h2_typography-font-weight);--awb-caption-title-font-style:var(--h2_typography-font-style);--awb-caption-title-size:var(--h2_typography-font-size);--awb-caption-title-transform:var(--h2_typography-text-transform);--awb-caption-title-line-height:var(--h2_typography-line-height);--awb-caption-title-letter-spacing:var(--h2_typography-letter-spacing);\"><span class=\" fusion-imageframe imageframe-none imageframe-1 hover-type-zoomin\"><img decoding=\"async\" width=\"1200\" height=\"778\" title=\"TAROWEAN \u2013 TAG DER \u00dcBERRASCHUNGEN\" src=\"https:\/\/cortomaltese.com\/de\/wp-content\/uploads\/sites\/11\/Giorno-di-Tarowean_Cover-colour-edition.jpg\" alt class=\"img-responsive wp-image-14457\" srcset=\"https:\/\/cortomaltese.com\/de\/wp-content\/uploads\/sites\/11\/Giorno-di-Tarowean_Cover-colour-edition-200x130.jpg 200w, https:\/\/cortomaltese.com\/de\/wp-content\/uploads\/sites\/11\/Giorno-di-Tarowean_Cover-colour-edition-400x259.jpg 400w, https:\/\/cortomaltese.com\/de\/wp-content\/uploads\/sites\/11\/Giorno-di-Tarowean_Cover-colour-edition-600x389.jpg 600w, https:\/\/cortomaltese.com\/de\/wp-content\/uploads\/sites\/11\/Giorno-di-Tarowean_Cover-colour-edition-800x519.jpg 800w, https:\/\/cortomaltese.com\/de\/wp-content\/uploads\/sites\/11\/Giorno-di-Tarowean_Cover-colour-edition.jpg 1200w\" sizes=\"(max-width: 800px) 100vw, 800px\" \/><\/span><\/div><div class=\"fusion-clearfix\"><\/div><\/div><\/div><div class=\"fusion-layout-column fusion_builder_column fusion-builder-column-5 fusion_builder_column_1_3 1_3 fusion-one-third fusion-column-last\" style=\"--awb-bg-size:cover;width:33.333333333333%;width:calc(33.333333333333% - ( ( 4% ) * 0.33333333333333 ) );\"><div class=\"fusion-column-wrapper fusion-column-has-shadow fusion-flex-column-wrapper-legacy\"><div class=\"fusion-text fusion-text-5\"><p><strong>Regul\u00e4re Farbausgabe<\/strong><\/p>\n<p>Verlag: Schreiber und Leser<br \/>\nSzenario: Juan D\u00edaz Canales<br \/>\nZeichnungen: Rub\u00e9n Pellejero<\/p>\n<p>Format: gebunden, 28 x 21 cm<br \/>\nInhalt: 88 Seiten in Farbe<br \/>\nSprache: Deutsch<br \/>\nISBN 978-3-96582-034-0<br \/>\nPreis: jeweils 24,80 Euro<\/p>\n<\/div><div class=\"fusion-clearfix\"><\/div><\/div><\/div><\/div><\/div><div class=\"fusion-fullwidth fullwidth-box fusion-builder-row-3 nonhundred-percent-fullwidth non-hundred-percent-height-scrolling\" style=\"--awb-border-radius-top-left:0px;--awb-border-radius-top-right:0px;--awb-border-radius-bottom-right:0px;--awb-border-radius-bottom-left:0px;--awb-flex-wrap:wrap;\" ><div class=\"fusion-builder-row fusion-row\"><div class=\"fusion-layout-column fusion_builder_column fusion-builder-column-6 fusion_builder_column_2_3 2_3 fusion-two-third fusion-column-first\" style=\"--awb-bg-size:cover;width:66.666666666667%;width:calc(66.666666666667% - ( ( 4% ) * 0.66666666666667 ) );margin-right: 4%;\"><div class=\"fusion-column-wrapper fusion-column-has-shadow fusion-flex-column-wrapper-legacy\"><div class=\"fusion-image-element in-legacy-container\" style=\"--awb-caption-title-font-family:var(--h2_typography-font-family);--awb-caption-title-font-weight:var(--h2_typography-font-weight);--awb-caption-title-font-style:var(--h2_typography-font-style);--awb-caption-title-size:var(--h2_typography-font-size);--awb-caption-title-transform:var(--h2_typography-text-transform);--awb-caption-title-line-height:var(--h2_typography-line-height);--awb-caption-title-letter-spacing:var(--h2_typography-letter-spacing);\"><span class=\" fusion-imageframe imageframe-none imageframe-2 hover-type-zoomin\"><img decoding=\"async\" width=\"1200\" height=\"778\" title=\"TAROWEAN \u2013 TAG DER \u00dcBERRASCHUNGEN\" src=\"https:\/\/cortomaltese.com\/de\/wp-content\/uploads\/sites\/11\/Giorno-di-Tarowean_Cover-limited-edition.jpg\" alt class=\"img-responsive wp-image-14458\" srcset=\"https:\/\/cortomaltese.com\/de\/wp-content\/uploads\/sites\/11\/Giorno-di-Tarowean_Cover-limited-edition-200x130.jpg 200w, https:\/\/cortomaltese.com\/de\/wp-content\/uploads\/sites\/11\/Giorno-di-Tarowean_Cover-limited-edition-400x259.jpg 400w, https:\/\/cortomaltese.com\/de\/wp-content\/uploads\/sites\/11\/Giorno-di-Tarowean_Cover-limited-edition-600x389.jpg 600w, https:\/\/cortomaltese.com\/de\/wp-content\/uploads\/sites\/11\/Giorno-di-Tarowean_Cover-limited-edition-800x519.jpg 800w, https:\/\/cortomaltese.com\/de\/wp-content\/uploads\/sites\/11\/Giorno-di-Tarowean_Cover-limited-edition.jpg 1200w\" sizes=\"(max-width: 800px) 100vw, 800px\" \/><\/span><\/div><div class=\"fusion-clearfix\"><\/div><\/div><\/div><div class=\"fusion-layout-column fusion_builder_column fusion-builder-column-7 fusion_builder_column_1_3 1_3 fusion-one-third fusion-column-last\" style=\"--awb-bg-size:cover;width:33.333333333333%;width:calc(33.333333333333% - ( ( 4% ) * 0.33333333333333 ) );\"><div class=\"fusion-column-wrapper fusion-column-has-shadow fusion-flex-column-wrapper-legacy\"><div class=\"fusion-text fusion-text-6\"><p><strong>Klassik-Edition in Schwarz-wei\u00df<\/strong><\/p>\n<p>Verlag: Schreiber und Leser<br \/>\nSzenario: Juan D\u00edaz Canales<span class=\"Apple-converted-space\">\u00a0<\/span><br \/>\nZeichnungen: Rub\u00e9n Pellejero<span class=\"Apple-converted-space\">\u00a0<\/span><\/p>\n<p>Format: gebunden, 28 x 21 cm<span class=\"Apple-converted-space\">\u00a0<\/span><br \/>\nInhalt: 88 Seiten in Schwarz und Wei\u00df<br \/>\nSprache: Deutsch<span class=\"Apple-converted-space\">\u00a0<\/span><br \/>\nISBN\u00a0978-3-96582-035-7<br \/>\nPreis: jeweils 24,80 Euro<\/p>\n<\/div><div class=\"fusion-clearfix\"><\/div><\/div><\/div><\/div><\/div><div class=\"fusion-fullwidth fullwidth-box fusion-builder-row-4 nonhundred-percent-fullwidth non-hundred-percent-height-scrolling\" style=\"--awb-border-radius-top-left:0px;--awb-border-radius-top-right:0px;--awb-border-radius-bottom-right:0px;--awb-border-radius-bottom-left:0px;--awb-flex-wrap:wrap;\" ><div class=\"fusion-builder-row fusion-row\"><div class=\"fusion-layout-column fusion_builder_column fusion-builder-column-8 fusion_builder_column_1_1 1_1 fusion-one-full fusion-column-first fusion-column-last\" style=\"--awb-bg-size:cover;\"><div class=\"fusion-column-wrapper fusion-column-has-shadow fusion-flex-column-wrapper-legacy\"><div class=\"fusion-sep-clear\"><\/div><div class=\"fusion-separator fusion-full-width-sep\" style=\"margin-left: auto;margin-right: auto;margin-top:50px;margin-bottom:80px;width:100%;\"><\/div><div class=\"fusion-sep-clear\"><\/div><div class=\"fusion-text fusion-text-7\"><p><strong>entdecken sie die ersten beiden geschichten von Canales und Pellejero<\/strong><\/p>\n<\/div><div class=\"awb-gallery-wrapper awb-gallery-wrapper-1 button-span-no\"><div style=\"margin:-5px;--awb-bordersize:0px;\" class=\"fusion-gallery fusion-gallery-container fusion-grid-4 fusion-columns-total-2 fusion-gallery-layout-grid fusion-gallery-1\"><div style=\"padding:5px;\" class=\"fusion-grid-column fusion-gallery-column fusion-gallery-column-4 hover-type-zoomin\"><div class=\"fusion-gallery-image\"><a href=\"https:\/\/cortomaltese.com\/de\/wp-content\/uploads\/sites\/11\/14_Cover_Equatoria.jpg\" rel=\"noreferrer\" data-rel=\"iLightbox[gallery_image_1]\" class=\"fusion-lightbox\" target=\"_self\"><img decoding=\"async\" src=\"https:\/\/cortomaltese.com\/de\/wp-content\/uploads\/sites\/11\/14_Cover_Equatoria.jpg\" width=\"750\" height=\"1000\" alt=\"\" title=\"14_Cover_Equatoria\" aria-label=\"14_Cover_Equatoria\" class=\"img-responsive wp-image-14422\" srcset=\"https:\/\/cortomaltese.com\/de\/wp-content\/uploads\/sites\/11\/14_Cover_Equatoria-200x267.jpg 200w, https:\/\/cortomaltese.com\/de\/wp-content\/uploads\/sites\/11\/14_Cover_Equatoria-400x533.jpg 400w, https:\/\/cortomaltese.com\/de\/wp-content\/uploads\/sites\/11\/14_Cover_Equatoria-600x800.jpg 600w, https:\/\/cortomaltese.com\/de\/wp-content\/uploads\/sites\/11\/14_Cover_Equatoria.jpg 750w\" sizes=\"(min-width: 2200px) 100vw, (min-width: 915px) 271px, (min-width: 824px) 362px, (min-width: 732px) 543px, (min-width: 640px) 732px, \" \/><\/a><\/div><\/div><div style=\"padding:5px;\" class=\"fusion-grid-column fusion-gallery-column fusion-gallery-column-4 hover-type-zoomin\"><div class=\"fusion-gallery-image\"><a href=\"https:\/\/cortomaltese.com\/de\/wp-content\/uploads\/sites\/11\/13_Cover_Unter-der-Mitternachtssonne.jpg\" rel=\"noreferrer\" data-rel=\"iLightbox[gallery_image_1]\" class=\"fusion-lightbox\" target=\"_self\"><img decoding=\"async\" src=\"https:\/\/cortomaltese.com\/de\/wp-content\/uploads\/sites\/11\/13_Cover_Unter-der-Mitternachtssonne.jpg\" width=\"750\" height=\"997\" alt=\"\" title=\"13_Cover_Unter der Mitternachtssonne\" aria-label=\"13_Cover_Unter der Mitternachtssonne\" class=\"img-responsive wp-image-14421\" srcset=\"https:\/\/cortomaltese.com\/de\/wp-content\/uploads\/sites\/11\/13_Cover_Unter-der-Mitternachtssonne-200x266.jpg 200w, https:\/\/cortomaltese.com\/de\/wp-content\/uploads\/sites\/11\/13_Cover_Unter-der-Mitternachtssonne-400x532.jpg 400w, https:\/\/cortomaltese.com\/de\/wp-content\/uploads\/sites\/11\/13_Cover_Unter-der-Mitternachtssonne-600x798.jpg 600w, https:\/\/cortomaltese.com\/de\/wp-content\/uploads\/sites\/11\/13_Cover_Unter-der-Mitternachtssonne.jpg 750w\" sizes=\"(min-width: 2200px) 100vw, (min-width: 915px) 271px, (min-width: 824px) 362px, (min-width: 732px) 543px, (min-width: 640px) 732px, \" \/><\/a><\/div><\/div><\/div><\/div><div class=\"fusion-clearfix\"><\/div><\/div><\/div><\/div><\/div><\/p>\n","protected":false},"excerpt":{"rendered":"<p>Der neue Corto-Maltese-Band von Juan D\u00edaz Canales und Rub\u00e9n Pellejero erscheint jetzt im Verlag Schreiber &#038; Leser auch auf Deutsch: CORTO MALTESE: 15. TAROWEAN \u2013 TAG DER \u00dcBERRASCHUNGEN wird ab Februar 2020 \u00fcberall im Handel erh\u00e4ltlich sein. \u00a0<\/p>\n","protected":false},"author":1,"featured_media":14465,"comment_status":"closed","ping_status":"open","sticky":false,"template":"","format":"standard","meta":{"footnotes":""},"categories":[30,7],"tags":[],"class_list":["post-14434","post","type-post","status-publish","format-standard","has-post-thumbnail","hentry","category-neuerscheinungen","category-neuheiten"],"yoast_head":"<!-- This site is optimized with the Yoast SEO plugin v26.5 - https:\/\/yoast.com\/wordpress\/plugins\/seo\/ -->\n<title>Corto Maltese: Tarowean \u2013 Tag der \u00dcberraschungen<\/title>\n<meta name=\"description\" content=\"Der neue Corto-Maltese-Band erscheint jetzt im Verlag Schreiber &amp; Leser auch auf Deutsch:Tarowean \u2013 Tag der \u00dcberraschungen wird ab Februar 2020\" \/>\n<meta name=\"robots\" content=\"index, follow, max-snippet:-1, max-image-preview:large, max-video-preview:-1\" \/>\n<link rel=\"canonical\" href=\"https:\/\/cortomaltese.com\/de\/corto-maltese-tarowean-tag-der-ueberraschungen\/\" \/>\n<meta property=\"og:locale\" content=\"de_DE\" \/>\n<meta property=\"og:type\" content=\"article\" \/>\n<meta property=\"og:title\" content=\"Corto Maltese: Tarowean \u2013 Tag der \u00dcberraschungen\" \/>\n<meta property=\"og:description\" content=\"Der neue Corto-Maltese-Band erscheint jetzt im Verlag Schreiber &amp; Leser auch auf Deutsch:Tarowean \u2013 Tag der \u00dcberraschungen wird ab Februar 2020\" \/>\n<meta property=\"og:url\" content=\"https:\/\/cortomaltese.com\/de\/corto-maltese-tarowean-tag-der-ueberraschungen\/\" \/>\n<meta property=\"og:site_name\" content=\"Cortomaltese deutsche\" \/>\n<meta property=\"article:published_time\" content=\"2020-01-09T14:38:20+00:00\" \/>\n<meta property=\"article:modified_time\" content=\"2020-01-20T12:16:03+00:00\" \/>\n<meta property=\"og:image\" content=\"https:\/\/cortomaltese.com\/de\/wp-content\/uploads\/sites\/11\/15_Cover_Tag-der-\u00dcberraschungen.jpg\" \/>\n\t<meta property=\"og:image:width\" content=\"750\" \/>\n\t<meta property=\"og:image:height\" content=\"1001\" \/>\n\t<meta property=\"og:image:type\" content=\"image\/jpeg\" \/>\n<meta name=\"author\" content=\"Corto Maltese\" \/>\n<meta name=\"twitter:card\" content=\"summary_large_image\" \/>\n<meta name=\"twitter:label1\" content=\"Verfasst von\" \/>\n\t<meta name=\"twitter:data1\" content=\"Corto Maltese\" \/>\n\t<meta name=\"twitter:label2\" content=\"Gesch\u00e4tzte Lesezeit\" \/>\n\t<meta name=\"twitter:data2\" content=\"12 Minuten\" \/>\n<script type=\"application\/ld+json\" class=\"yoast-schema-graph\">{\"@context\":\"https:\/\/schema.org\",\"@graph\":[{\"@type\":\"WebPage\",\"@id\":\"https:\/\/cortomaltese.com\/de\/corto-maltese-tarowean-tag-der-ueberraschungen\/\",\"url\":\"https:\/\/cortomaltese.com\/de\/corto-maltese-tarowean-tag-der-ueberraschungen\/\",\"name\":\"Corto Maltese: Tarowean \u2013 Tag der \u00dcberraschungen\",\"isPartOf\":{\"@id\":\"https:\/\/cortomaltese.com\/de\/#website\"},\"primaryImageOfPage\":{\"@id\":\"https:\/\/cortomaltese.com\/de\/corto-maltese-tarowean-tag-der-ueberraschungen\/#primaryimage\"},\"image\":{\"@id\":\"https:\/\/cortomaltese.com\/de\/corto-maltese-tarowean-tag-der-ueberraschungen\/#primaryimage\"},\"thumbnailUrl\":\"https:\/\/cortomaltese.com\/de\/wp-content\/uploads\/sites\/11\/15_Cover_Tag-der-\u00dcberraschungen.jpg\",\"datePublished\":\"2020-01-09T14:38:20+00:00\",\"dateModified\":\"2020-01-20T12:16:03+00:00\",\"author\":{\"@id\":\"https:\/\/cortomaltese.com\/de\/#\/schema\/person\/5204dd292c3d1105df4b66cc0749217e\"},\"description\":\"Der neue Corto-Maltese-Band erscheint jetzt im Verlag Schreiber & Leser auch auf Deutsch:Tarowean \u2013 Tag der \u00dcberraschungen wird ab Februar 2020\",\"breadcrumb\":{\"@id\":\"https:\/\/cortomaltese.com\/de\/corto-maltese-tarowean-tag-der-ueberraschungen\/#breadcrumb\"},\"inLanguage\":\"de-CH\",\"potentialAction\":[{\"@type\":\"ReadAction\",\"target\":[\"https:\/\/cortomaltese.com\/de\/corto-maltese-tarowean-tag-der-ueberraschungen\/\"]}]},{\"@type\":\"ImageObject\",\"inLanguage\":\"de-CH\",\"@id\":\"https:\/\/cortomaltese.com\/de\/corto-maltese-tarowean-tag-der-ueberraschungen\/#primaryimage\",\"url\":\"https:\/\/cortomaltese.com\/de\/wp-content\/uploads\/sites\/11\/15_Cover_Tag-der-\u00dcberraschungen.jpg\",\"contentUrl\":\"https:\/\/cortomaltese.com\/de\/wp-content\/uploads\/sites\/11\/15_Cover_Tag-der-\u00dcberraschungen.jpg\",\"width\":750,\"height\":1001},{\"@type\":\"BreadcrumbList\",\"@id\":\"https:\/\/cortomaltese.com\/de\/corto-maltese-tarowean-tag-der-ueberraschungen\/#breadcrumb\",\"itemListElement\":[{\"@type\":\"ListItem\",\"position\":1,\"name\":\"Startseite\",\"item\":\"https:\/\/cortomaltese.com\/de\/\"},{\"@type\":\"ListItem\",\"position\":2,\"name\":\"Corto Maltese: Tarowean \u2013 Tag der \u00dcberraschungen\"}]},{\"@type\":\"WebSite\",\"@id\":\"https:\/\/cortomaltese.com\/de\/#website\",\"url\":\"https:\/\/cortomaltese.com\/de\/\",\"name\":\"Cortomaltese deutsche\",\"description\":\"Il sito ufficiale\",\"potentialAction\":[{\"@type\":\"SearchAction\",\"target\":{\"@type\":\"EntryPoint\",\"urlTemplate\":\"https:\/\/cortomaltese.com\/de\/?s={search_term_string}\"},\"query-input\":{\"@type\":\"PropertyValueSpecification\",\"valueRequired\":true,\"valueName\":\"search_term_string\"}}],\"inLanguage\":\"de-CH\"},{\"@type\":\"Person\",\"@id\":\"https:\/\/cortomaltese.com\/de\/#\/schema\/person\/5204dd292c3d1105df4b66cc0749217e\",\"name\":\"Corto Maltese\",\"image\":{\"@type\":\"ImageObject\",\"inLanguage\":\"de-CH\",\"@id\":\"https:\/\/cortomaltese.com\/de\/#\/schema\/person\/image\/\",\"url\":\"https:\/\/secure.gravatar.com\/avatar\/2ad4be5824b38545bbca3ce52ffd9add?s=96&d=mm&r=g\",\"contentUrl\":\"https:\/\/secure.gravatar.com\/avatar\/2ad4be5824b38545bbca3ce52ffd9add?s=96&d=mm&r=g\",\"caption\":\"Corto Maltese\"},\"url\":\"https:\/\/cortomaltese.com\/de\/author\/cortomaltese\/\"}]}<\/script>\n<!-- \/ Yoast SEO plugin. -->","yoast_head_json":{"title":"Corto Maltese: Tarowean \u2013 Tag der \u00dcberraschungen","description":"Der neue Corto-Maltese-Band erscheint jetzt im Verlag Schreiber & Leser auch auf Deutsch:Tarowean \u2013 Tag der \u00dcberraschungen wird ab Februar 2020","robots":{"index":"index","follow":"follow","max-snippet":"max-snippet:-1","max-image-preview":"max-image-preview:large","max-video-preview":"max-video-preview:-1"},"canonical":"https:\/\/cortomaltese.com\/de\/corto-maltese-tarowean-tag-der-ueberraschungen\/","og_locale":"de_DE","og_type":"article","og_title":"Corto Maltese: Tarowean \u2013 Tag der \u00dcberraschungen","og_description":"Der neue Corto-Maltese-Band erscheint jetzt im Verlag Schreiber & Leser auch auf Deutsch:Tarowean \u2013 Tag der \u00dcberraschungen wird ab Februar 2020","og_url":"https:\/\/cortomaltese.com\/de\/corto-maltese-tarowean-tag-der-ueberraschungen\/","og_site_name":"Cortomaltese deutsche","article_published_time":"2020-01-09T14:38:20+00:00","article_modified_time":"2020-01-20T12:16:03+00:00","og_image":[{"width":750,"height":1001,"url":"https:\/\/cortomaltese.com\/de\/wp-content\/uploads\/sites\/11\/15_Cover_Tag-der-\u00dcberraschungen.jpg","type":"image\/jpeg"}],"author":"Corto Maltese","twitter_card":"summary_large_image","twitter_misc":{"Verfasst von":"Corto Maltese","Gesch\u00e4tzte Lesezeit":"12 Minuten"},"schema":{"@context":"https:\/\/schema.org","@graph":[{"@type":"WebPage","@id":"https:\/\/cortomaltese.com\/de\/corto-maltese-tarowean-tag-der-ueberraschungen\/","url":"https:\/\/cortomaltese.com\/de\/corto-maltese-tarowean-tag-der-ueberraschungen\/","name":"Corto Maltese: Tarowean \u2013 Tag der \u00dcberraschungen","isPartOf":{"@id":"https:\/\/cortomaltese.com\/de\/#website"},"primaryImageOfPage":{"@id":"https:\/\/cortomaltese.com\/de\/corto-maltese-tarowean-tag-der-ueberraschungen\/#primaryimage"},"image":{"@id":"https:\/\/cortomaltese.com\/de\/corto-maltese-tarowean-tag-der-ueberraschungen\/#primaryimage"},"thumbnailUrl":"https:\/\/cortomaltese.com\/de\/wp-content\/uploads\/sites\/11\/15_Cover_Tag-der-\u00dcberraschungen.jpg","datePublished":"2020-01-09T14:38:20+00:00","dateModified":"2020-01-20T12:16:03+00:00","author":{"@id":"https:\/\/cortomaltese.com\/de\/#\/schema\/person\/5204dd292c3d1105df4b66cc0749217e"},"description":"Der neue Corto-Maltese-Band erscheint jetzt im Verlag Schreiber & Leser auch auf Deutsch:Tarowean \u2013 Tag der \u00dcberraschungen wird ab Februar 2020","breadcrumb":{"@id":"https:\/\/cortomaltese.com\/de\/corto-maltese-tarowean-tag-der-ueberraschungen\/#breadcrumb"},"inLanguage":"de-CH","potentialAction":[{"@type":"ReadAction","target":["https:\/\/cortomaltese.com\/de\/corto-maltese-tarowean-tag-der-ueberraschungen\/"]}]},{"@type":"ImageObject","inLanguage":"de-CH","@id":"https:\/\/cortomaltese.com\/de\/corto-maltese-tarowean-tag-der-ueberraschungen\/#primaryimage","url":"https:\/\/cortomaltese.com\/de\/wp-content\/uploads\/sites\/11\/15_Cover_Tag-der-\u00dcberraschungen.jpg","contentUrl":"https:\/\/cortomaltese.com\/de\/wp-content\/uploads\/sites\/11\/15_Cover_Tag-der-\u00dcberraschungen.jpg","width":750,"height":1001},{"@type":"BreadcrumbList","@id":"https:\/\/cortomaltese.com\/de\/corto-maltese-tarowean-tag-der-ueberraschungen\/#breadcrumb","itemListElement":[{"@type":"ListItem","position":1,"name":"Startseite","item":"https:\/\/cortomaltese.com\/de\/"},{"@type":"ListItem","position":2,"name":"Corto Maltese: Tarowean \u2013 Tag der \u00dcberraschungen"}]},{"@type":"WebSite","@id":"https:\/\/cortomaltese.com\/de\/#website","url":"https:\/\/cortomaltese.com\/de\/","name":"Cortomaltese deutsche","description":"Il sito ufficiale","potentialAction":[{"@type":"SearchAction","target":{"@type":"EntryPoint","urlTemplate":"https:\/\/cortomaltese.com\/de\/?s={search_term_string}"},"query-input":{"@type":"PropertyValueSpecification","valueRequired":true,"valueName":"search_term_string"}}],"inLanguage":"de-CH"},{"@type":"Person","@id":"https:\/\/cortomaltese.com\/de\/#\/schema\/person\/5204dd292c3d1105df4b66cc0749217e","name":"Corto Maltese","image":{"@type":"ImageObject","inLanguage":"de-CH","@id":"https:\/\/cortomaltese.com\/de\/#\/schema\/person\/image\/","url":"https:\/\/secure.gravatar.com\/avatar\/2ad4be5824b38545bbca3ce52ffd9add?s=96&d=mm&r=g","contentUrl":"https:\/\/secure.gravatar.com\/avatar\/2ad4be5824b38545bbca3ce52ffd9add?s=96&d=mm&r=g","caption":"Corto Maltese"},"url":"https:\/\/cortomaltese.com\/de\/author\/cortomaltese\/"}]}},"_links":{"self":[{"href":"https:\/\/cortomaltese.com\/de\/wp-json\/wp\/v2\/posts\/14434","targetHints":{"allow":["GET"]}}],"collection":[{"href":"https:\/\/cortomaltese.com\/de\/wp-json\/wp\/v2\/posts"}],"about":[{"href":"https:\/\/cortomaltese.com\/de\/wp-json\/wp\/v2\/types\/post"}],"author":[{"embeddable":true,"href":"https:\/\/cortomaltese.com\/de\/wp-json\/wp\/v2\/users\/1"}],"replies":[{"embeddable":true,"href":"https:\/\/cortomaltese.com\/de\/wp-json\/wp\/v2\/comments?post=14434"}],"version-history":[{"count":0,"href":"https:\/\/cortomaltese.com\/de\/wp-json\/wp\/v2\/posts\/14434\/revisions"}],"wp:featuredmedia":[{"embeddable":true,"href":"https:\/\/cortomaltese.com\/de\/wp-json\/wp\/v2\/media\/14465"}],"wp:attachment":[{"href":"https:\/\/cortomaltese.com\/de\/wp-json\/wp\/v2\/media?parent=14434"}],"wp:term":[{"taxonomy":"category","embeddable":true,"href":"https:\/\/cortomaltese.com\/de\/wp-json\/wp\/v2\/categories?post=14434"},{"taxonomy":"post_tag","embeddable":true,"href":"https:\/\/cortomaltese.com\/de\/wp-json\/wp\/v2\/tags?post=14434"}],"curies":[{"name":"wp","href":"https:\/\/api.w.org\/{rel}","templated":true}]}}