{"id":14128,"date":"2017-09-22T14:33:34","date_gmt":"2017-09-22T12:33:34","guid":{"rendered":"https:\/\/cortomaltese.com\/de\/?p=14128"},"modified":"2020-01-10T14:02:10","modified_gmt":"2020-01-10T13:02:10","slug":"corto-maltese-aquatoria","status":"publish","type":"post","link":"https:\/\/cortomaltese.com\/de\/corto-maltese-aquatoria\/","title":{"rendered":"Corto Maltese &#8211; \u00c4quatoria"},"content":{"rendered":"<div class=\"fusion-fullwidth fullwidth-box fusion-builder-row-1 nonhundred-percent-fullwidth non-hundred-percent-height-scrolling\" style=\"--awb-background-position:left top;--awb-border-radius-top-left:0px;--awb-border-radius-top-right:0px;--awb-border-radius-bottom-right:0px;--awb-border-radius-bottom-left:0px;--awb-padding-top:20px;--awb-padding-bottom:20px;--awb-border-sizes-top:0px;--awb-border-sizes-bottom:0px;--awb-flex-wrap:wrap;\" ><div class=\"fusion-builder-row fusion-row\"><div class=\"fusion-layout-column fusion_builder_column fusion-builder-column-0 fusion_builder_column_1_1 1_1 fusion-one-full fusion-column-first fusion-column-last fusion-column-no-min-height\" style=\"--awb-bg-size:cover;--awb-margin-bottom:0px;\"><div class=\"fusion-column-wrapper fusion-flex-column-wrapper-legacy\"><div class=\"fusion-text fusion-text-1\"><h1>Corto Maltese &#8211; <span style=\"color: #ff0000;\">\u00c4quatoria<\/span><\/h1>\n<h1><\/h1>\n<\/div><div class=\"fusion-text fusion-text-2\"><h2><strong> Juan D\u00edaz Canales, Rub\u00e9n Pellejero <\/strong><\/h2>\n<\/div><div class=\"fusion-sep-clear\"><\/div><div class=\"fusion-separator fusion-clearfix\" style=\"float:left;margin-top:10px;margin-bottom:30px;width:100%;max-width:40%;\"><div class=\"fusion-separator-border sep-single sep-solid\" style=\"--awb-height:20px;--awb-amount:20px;--awb-sep-color:#e00000;border-color:#e00000;border-top-width:4px;\"><\/div><\/div><div class=\"fusion-sep-clear\"><\/div><div class=\"fusion-text fusion-text-3\"><h2>Am 9. November 2017 erscheint Corto Maltese \u2013 \u00c4quatoria, der zweite bislang unver\u00f6ffentlichte Band von\u00a0<span class=\"s1\"><a href=\"http:\/\/www.normaeditorial.com\/autor\/268\/1\/juan_diaz_canales\/\">Juan D\u00edaz Canales<\/a>, <a href=\"http:\/\/www.normaeditorial.com\/autor\/2509\/1\/ruben_pellejero\/\"><span class=\"s2\">Rub\u00e9n Pellejero<\/span><\/a><\/span><\/h2>\n<\/div><div class=\"fusion-sep-clear\"><\/div><div class=\"fusion-separator fusion-full-width-sep\" style=\"margin-left: auto;margin-right: auto;margin-bottom:40px;width:100%;\"><\/div><div class=\"fusion-sep-clear\"><\/div><div class=\"fusion-text fusion-text-4\"><p><span class=\"fusion-dropcap dropcap\">E<\/span>in falscher Brief, ein K\u00f6nig, den niemand\u00a0je gesehen hat, und ein magischer Spiegel: Drei Zutaten f\u00fcr ein unvergessliches\u00a0Abenteuer, welches das Schicksal\u00a0von Corto Maltese mit den Lebenslinien des\u00a0jungen Churchill, des Dichters Kavafis und einer Handvoll Frauen, die sich\u00a0nicht an die Regeln ihrer Epoche halten,\u00a0verkn\u00fcpft.<\/p>\n<p><em>Corto Maltese begleitet seine Freundin Aida Treat, die Reportagen f\u00fcr den National Geographic schreibt, nach Alexandria. In der turbulenten Stadt am Nil treffen Welten aufeinander, politisch g\u00e4rt es heftig. Das alte Europa macht sich \u00fcber die afrikanischen Paradiese her, und in der Provinz \u00c4quatoria herrscht ein gewisser Emin Pascha, geboren als Eduard Schnitzer in Oppeln. Aber Corto ist, wie immer, auf der Suche nach einem sagenhaften Schatz. Dieses Mal ist es der Magische Spiegel eines Priesterk\u00f6nigs, der um 1100 lebte\u2026<\/em><\/p>\n<p>Zum 50-j\u00e4hrigen\u00a0Jubil\u00e4um der Comic-Reihe sucht ihr Protagonist Corto Maltese die Stationen auf,\u00a0die das Leben seines Sch\u00f6pfers pr\u00e4gten:\u00a0vom Venedig der Mysterien bis zum\u00a0Herzen des kolonialen Afrika, eine beeindruckende Reise durch die Orte, die\u00a0Hugo Pratt f\u00fcr immer im Ged\u00e4chtnis behalten\u00a0sollte.<\/p>\n<\/div><div class=\"fusion-sep-clear\"><\/div><div class=\"fusion-separator fusion-full-width-sep\" style=\"margin-left: auto;margin-right: auto;margin-bottom:40px;width:100%;\"><\/div><div class=\"fusion-sep-clear\"><\/div><div class=\"fusion-clearfix\"><\/div><\/div><\/div><div class=\"fusion-layout-column fusion_builder_column fusion-builder-column-1 fusion_builder_column_1_1 1_1 fusion-one-full fusion-column-first fusion-column-last\" style=\"--awb-bg-size:cover;\"><div class=\"fusion-column-wrapper fusion-flex-column-wrapper-legacy\"><div class=\"fusion-slider-sc fusion-flexslider-loading flexslider flexslider-hover-type-zoomin\" data-slideshow_autoplay=\"1\" data-slideshow_smooth_height=\"0\" data-slideshow_speed=\"7000\" style=\"max-width:100%;height:100%;\"><ul class=\"slides\"><li class=\"image\"><span class=\"fusion-image-hover-element hover-type-zoomin\"><img decoding=\"async\" src=\"https:\/\/cortomaltese.com\/de\/wp-content\/uploads\/sites\/11\/14_Cover_Equatoria.jpg\" width=\"750\" height=\"1000\" class=\"wp-image-14422\" srcset=\"https:\/\/cortomaltese.com\/de\/wp-content\/uploads\/sites\/11\/14_Cover_Equatoria-200x267.jpg 200w, https:\/\/cortomaltese.com\/de\/wp-content\/uploads\/sites\/11\/14_Cover_Equatoria-400x533.jpg 400w, https:\/\/cortomaltese.com\/de\/wp-content\/uploads\/sites\/11\/14_Cover_Equatoria-600x800.jpg 600w, https:\/\/cortomaltese.com\/de\/wp-content\/uploads\/sites\/11\/14_Cover_Equatoria.jpg 750w\" sizes=\"(max-width: 800px) 100vw, 750px\" \/><\/span><\/li><li class=\"image\"><span class=\"fusion-image-hover-element hover-type-zoomin\"><img decoding=\"async\" src=\"https:\/\/cortomaltese.com\/de\/wp-content\/uploads\/sites\/11\/titel582.jpg\" width=\"750\" height=\"1001\" class=\"wp-image-14520\" srcset=\"https:\/\/cortomaltese.com\/de\/wp-content\/uploads\/sites\/11\/titel582-200x267.jpg 200w, https:\/\/cortomaltese.com\/de\/wp-content\/uploads\/sites\/11\/titel582-400x534.jpg 400w, https:\/\/cortomaltese.com\/de\/wp-content\/uploads\/sites\/11\/titel582-600x801.jpg 600w, https:\/\/cortomaltese.com\/de\/wp-content\/uploads\/sites\/11\/titel582.jpg 750w\" sizes=\"(max-width: 800px) 100vw, 750px\" \/><\/span><\/li><\/ul><\/div><div class=\"fusion-clearfix\"><\/div><\/div><\/div><div class=\"fusion-layout-column fusion_builder_column fusion-builder-column-2 fusion_builder_column_1_2 1_2 fusion-one-half fusion-column-first\" style=\"--awb-bg-size:cover;width:50%;width:calc(50% - ( ( 4% ) * 0.5 ) );margin-right: 4%;\"><div class=\"fusion-column-wrapper fusion-column-has-shadow fusion-flex-column-wrapper-legacy\"><div class=\"fusion-text fusion-text-5\"><p><strong>Regul\u00e4re Farbausgabe<\/strong><\/p>\n<p>Inhalt: 88 Seiten in Farbe<br \/>\nFormat: gebunden<br \/>\nSprache: Deutsch<br \/>\nISBN: 978-3-946337-44-7<br \/>\n\u20ac 24,80<\/p>\n<\/div><div class=\"fusion-clearfix\"><\/div><\/div><\/div><div class=\"fusion-layout-column fusion_builder_column fusion-builder-column-3 fusion_builder_column_1_2 1_2 fusion-one-half fusion-column-last\" style=\"--awb-bg-size:cover;width:50%;width:calc(50% - ( ( 4% ) * 0.5 ) );\"><div class=\"fusion-column-wrapper fusion-column-has-shadow fusion-flex-column-wrapper-legacy\"><div class=\"fusion-text fusion-text-6\"><p><strong>Klassik-Edition in Schwarz-wei\u00df<\/strong><\/p>\n<p>Inhalt: 88 Seiten in Schwarz und Wei\u00df<br \/>\nFormat: gebunden<br \/>\nSprache: Deutsch<br \/>\nISBN: 978-3-946337-44-7<br \/>\n\u20ac 24,80<\/p>\n<\/div><div class=\"fusion-clearfix\"><\/div><\/div><\/div><div class=\"fusion-layout-column fusion_builder_column fusion-builder-column-4 fusion_builder_column_1_1 1_1 fusion-one-full fusion-column-first fusion-column-last\" style=\"--awb-bg-size:cover;\"><div class=\"fusion-column-wrapper fusion-flex-column-wrapper-legacy\"><div class=\"fusion-text fusion-text-7\"><h2>Entdecken Sie die beiden anderen Titel der Autoren canales und Pellejero<\/h2>\n<\/div><div class=\"fusion-clearfix\"><\/div><\/div><\/div><div class=\"fusion-layout-column fusion_builder_column fusion-builder-column-5 fusion_builder_column_1_2 1_2 fusion-one-half fusion-column-first\" style=\"--awb-bg-size:cover;width:50%;width:calc(50% - ( ( 4% ) * 0.5 ) );margin-right: 4%;\"><div class=\"fusion-column-wrapper fusion-column-has-shadow fusion-flex-column-wrapper-legacy\"><div class=\"fusion-image-element in-legacy-container\" style=\"--awb-caption-title-font-family:var(--h2_typography-font-family);--awb-caption-title-font-weight:var(--h2_typography-font-weight);--awb-caption-title-font-style:var(--h2_typography-font-style);--awb-caption-title-size:var(--h2_typography-font-size);--awb-caption-title-transform:var(--h2_typography-text-transform);--awb-caption-title-line-height:var(--h2_typography-line-height);--awb-caption-title-letter-spacing:var(--h2_typography-letter-spacing);\"><span class=\" fusion-imageframe imageframe-none imageframe-1 hover-type-zoomin\"><a class=\"fusion-no-lightbox\" href=\"https:\/\/cortomaltese.com\/de\/corto-maltese-tarowean-tag-der-ueberraschungen\/\" target=\"_blank\" aria-label=\"15_Cover_Tag der \u00dcberraschungen\" rel=\"noopener noreferrer\"><img decoding=\"async\" width=\"750\" height=\"1001\" src=\"https:\/\/cortomaltese.com\/de\/wp-content\/uploads\/sites\/11\/15_Cover_Tag-der-\u00dcberraschungen.jpg\" alt class=\"img-responsive wp-image-14465\" srcset=\"https:\/\/cortomaltese.com\/de\/wp-content\/uploads\/sites\/11\/15_Cover_Tag-der-\u00dcberraschungen-200x267.jpg 200w, https:\/\/cortomaltese.com\/de\/wp-content\/uploads\/sites\/11\/15_Cover_Tag-der-\u00dcberraschungen-400x534.jpg 400w, https:\/\/cortomaltese.com\/de\/wp-content\/uploads\/sites\/11\/15_Cover_Tag-der-\u00dcberraschungen-600x801.jpg 600w, https:\/\/cortomaltese.com\/de\/wp-content\/uploads\/sites\/11\/15_Cover_Tag-der-\u00dcberraschungen.jpg 750w\" sizes=\"(max-width: 800px) 100vw, 600px\" \/><\/a><\/span><\/div><div class=\"fusion-clearfix\"><\/div><\/div><\/div><div class=\"fusion-layout-column fusion_builder_column fusion-builder-column-6 fusion_builder_column_1_2 1_2 fusion-one-half fusion-column-last\" style=\"--awb-bg-size:cover;width:50%;width:calc(50% - ( ( 4% ) * 0.5 ) );\"><div class=\"fusion-column-wrapper fusion-column-has-shadow fusion-flex-column-wrapper-legacy\"><div class=\"fusion-image-element in-legacy-container\" style=\"--awb-caption-title-font-family:var(--h2_typography-font-family);--awb-caption-title-font-weight:var(--h2_typography-font-weight);--awb-caption-title-font-style:var(--h2_typography-font-style);--awb-caption-title-size:var(--h2_typography-font-size);--awb-caption-title-transform:var(--h2_typography-text-transform);--awb-caption-title-line-height:var(--h2_typography-line-height);--awb-caption-title-letter-spacing:var(--h2_typography-letter-spacing);\"><span class=\" fusion-imageframe imageframe-none imageframe-2 hover-type-zoomin\"><img decoding=\"async\" width=\"750\" height=\"997\" title=\"13_Cover_Unter der Mitternachtssonne\" src=\"https:\/\/cortomaltese.com\/de\/wp-content\/uploads\/sites\/11\/13_Cover_Unter-der-Mitternachtssonne.jpg\" alt class=\"img-responsive wp-image-14421\" srcset=\"https:\/\/cortomaltese.com\/de\/wp-content\/uploads\/sites\/11\/13_Cover_Unter-der-Mitternachtssonne-200x266.jpg 200w, https:\/\/cortomaltese.com\/de\/wp-content\/uploads\/sites\/11\/13_Cover_Unter-der-Mitternachtssonne-400x532.jpg 400w, https:\/\/cortomaltese.com\/de\/wp-content\/uploads\/sites\/11\/13_Cover_Unter-der-Mitternachtssonne-600x798.jpg 600w, https:\/\/cortomaltese.com\/de\/wp-content\/uploads\/sites\/11\/13_Cover_Unter-der-Mitternachtssonne.jpg 750w\" sizes=\"(max-width: 800px) 100vw, 600px\" \/><\/span><\/div><div class=\"fusion-clearfix\"><\/div><\/div><\/div><\/div><\/div>\n","protected":false},"excerpt":{"rendered":"<p>Am 9. November 2017 erscheint Corto Maltese \u2013 \u00c4quatoria, der zweite bislang unver\u00f6ffentlichte Band von\u00a0Juan D\u00edaz Canales et Rub\u00e9n Pellejero<\/p>\n","protected":false},"author":1,"featured_media":14131,"comment_status":"closed","ping_status":"open","sticky":false,"template":"","format":"standard","meta":{"footnotes":""},"categories":[7],"tags":[],"class_list":["post-14128","post","type-post","status-publish","format-standard","has-post-thumbnail","hentry","category-neuheiten"],"yoast_head":"<!-- This site is optimized with the Yoast SEO plugin v26.5 - https:\/\/yoast.com\/wordpress\/plugins\/seo\/ -->\n<title>Corto Maltese - \u00c4quatoria - Cortomaltese deutsche<\/title>\n<meta name=\"description\" content=\"Am 9. November 2017 erscheint Corto Maltese \u2013 \u00c4quatoria, der zweite bislang unver\u00f6ffentlichte Band von\u00a0Juan D\u00edaz Canales et Rub\u00e9n Pellejero\" \/>\n<meta name=\"robots\" content=\"index, follow, max-snippet:-1, max-image-preview:large, max-video-preview:-1\" \/>\n<link rel=\"canonical\" href=\"https:\/\/cortomaltese.com\/de\/corto-maltese-aquatoria\/\" \/>\n<meta property=\"og:locale\" content=\"de_DE\" \/>\n<meta property=\"og:type\" content=\"article\" \/>\n<meta property=\"og:title\" content=\"Corto Maltese - \u00c4quatoria - Cortomaltese deutsche\" \/>\n<meta property=\"og:description\" content=\"Am 9. November 2017 erscheint Corto Maltese \u2013 \u00c4quatoria, der zweite bislang unver\u00f6ffentlichte Band von\u00a0Juan D\u00edaz Canales et Rub\u00e9n Pellejero\" \/>\n<meta property=\"og:url\" content=\"https:\/\/cortomaltese.com\/de\/corto-maltese-aquatoria\/\" \/>\n<meta property=\"og:site_name\" content=\"Cortomaltese deutsche\" \/>\n<meta property=\"article:published_time\" content=\"2017-09-22T12:33:34+00:00\" \/>\n<meta property=\"article:modified_time\" content=\"2020-01-10T13:02:10+00:00\" \/>\n<meta property=\"og:image\" content=\"https:\/\/cortomaltese.com\/de\/wp-content\/uploads\/sites\/11\/Corto-Maltese-Equatoria-2017-IT.jpg\" \/>\n\t<meta property=\"og:image:width\" content=\"889\" \/>\n\t<meta property=\"og:image:height\" content=\"1200\" \/>\n\t<meta property=\"og:image:type\" content=\"image\/jpeg\" \/>\n<meta name=\"author\" content=\"Corto Maltese\" \/>\n<meta name=\"twitter:card\" content=\"summary_large_image\" \/>\n<meta name=\"twitter:label1\" content=\"Verfasst von\" \/>\n\t<meta name=\"twitter:data1\" content=\"Corto Maltese\" \/>\n\t<meta name=\"twitter:label2\" content=\"Gesch\u00e4tzte Lesezeit\" \/>\n\t<meta name=\"twitter:data2\" content=\"7 Minuten\" \/>\n<script type=\"application\/ld+json\" class=\"yoast-schema-graph\">{\"@context\":\"https:\/\/schema.org\",\"@graph\":[{\"@type\":\"WebPage\",\"@id\":\"https:\/\/cortomaltese.com\/de\/corto-maltese-aquatoria\/\",\"url\":\"https:\/\/cortomaltese.com\/de\/corto-maltese-aquatoria\/\",\"name\":\"Corto Maltese - \u00c4quatoria - Cortomaltese deutsche\",\"isPartOf\":{\"@id\":\"https:\/\/cortomaltese.com\/de\/#website\"},\"primaryImageOfPage\":{\"@id\":\"https:\/\/cortomaltese.com\/de\/corto-maltese-aquatoria\/#primaryimage\"},\"image\":{\"@id\":\"https:\/\/cortomaltese.com\/de\/corto-maltese-aquatoria\/#primaryimage\"},\"thumbnailUrl\":\"https:\/\/cortomaltese.com\/de\/wp-content\/uploads\/sites\/11\/Corto-Maltese-Equatoria-2017-IT.jpg\",\"datePublished\":\"2017-09-22T12:33:34+00:00\",\"dateModified\":\"2020-01-10T13:02:10+00:00\",\"author\":{\"@id\":\"https:\/\/cortomaltese.com\/de\/#\/schema\/person\/5204dd292c3d1105df4b66cc0749217e\"},\"description\":\"Am 9. November 2017 erscheint Corto Maltese \u2013 \u00c4quatoria, der zweite bislang unver\u00f6ffentlichte Band von\u00a0Juan D\u00edaz Canales et Rub\u00e9n Pellejero\",\"breadcrumb\":{\"@id\":\"https:\/\/cortomaltese.com\/de\/corto-maltese-aquatoria\/#breadcrumb\"},\"inLanguage\":\"de-CH\",\"potentialAction\":[{\"@type\":\"ReadAction\",\"target\":[\"https:\/\/cortomaltese.com\/de\/corto-maltese-aquatoria\/\"]}]},{\"@type\":\"ImageObject\",\"inLanguage\":\"de-CH\",\"@id\":\"https:\/\/cortomaltese.com\/de\/corto-maltese-aquatoria\/#primaryimage\",\"url\":\"https:\/\/cortomaltese.com\/de\/wp-content\/uploads\/sites\/11\/Corto-Maltese-Equatoria-2017-IT.jpg\",\"contentUrl\":\"https:\/\/cortomaltese.com\/de\/wp-content\/uploads\/sites\/11\/Corto-Maltese-Equatoria-2017-IT.jpg\",\"width\":889,\"height\":1200,\"caption\":\"Corto Maltese - \u00c4quatoria 2017\"},{\"@type\":\"BreadcrumbList\",\"@id\":\"https:\/\/cortomaltese.com\/de\/corto-maltese-aquatoria\/#breadcrumb\",\"itemListElement\":[{\"@type\":\"ListItem\",\"position\":1,\"name\":\"Startseite\",\"item\":\"https:\/\/cortomaltese.com\/de\/\"},{\"@type\":\"ListItem\",\"position\":2,\"name\":\"Corto Maltese &#8211; \u00c4quatoria\"}]},{\"@type\":\"WebSite\",\"@id\":\"https:\/\/cortomaltese.com\/de\/#website\",\"url\":\"https:\/\/cortomaltese.com\/de\/\",\"name\":\"Cortomaltese deutsche\",\"description\":\"Il sito ufficiale\",\"potentialAction\":[{\"@type\":\"SearchAction\",\"target\":{\"@type\":\"EntryPoint\",\"urlTemplate\":\"https:\/\/cortomaltese.com\/de\/?s={search_term_string}\"},\"query-input\":{\"@type\":\"PropertyValueSpecification\",\"valueRequired\":true,\"valueName\":\"search_term_string\"}}],\"inLanguage\":\"de-CH\"},{\"@type\":\"Person\",\"@id\":\"https:\/\/cortomaltese.com\/de\/#\/schema\/person\/5204dd292c3d1105df4b66cc0749217e\",\"name\":\"Corto Maltese\",\"image\":{\"@type\":\"ImageObject\",\"inLanguage\":\"de-CH\",\"@id\":\"https:\/\/cortomaltese.com\/de\/#\/schema\/person\/image\/\",\"url\":\"https:\/\/secure.gravatar.com\/avatar\/2ad4be5824b38545bbca3ce52ffd9add?s=96&d=mm&r=g\",\"contentUrl\":\"https:\/\/secure.gravatar.com\/avatar\/2ad4be5824b38545bbca3ce52ffd9add?s=96&d=mm&r=g\",\"caption\":\"Corto Maltese\"},\"url\":\"https:\/\/cortomaltese.com\/de\/author\/cortomaltese\/\"}]}<\/script>\n<!-- \/ Yoast SEO plugin. -->","yoast_head_json":{"title":"Corto Maltese - \u00c4quatoria - Cortomaltese deutsche","description":"Am 9. November 2017 erscheint Corto Maltese \u2013 \u00c4quatoria, der zweite bislang unver\u00f6ffentlichte Band von\u00a0Juan D\u00edaz Canales et Rub\u00e9n Pellejero","robots":{"index":"index","follow":"follow","max-snippet":"max-snippet:-1","max-image-preview":"max-image-preview:large","max-video-preview":"max-video-preview:-1"},"canonical":"https:\/\/cortomaltese.com\/de\/corto-maltese-aquatoria\/","og_locale":"de_DE","og_type":"article","og_title":"Corto Maltese - \u00c4quatoria - Cortomaltese deutsche","og_description":"Am 9. November 2017 erscheint Corto Maltese \u2013 \u00c4quatoria, der zweite bislang unver\u00f6ffentlichte Band von\u00a0Juan D\u00edaz Canales et Rub\u00e9n Pellejero","og_url":"https:\/\/cortomaltese.com\/de\/corto-maltese-aquatoria\/","og_site_name":"Cortomaltese deutsche","article_published_time":"2017-09-22T12:33:34+00:00","article_modified_time":"2020-01-10T13:02:10+00:00","og_image":[{"width":889,"height":1200,"url":"https:\/\/cortomaltese.com\/de\/wp-content\/uploads\/sites\/11\/Corto-Maltese-Equatoria-2017-IT.jpg","type":"image\/jpeg"}],"author":"Corto Maltese","twitter_card":"summary_large_image","twitter_misc":{"Verfasst von":"Corto Maltese","Gesch\u00e4tzte Lesezeit":"7 Minuten"},"schema":{"@context":"https:\/\/schema.org","@graph":[{"@type":"WebPage","@id":"https:\/\/cortomaltese.com\/de\/corto-maltese-aquatoria\/","url":"https:\/\/cortomaltese.com\/de\/corto-maltese-aquatoria\/","name":"Corto Maltese - \u00c4quatoria - Cortomaltese deutsche","isPartOf":{"@id":"https:\/\/cortomaltese.com\/de\/#website"},"primaryImageOfPage":{"@id":"https:\/\/cortomaltese.com\/de\/corto-maltese-aquatoria\/#primaryimage"},"image":{"@id":"https:\/\/cortomaltese.com\/de\/corto-maltese-aquatoria\/#primaryimage"},"thumbnailUrl":"https:\/\/cortomaltese.com\/de\/wp-content\/uploads\/sites\/11\/Corto-Maltese-Equatoria-2017-IT.jpg","datePublished":"2017-09-22T12:33:34+00:00","dateModified":"2020-01-10T13:02:10+00:00","author":{"@id":"https:\/\/cortomaltese.com\/de\/#\/schema\/person\/5204dd292c3d1105df4b66cc0749217e"},"description":"Am 9. November 2017 erscheint Corto Maltese \u2013 \u00c4quatoria, der zweite bislang unver\u00f6ffentlichte Band von\u00a0Juan D\u00edaz Canales et Rub\u00e9n Pellejero","breadcrumb":{"@id":"https:\/\/cortomaltese.com\/de\/corto-maltese-aquatoria\/#breadcrumb"},"inLanguage":"de-CH","potentialAction":[{"@type":"ReadAction","target":["https:\/\/cortomaltese.com\/de\/corto-maltese-aquatoria\/"]}]},{"@type":"ImageObject","inLanguage":"de-CH","@id":"https:\/\/cortomaltese.com\/de\/corto-maltese-aquatoria\/#primaryimage","url":"https:\/\/cortomaltese.com\/de\/wp-content\/uploads\/sites\/11\/Corto-Maltese-Equatoria-2017-IT.jpg","contentUrl":"https:\/\/cortomaltese.com\/de\/wp-content\/uploads\/sites\/11\/Corto-Maltese-Equatoria-2017-IT.jpg","width":889,"height":1200,"caption":"Corto Maltese - \u00c4quatoria 2017"},{"@type":"BreadcrumbList","@id":"https:\/\/cortomaltese.com\/de\/corto-maltese-aquatoria\/#breadcrumb","itemListElement":[{"@type":"ListItem","position":1,"name":"Startseite","item":"https:\/\/cortomaltese.com\/de\/"},{"@type":"ListItem","position":2,"name":"Corto Maltese &#8211; \u00c4quatoria"}]},{"@type":"WebSite","@id":"https:\/\/cortomaltese.com\/de\/#website","url":"https:\/\/cortomaltese.com\/de\/","name":"Cortomaltese deutsche","description":"Il sito ufficiale","potentialAction":[{"@type":"SearchAction","target":{"@type":"EntryPoint","urlTemplate":"https:\/\/cortomaltese.com\/de\/?s={search_term_string}"},"query-input":{"@type":"PropertyValueSpecification","valueRequired":true,"valueName":"search_term_string"}}],"inLanguage":"de-CH"},{"@type":"Person","@id":"https:\/\/cortomaltese.com\/de\/#\/schema\/person\/5204dd292c3d1105df4b66cc0749217e","name":"Corto Maltese","image":{"@type":"ImageObject","inLanguage":"de-CH","@id":"https:\/\/cortomaltese.com\/de\/#\/schema\/person\/image\/","url":"https:\/\/secure.gravatar.com\/avatar\/2ad4be5824b38545bbca3ce52ffd9add?s=96&d=mm&r=g","contentUrl":"https:\/\/secure.gravatar.com\/avatar\/2ad4be5824b38545bbca3ce52ffd9add?s=96&d=mm&r=g","caption":"Corto Maltese"},"url":"https:\/\/cortomaltese.com\/de\/author\/cortomaltese\/"}]}},"_links":{"self":[{"href":"https:\/\/cortomaltese.com\/de\/wp-json\/wp\/v2\/posts\/14128","targetHints":{"allow":["GET"]}}],"collection":[{"href":"https:\/\/cortomaltese.com\/de\/wp-json\/wp\/v2\/posts"}],"about":[{"href":"https:\/\/cortomaltese.com\/de\/wp-json\/wp\/v2\/types\/post"}],"author":[{"embeddable":true,"href":"https:\/\/cortomaltese.com\/de\/wp-json\/wp\/v2\/users\/1"}],"replies":[{"embeddable":true,"href":"https:\/\/cortomaltese.com\/de\/wp-json\/wp\/v2\/comments?post=14128"}],"version-history":[{"count":0,"href":"https:\/\/cortomaltese.com\/de\/wp-json\/wp\/v2\/posts\/14128\/revisions"}],"wp:featuredmedia":[{"embeddable":true,"href":"https:\/\/cortomaltese.com\/de\/wp-json\/wp\/v2\/media\/14131"}],"wp:attachment":[{"href":"https:\/\/cortomaltese.com\/de\/wp-json\/wp\/v2\/media?parent=14128"}],"wp:term":[{"taxonomy":"category","embeddable":true,"href":"https:\/\/cortomaltese.com\/de\/wp-json\/wp\/v2\/categories?post=14128"},{"taxonomy":"post_tag","embeddable":true,"href":"https:\/\/cortomaltese.com\/de\/wp-json\/wp\/v2\/tags?post=14128"}],"curies":[{"name":"wp","href":"https:\/\/api.w.org\/{rel}","templated":true}]}}